{"id":71801,"date":"2026-01-14T08:44:02","date_gmt":"2026-01-14T11:44:02","guid":{"rendered":"https:\/\/maxradio923.com.ar\/index.php\/2026\/01\/14\/el-ano-2025-fue-el-tercero-mas-calido-desde-que-existen-registros-solo-superado-por-2024-y-2023\/"},"modified":"2026-01-14T08:44:02","modified_gmt":"2026-01-14T11:44:02","slug":"el-ano-2025-fue-el-tercero-mas-calido-desde-que-existen-registros-solo-superado-por-2024-y-2023","status":"publish","type":"post","link":"https:\/\/maxradio923.com.ar\/index.php\/2026\/01\/14\/el-ano-2025-fue-el-tercero-mas-calido-desde-que-existen-registros-solo-superado-por-2024-y-2023\/","title":{"rendered":"El a\u00f1o 2025 fue el tercero m\u00e1s c\u00e1lido desde que existen registros, solo superado por 2024 y 2023"},"content":{"rendered":"<p><\/p>\n<h2 class=\"article-subheadline text_align_left\">Por primera vez, la temperatura media global super\u00f3 el l\u00edmite de 1,5\u00b0C respecto a la era preindustrial durante tres a\u00f1os, seg\u00fan el Servicio de Cambio Clim\u00e1tico de Copernicus<\/h2>\n<p><\/p>\n<p class=\"paragraph\">El <b>a\u00f1o 2025<\/b> consolid\u00f3 una tendencia alarmante: el planeta vivi\u00f3 su <b>tercer a\u00f1o <\/b><b>m\u00e1s c\u00e1lido<\/b> desde que existen registros. <\/p>\n<p><\/p>\n<p class=\"paragraph\">La <b>temperatura media mundial<\/b> alcanz\u00f3 los <b>14,97\u00b0C<\/b>, ubic\u00e1ndose <b>1,47\u00b0C por encima del promedio de 1850-1900<\/b> conforme a Copernicus, mientras que <b>Berkeley Earth<\/b> calcul\u00f3 un aumento de <b>1,44\u00b0C<\/b>, una organizaci\u00f3n de investigaci\u00f3n sin fines de lucro con sede en California.<\/p>\n<p><\/p>\n<p class=\"paragraph\">La Ant\u00e1rtida experiment\u00f3 su a\u00f1o m\u00e1s c\u00e1lido registrado mientras que fue el segundo m\u00e1s c\u00e1lido en el \u00c1rtico, dijo Copernicus.<\/p>\n<p><\/p>\n<p class=\"paragraph\">Los pron\u00f3sticos indican que la <b>trayectoria de calentamiento<\/b> continuar\u00e1 y prev\u00e9n que <b>2026<\/b> pueda situarse entre los a\u00f1os m\u00e1s c\u00e1lidos, especialmente si se consolida un nuevo episodio de <b>El Ni\u00f1o<\/b>. <\/p>\n<p><\/p>\n<p class=\"paragraph\"><b>El a\u00f1o m\u00e1s c\u00e1lido registrado fue 2024, seguido por 2023;<\/b> y ahora junto con 2025 los tres juntos conforman <b>el trienio de m\u00e1ximo calor hist\u00f3rico<\/b>, inform\u00f3 el diario brit\u00e1nico <i>The Guardian<\/i>.<\/p>\n<p><\/p>\n<p class=\"paragraph\">No se trata de anomal\u00edas aisladas. Durante los \u00faltimos <b>11 a\u00f1os<\/b>, se han registrado los valores m\u00e1s altos de temperatura global, y, por primera vez, <b>el planeta mantuvo un promedio superior a 1,5\u00b0C sobre la era preindustrial durante un periodo trienal consecutivo<\/b>. <\/p>\n","protected":false},"excerpt":{"rendered":"<p>Por primera vez, la temperatura media global super\u00f3 el l\u00edmite de 1,5\u00b0C respecto a la era preindustrial durante tres a\u00f1os, seg\u00fan el Servicio de Cambio Clim\u00e1tico de Copernicus El a\u00f1o 2025 consolid\u00f3 una tendencia alarmante: el planeta vivi\u00f3 su tercer a\u00f1o m\u00e1s c\u00e1lido desde que existen registros. La temperatura media mundial alcanz\u00f3 los 14,97\u00b0C, ubic\u00e1ndose [&hellip;]<\/p>\n","protected":false},"author":2,"featured_media":71802,"comment_status":"","ping_status":"","sticky":false,"template":"","format":"standard","meta":{"footnotes":""},"categories":[12],"tags":[],"_links":{"self":[{"href":"https:\/\/maxradio923.com.ar\/index.php\/wp-json\/wp\/v2\/posts\/71801"}],"collection":[{"href":"https:\/\/maxradio923.com.ar\/index.php\/wp-json\/wp\/v2\/posts"}],"about":[{"href":"https:\/\/maxradio923.com.ar\/index.php\/wp-json\/wp\/v2\/types\/post"}],"author":[{"embeddable":true,"href":"https:\/\/maxradio923.com.ar\/index.php\/wp-json\/wp\/v2\/users\/2"}],"replies":[{"embeddable":true,"href":"https:\/\/maxradio923.com.ar\/index.php\/wp-json\/wp\/v2\/comments?post=71801"}],"version-history":[{"count":0,"href":"https:\/\/maxradio923.com.ar\/index.php\/wp-json\/wp\/v2\/posts\/71801\/revisions"}],"wp:featuredmedia":[{"embeddable":true,"href":"https:\/\/maxradio923.com.ar\/index.php\/wp-json\/wp\/v2\/media\/71802"}],"wp:attachment":[{"href":"https:\/\/maxradio923.com.ar\/index.php\/wp-json\/wp\/v2\/media?parent=71801"}],"wp:term":[{"taxonomy":"category","embeddable":true,"href":"https:\/\/maxradio923.com.ar\/index.php\/wp-json\/wp\/v2\/categories?post=71801"},{"taxonomy":"post_tag","embeddable":true,"href":"https:\/\/maxradio923.com.ar\/index.php\/wp-json\/wp\/v2\/tags?post=71801"}],"curies":[{"name":"wp","href":"https:\/\/api.w.org\/{rel}","templated":true}]}}