{"id":71797,"date":"2026-01-14T08:30:03","date_gmt":"2026-01-14T11:30:03","guid":{"rendered":"https:\/\/maxradio923.com.ar\/index.php\/2026\/01\/14\/informe-global-de-riesgos-la-guerra-economica-y-los-conflictos-estatales-desplazan-al-clima-como-mayor-amenaza-para-2026\/"},"modified":"2026-01-14T08:30:03","modified_gmt":"2026-01-14T11:30:03","slug":"informe-global-de-riesgos-la-guerra-economica-y-los-conflictos-estatales-desplazan-al-clima-como-mayor-amenaza-para-2026","status":"publish","type":"post","link":"https:\/\/maxradio923.com.ar\/index.php\/2026\/01\/14\/informe-global-de-riesgos-la-guerra-economica-y-los-conflictos-estatales-desplazan-al-clima-como-mayor-amenaza-para-2026\/","title":{"rendered":"Informe Global de Riesgos: la guerra econ\u00f3mica y los conflictos estatales desplazan al clima como mayor amenaza para 2026"},"content":{"rendered":"<p><\/p>\n<div xmlns:default=\"http:\/\/www.w3.org\/2000\/svg\">\n<div class=\"visual__image image-initial-width\"><picture><source srcset=\"https:\/\/www.infobae.com\/resizer\/v2\/G7WOSY22NBHKBKLTDUNWAWAWVU.JPG?auth=730c837c34c77c693f66a064e24ecce1a03ad071117b892426ea7c84833eab75&amp;smart=true&amp;width=992&amp;height=649&amp;quality=85\" media=\"(min-width: 1000px)\"\/><source srcset=\"https:\/\/www.infobae.com\/resizer\/v2\/G7WOSY22NBHKBKLTDUNWAWAWVU.JPG?auth=730c837c34c77c693f66a064e24ecce1a03ad071117b892426ea7c84833eab75&amp;smart=true&amp;width=768&amp;height=503&amp;quality=85\" media=\"(min-width: 768px)\"\/><source srcset=\"https:\/\/www.infobae.com\/resizer\/v2\/G7WOSY22NBHKBKLTDUNWAWAWVU.JPG?auth=730c837c34c77c693f66a064e24ecce1a03ad071117b892426ea7c84833eab75&amp;smart=true&amp;width=577&amp;height=378&amp;quality=85\" media=\"(min-width: 580px)\"\/><source srcset=\"https:\/\/www.infobae.com\/resizer\/v2\/G7WOSY22NBHKBKLTDUNWAWAWVU.JPG?auth=730c837c34c77c693f66a064e24ecce1a03ad071117b892426ea7c84833eab75&amp;smart=true&amp;width=420&amp;height=275&amp;quality=85\" media=\"(min-width: 350px)\"\/><source srcset=\"https:\/\/www.infobae.com\/resizer\/v2\/G7WOSY22NBHKBKLTDUNWAWAWVU.JPG?auth=730c837c34c77c693f66a064e24ecce1a03ad071117b892426ea7c84833eab75&amp;smart=true&amp;width=350&amp;height=229&amp;quality=85\" media=\"(min-width: 80px)\"\/><img alt=\"Apenas un 10% de los\" class=\"global-image\" decoding=\"async\" fetchpriority=\"high\" height=\"3396\" loading=\"eager\" src=\"https:\/\/www.infobae.com\/resizer\/v2\/G7WOSY22NBHKBKLTDUNWAWAWVU.JPG?auth=730c837c34c77c693f66a064e24ecce1a03ad071117b892426ea7c84833eab75&amp;smart=true&amp;width=350&amp;height=229&amp;quality=85\" width=\"5188\"\/><\/picture><figcaption class=\"article-figcaption-img\">Apenas un 10% de los encuestados espera un futuro \u201cestable\u201d o en calma&#8221; tanto en el medio plazo (dos a\u00f1os) como a largo plazo. REUTERS\/Phil Noble<\/figcaption><\/div>\n<p class=\"paragraph\"><b>La confrontaci\u00f3n geoecon\u00f3mica y los conflictos entre Estados son las dos principales amenazas para el a\u00f1o 2026<\/b>, mientras que la preocupaci\u00f3n por el cambio clim\u00e1tico se reduce, seg\u00fan indica el Informe Global de Riesgos que publica el<b> Foro Econ\u00f3mico Mundial<\/b> (WEF) a pocos d\u00edas de la gran cita de l\u00edderes econ\u00f3micos y pol\u00edticos que organiza en Davos (Suiza).<\/p>\n<p class=\"paragraph\">El informe, elaborado con an\u00e1lisis de 1.300 l\u00edderes globales y expertos de los sectores pol\u00edtico, empresarial, acad\u00e9mico y de la sociedad civil, tambi\u00e9n muestra pesimismo a m\u00e1s largo plazo, ya que un <b>50% de los sondeados temen un mundo turbulento o \u201ctormentoso\u201d de aqu\u00ed a 2028 y el porcentaje se eleva al 57% a 10 a\u00f1os vista.<\/b><\/p>\n<p class=\"paragraph\"><b>Apenas un 10% de los encuestados espera un futuro \u201cestable\u201d o en calma&#8221; tanto en el medio plazo (dos a\u00f1os) como a largo plazo<\/b>, entre 2026 y 2036, seg\u00fan el informe presentado cinco d\u00edas antes de que comience la 56\u00aa edici\u00f3n del Foro de Davos en el coraz\u00f3n de los Alpes suizos.<\/p>\n<p class=\"paragraph\">Un <b>18%<\/b> de los encuestados considera que la <b>confrontaci\u00f3n econ\u00f3mica<\/b> es el <b>principal riesgo <\/b>que el mundo corre en el a\u00f1o que comienza, lo que la convierte en la principal preocupaci\u00f3n, cuando hace 12 meses era la tercera.<\/p>\n<p class=\"paragraph\">En <b>segundo lugar<\/b>, uno por debajo de 2025, se encuentra el <b>miedo al conflicto armado entre Estados<\/b>, que en 2026 comparten un <b>14%<\/b> de los l\u00edderes sondeados, mientras que el<b> temor a los eventos meteorol\u00f3gicos catastr\u00f3ficos<\/b> baja y es la respuesta de s\u00f3lo un <b>8%<\/b> de los encuestados, seis d\u00e9cimas menos que hace un a\u00f1o, pasando de la segunda a la <b>tercera posici\u00f3n<\/b>.<\/p>\n<div class=\"visual__image\"><picture><source srcset=\"https:\/\/www.infobae.com\/resizer\/v2\/U5JC4DAQFRFLDAIT2ZECYAC5NY.jpg?auth=08d93a145751da514411ca99ea449d52dceb6d1aaedab08be31814fe5adaa51e&amp;smart=true&amp;width=992&amp;height=661&amp;quality=85\" media=\"(min-width: 1000px)\"\/><source srcset=\"https:\/\/www.infobae.com\/resizer\/v2\/U5JC4DAQFRFLDAIT2ZECYAC5NY.jpg?auth=08d93a145751da514411ca99ea449d52dceb6d1aaedab08be31814fe5adaa51e&amp;smart=true&amp;width=768&amp;height=512&amp;quality=85\" media=\"(min-width: 768px)\"\/><source srcset=\"https:\/\/www.infobae.com\/resizer\/v2\/U5JC4DAQFRFLDAIT2ZECYAC5NY.jpg?auth=08d93a145751da514411ca99ea449d52dceb6d1aaedab08be31814fe5adaa51e&amp;smart=true&amp;width=577&amp;height=385&amp;quality=85\" media=\"(min-width: 580px)\"\/><source srcset=\"https:\/\/www.infobae.com\/resizer\/v2\/U5JC4DAQFRFLDAIT2ZECYAC5NY.jpg?auth=08d93a145751da514411ca99ea449d52dceb6d1aaedab08be31814fe5adaa51e&amp;smart=true&amp;width=420&amp;height=280&amp;quality=85\" media=\"(min-width: 350px)\"\/><source srcset=\"https:\/\/www.infobae.com\/resizer\/v2\/U5JC4DAQFRFLDAIT2ZECYAC5NY.jpg?auth=08d93a145751da514411ca99ea449d52dceb6d1aaedab08be31814fe5adaa51e&amp;smart=true&amp;width=350&amp;height=233&amp;quality=85\" media=\"(min-width: 80px)\"\/><img alt=\"14% de los l\u00edderes sondeados,\" class=\"global-image\" decoding=\"async\" fetchpriority=\"low\" height=\"2773\" loading=\"lazy\" src=\"https:\/\/www.infobae.com\/resizer\/v2\/U5JC4DAQFRFLDAIT2ZECYAC5NY.jpg?auth=08d93a145751da514411ca99ea449d52dceb6d1aaedab08be31814fe5adaa51e&amp;smart=true&amp;width=350&amp;height=233&amp;quality=85\" width=\"4160\"\/><\/picture><figcaption class=\"article-figcaption-img\">14% de los l\u00edderes sondeados, mientras que el temor a los eventos meteorol\u00f3gicos catastr\u00f3ficos. EFE\/ Provincia de Chubut<br \/>\n<\/figcaption><\/div>\n<p class=\"paragraph\">\u201cUn nuevo orden competitivo se est\u00e1 configurando mientras las grandes potencias buscan asegurar sus esferas de inter\u00e9s\u201d, analiz\u00f3 al presentarse el informe el presidente y director ejecutivo del Foro Econ\u00f3mico Mundial, B\u00f8rge Brende.<\/p>\n<p class=\"paragraph\">\u201cEste panorama cambiante, donde la cooperaci\u00f3n se ve notablemente diferente a como se ve\u00eda antes, refleja una realidad pragm\u00e1tica: los enfoques colaborativos y el esp\u00edritu de di\u00e1logo siguen siendo esenciales\u201d, asegur\u00f3, a\u00f1adiendo que la reuni\u00f3n anual de Davos ser\u00e1 vital para construir los \u201cpuentes necesarios\u201d en este contexto.<\/p>\n<p class=\"paragraph\">En <b>cuarto y quinto lugar <\/b>se encuentran el <b>miedo a la polarizaci\u00f3n social y a la desinformaci\u00f3n<\/b>, que para un <b>7%<\/b> de los sondeados son el principal riesgo para 2026.<\/p>\n<p class=\"paragraph\">A medio plazo, de cara a 2028, el temor a la confrontaci\u00f3n econ\u00f3mica ha pasado a ser la principal preocupaci\u00f3n, cuando hace un a\u00f1o ocupaba la novena posici\u00f3n, mientras que el miedo a los efectos de la desinformaci\u00f3n ha pasado del primer lugar del informe de 2025 al segundo.<\/p>\n<p class=\"paragraph\">A diez a\u00f1os vista, las inquietudes por los efectos del calentamiento global se mantienen no obstante como las principales de los sondeados: el miedo a los fen\u00f3menos clim\u00e1ticos extremos, la p\u00e9rdida de biodiversidad o cambios cr\u00edticos en la naturaleza del planeta repiten como en 2025 en el primero, segundo y tercer lugar, respectivamente, de las inquietudes de aqu\u00ed a 2036.<\/p>\n<div class=\"visual__image\"><picture><source srcset=\"https:\/\/www.infobae.com\/resizer\/v2\/ST6KVONU6VAY7NBQMFKH2IHSJU.jpg?auth=039f21a79fd72f3e8d58399acaaf1d74fd5d9b2db293980d6c4dacdd5c093d4f&amp;smart=true&amp;width=992&amp;height=711&amp;quality=85\" media=\"(min-width: 1000px)\"\/><source srcset=\"https:\/\/www.infobae.com\/resizer\/v2\/ST6KVONU6VAY7NBQMFKH2IHSJU.jpg?auth=039f21a79fd72f3e8d58399acaaf1d74fd5d9b2db293980d6c4dacdd5c093d4f&amp;smart=true&amp;width=768&amp;height=551&amp;quality=85\" media=\"(min-width: 768px)\"\/><source srcset=\"https:\/\/www.infobae.com\/resizer\/v2\/ST6KVONU6VAY7NBQMFKH2IHSJU.jpg?auth=039f21a79fd72f3e8d58399acaaf1d74fd5d9b2db293980d6c4dacdd5c093d4f&amp;smart=true&amp;width=577&amp;height=414&amp;quality=85\" media=\"(min-width: 580px)\"\/><source srcset=\"https:\/\/www.infobae.com\/resizer\/v2\/ST6KVONU6VAY7NBQMFKH2IHSJU.jpg?auth=039f21a79fd72f3e8d58399acaaf1d74fd5d9b2db293980d6c4dacdd5c093d4f&amp;smart=true&amp;width=420&amp;height=301&amp;quality=85\" media=\"(min-width: 350px)\"\/><source srcset=\"https:\/\/www.infobae.com\/resizer\/v2\/ST6KVONU6VAY7NBQMFKH2IHSJU.jpg?auth=039f21a79fd72f3e8d58399acaaf1d74fd5d9b2db293980d6c4dacdd5c093d4f&amp;smart=true&amp;width=350&amp;height=251&amp;quality=85\" media=\"(min-width: 80px)\"\/><img alt=\"Un 50% de los sondeados\" class=\"global-image\" decoding=\"async\" fetchpriority=\"low\" height=\"2937\" loading=\"lazy\" src=\"https:\/\/www.infobae.com\/resizer\/v2\/ST6KVONU6VAY7NBQMFKH2IHSJU.jpg?auth=039f21a79fd72f3e8d58399acaaf1d74fd5d9b2db293980d6c4dacdd5c093d4f&amp;smart=true&amp;width=350&amp;height=251&amp;quality=85\" width=\"4096\"\/><\/picture><figcaption class=\"article-figcaption-img\">Un 50% de los sondeados temen un mundo turbulento o \u201ctormentoso\u201d de aqu\u00ed a 2028 y el porcentaje se eleva al 57% a 10 a\u00f1os vista. EFE\/Kimimasa Mayama<br \/>\n<\/figcaption><\/div>\n<p class=\"paragraph\">El informe alerta por otro lado de que en un <b>mundo de creciente competici\u00f3n y conflictos prolongados<\/b>, la confrontaci\u00f3n amenaza las cadenas globales de suministro y la estabilidad econ\u00f3mica.<\/p>\n<p class=\"paragraph\">En materia geopol\u00edtica, advierte el WEF,<b> un 68% de los encuestados vaticinan un mundo \u201cmultipolar o fragmentado\u201d en la pr\u00f3xima d\u00e9cada, cuatro puntos m\u00e1s que hace un a\u00f1o<\/b>. <\/p>\n<p class=\"paragraph\"><i>(con informaci\u00f3n de EFE)<\/i><\/p>\n<\/div>\n<p><script defer=\"\">try{!function(f,b,e,v,n,t,s) {if(f.fbq)return;n=f.fbq=function(){n.callMethod? n.callMethod.apply(n,arguments):n.queue.push(arguments)}; if(!f._fbq)f._fbq=n;n.push=n;n.loaded=!0;n.version='2.0'; n.queue=[];t=b.createElement(e);t.async=!0; t.src=v;s=b.getElementsByTagName(e)[0]; s.parentNode.insertBefore(t,s)}(window, document,'script', ' fbq('init', '336383993555320'); fbq('track', 'PageView'); fbq('track', 'ViewContent');}catch(error){console.log(\"Error al inicializar facebookPixelRawCodeScript:\",error);}<\/script><\/p>\n","protected":false},"excerpt":{"rendered":"<p>Apenas un 10% de los encuestados espera un futuro \u201cestable\u201d o en calma&#8221; tanto en el medio plazo (dos a\u00f1os) como a largo plazo. REUTERS\/Phil Noble La confrontaci\u00f3n geoecon\u00f3mica y los conflictos entre Estados son las dos principales amenazas para el a\u00f1o 2026, mientras que la preocupaci\u00f3n por el cambio clim\u00e1tico se reduce, seg\u00fan indica [&hellip;]<\/p>\n","protected":false},"author":2,"featured_media":71798,"comment_status":"","ping_status":"","sticky":false,"template":"","format":"standard","meta":{"footnotes":""},"categories":[3],"tags":[],"_links":{"self":[{"href":"https:\/\/maxradio923.com.ar\/index.php\/wp-json\/wp\/v2\/posts\/71797"}],"collection":[{"href":"https:\/\/maxradio923.com.ar\/index.php\/wp-json\/wp\/v2\/posts"}],"about":[{"href":"https:\/\/maxradio923.com.ar\/index.php\/wp-json\/wp\/v2\/types\/post"}],"author":[{"embeddable":true,"href":"https:\/\/maxradio923.com.ar\/index.php\/wp-json\/wp\/v2\/users\/2"}],"replies":[{"embeddable":true,"href":"https:\/\/maxradio923.com.ar\/index.php\/wp-json\/wp\/v2\/comments?post=71797"}],"version-history":[{"count":0,"href":"https:\/\/maxradio923.com.ar\/index.php\/wp-json\/wp\/v2\/posts\/71797\/revisions"}],"wp:featuredmedia":[{"embeddable":true,"href":"https:\/\/maxradio923.com.ar\/index.php\/wp-json\/wp\/v2\/media\/71798"}],"wp:attachment":[{"href":"https:\/\/maxradio923.com.ar\/index.php\/wp-json\/wp\/v2\/media?parent=71797"}],"wp:term":[{"taxonomy":"category","embeddable":true,"href":"https:\/\/maxradio923.com.ar\/index.php\/wp-json\/wp\/v2\/categories?post=71797"},{"taxonomy":"post_tag","embeddable":true,"href":"https:\/\/maxradio923.com.ar\/index.php\/wp-json\/wp\/v2\/tags?post=71797"}],"curies":[{"name":"wp","href":"https:\/\/api.w.org\/{rel}","templated":true}]}}