{"id":71793,"date":"2026-01-14T08:12:02","date_gmt":"2026-01-14T11:12:02","guid":{"rendered":"https:\/\/maxradio923.com.ar\/index.php\/2026\/01\/14\/incendios-en-chubut-el-fuego-permanece-activo-y-hoy-podria-haber-un-respiro-por-las-lluvias-pronosticadas\/"},"modified":"2026-01-14T08:12:02","modified_gmt":"2026-01-14T11:12:02","slug":"incendios-en-chubut-el-fuego-permanece-activo-y-hoy-podria-haber-un-respiro-por-las-lluvias-pronosticadas","status":"publish","type":"post","link":"https:\/\/maxradio923.com.ar\/index.php\/2026\/01\/14\/incendios-en-chubut-el-fuego-permanece-activo-y-hoy-podria-haber-un-respiro-por-las-lluvias-pronosticadas\/","title":{"rendered":"Incendios en Chubut: el fuego permanece activo y hoy podr\u00eda haber un respiro por las lluvias pronosticadas"},"content":{"rendered":"<p><\/p>\n<h2 class=\"article-subheadline text_align_left\">La posibilidad de precipitaciones para la tarde podr\u00edan aportar cierto alivio en la zona de Epuy\u00e9n. El gobernador Torres pidi\u00f3 un \u201c\u00faltimo esfuerzo, espalda con espalda\u201d<\/h2>\n<p><\/p>\n<p class=\"paragraph\">La <b>posibilidad de lluvias<\/b> pronosticadas para hoy por la tarde podr\u00edan aportar cierto alivio en los<b> incesantes incendios en la provincia de Chubut<\/b>, precisamente en la zona de Epuy\u00e9n en donde se registr\u00f3 una<b> baja de temperatura, que ronda los 10\u00b0C<\/b> y r\u00e1fagas de viento de casi 30 km\/h.<\/p>\n<p><\/p>\n<p class=\"paragraph\">El mandatario agreg\u00f3 que, desde el inicio del operativo, brigadistas de <b>Neuqu\u00e9n, R\u00edo Negro, C\u00f3rdoba y Santiago del Estero<\/b> colaboran bajo la coordinaci\u00f3n del <b>Servicio Provincial de Manejo del Fuego<\/b>.<\/p>\n<p><\/p>\n<p class=\"paragraph\">El incendio identificado el <b>lunes 5 de enero<\/b> en <b>Puerto Patriada, El Hoyo<\/b>, sigue activo y afect\u00f3, seg\u00fan el \u00faltimo informe del SPMF estim\u00f3 casi <b>12.000 hect\u00e1reas<\/b> de <b>matorral, bosque implantado y nativo afectado<\/b>. \u201cLa <b>causa<\/b> del siniestro <b>a\u00fan se encuentra bajo investigaci\u00f3n<\/b>\u201c, agreg\u00f3 el organismo. Las primeras pericias detectaron la presencia de <b>gases combustibles<\/b> en el lugar y no descartan que existieran <b>dos focos simult\u00e1neos<\/b>. El fiscal <b>Carlos D\u00edaz Mayer <\/b>aclar\u00f3 que la motivaci\u00f3n inmobiliaria se considera poco probable debido a la ubicaci\u00f3n y descart\u00f3 cualquier relaci\u00f3n con la <b>comunidad mapuche<\/b>.<\/p>\n<p><\/p>\n<p class=\"paragraph\">Ante la magnitud del incendio, las operaciones cuentan con <b>659 personas desplegadas<\/b> en los sectores donde el fuego presenta mayor actividad.<\/p>\n<p><\/p>\n<p class=\"paragraph\">En la jornada de ayer, el personal asignado a la zona de <b>Bah\u00eda Las Percas \u2013 Condorera<\/b> lleg\u00f3 al \u00e1rea afectada tras un traslado en embarcaci\u00f3n y una caminata de dos horas. <\/p>\n<p><\/p>\n<p class=\"paragraph\">Las labores incluyeron el uso de <b>herramientas manuales y equipos de agua<\/b> para reforzar l\u00edneas cortafuegos y realizar tareas de enfriamiento. Al cierre del d\u00eda, los brigadistas fueron evacuados en helic\u00f3ptero.<\/p>\n","protected":false},"excerpt":{"rendered":"<p>La posibilidad de precipitaciones para la tarde podr\u00edan aportar cierto alivio en la zona de Epuy\u00e9n. El gobernador Torres pidi\u00f3 un \u201c\u00faltimo esfuerzo, espalda con espalda\u201d La posibilidad de lluvias pronosticadas para hoy por la tarde podr\u00edan aportar cierto alivio en los incesantes incendios en la provincia de Chubut, precisamente en la zona de Epuy\u00e9n [&hellip;]<\/p>\n","protected":false},"author":2,"featured_media":71794,"comment_status":"","ping_status":"","sticky":false,"template":"","format":"standard","meta":{"footnotes":""},"categories":[12],"tags":[],"_links":{"self":[{"href":"https:\/\/maxradio923.com.ar\/index.php\/wp-json\/wp\/v2\/posts\/71793"}],"collection":[{"href":"https:\/\/maxradio923.com.ar\/index.php\/wp-json\/wp\/v2\/posts"}],"about":[{"href":"https:\/\/maxradio923.com.ar\/index.php\/wp-json\/wp\/v2\/types\/post"}],"author":[{"embeddable":true,"href":"https:\/\/maxradio923.com.ar\/index.php\/wp-json\/wp\/v2\/users\/2"}],"replies":[{"embeddable":true,"href":"https:\/\/maxradio923.com.ar\/index.php\/wp-json\/wp\/v2\/comments?post=71793"}],"version-history":[{"count":0,"href":"https:\/\/maxradio923.com.ar\/index.php\/wp-json\/wp\/v2\/posts\/71793\/revisions"}],"wp:featuredmedia":[{"embeddable":true,"href":"https:\/\/maxradio923.com.ar\/index.php\/wp-json\/wp\/v2\/media\/71794"}],"wp:attachment":[{"href":"https:\/\/maxradio923.com.ar\/index.php\/wp-json\/wp\/v2\/media?parent=71793"}],"wp:term":[{"taxonomy":"category","embeddable":true,"href":"https:\/\/maxradio923.com.ar\/index.php\/wp-json\/wp\/v2\/categories?post=71793"},{"taxonomy":"post_tag","embeddable":true,"href":"https:\/\/maxradio923.com.ar\/index.php\/wp-json\/wp\/v2\/tags?post=71793"}],"curies":[{"name":"wp","href":"https:\/\/api.w.org\/{rel}","templated":true}]}}