{"id":71791,"date":"2026-01-14T07:59:05","date_gmt":"2026-01-14T10:59:05","guid":{"rendered":"https:\/\/maxradio923.com.ar\/index.php\/2026\/01\/14\/protestas-en-iran-el-numero-de-muertos-por-la-represion-del-regimen-se-elevo-a-al-menos-2-751\/"},"modified":"2026-01-14T07:59:05","modified_gmt":"2026-01-14T10:59:05","slug":"protestas-en-iran-el-numero-de-muertos-por-la-represion-del-regimen-se-elevo-a-al-menos-2-751","status":"publish","type":"post","link":"https:\/\/maxradio923.com.ar\/index.php\/2026\/01\/14\/protestas-en-iran-el-numero-de-muertos-por-la-represion-del-regimen-se-elevo-a-al-menos-2-751\/","title":{"rendered":"Protestas en Ir\u00e1n: el n\u00famero de muertos por la represi\u00f3n del r\u00e9gimen se elev\u00f3 a al menos 2.751"},"content":{"rendered":"<p><\/p>\n<div xmlns:default=\"http:\/\/www.w3.org\/2000\/svg\">\n<div class=\"jwplayer-ctn\"><figcaption class=\"jwplayer-figcaption\">As\u00ed reprimen las fuerzas de seguridad de Ir\u00e1n durante las protestas<br \/>\n<\/figcaption><\/div>\n<p class=\"paragraph\">Las protestas en Ir\u00e1n dejaron al menos<b> 2.571 muertos<\/b>, seg\u00fan inform\u00f3 el mi\u00e9rcoles el grupo de derechos humanos <i>HRANA<\/i>, con sede en Estados Unidos, en medio de la mayor ola de disidencia que enfrenta el r\u00e9gimen ayatol\u00e1 en a\u00f1os.<\/p>\n<p class=\"paragraph\"><i>HRANA<\/i> se\u00f1al\u00f3 que verific\u00f3 hasta el momento<b> 2.403 muertes de manifestantes<\/b>, adem\u00e1s de <b>147 personas afiliadas al gobierno<\/b>, <b>12 menores de 18 a\u00f1os<\/b> y <b>nueve civiles que no participaban en las protestas<\/b>. El grupo indic\u00f3 que los datos corresponden a v\u00edctimas confirmadas durante las manifestaciones que se extienden desde hace m\u00e1s de dos semanas en distintas regiones del pa\u00eds.<\/p>\n<p class=\"paragraph\">Un funcionario iran\u00ed declar\u00f3 el martes que <b>alrededor de 2.000 personas murieron<\/b> durante los disturbios, lo que constituy\u00f3 la primera vez que las autoridades ofrecieron una cifra global de fallecidos desde el inicio del malestar a nivel nacional. La declaraci\u00f3n marc\u00f3 un contraste con los datos difundidos por <i>HRANA<\/i>, que elevan el n\u00famero total de v\u00edctimas.<\/p>\n<p class=\"paragraph\">El presidente de Estados Unidos, <b>Donald Trump<\/b>, inst\u00f3 el martes a los iran\u00edes a continuar con las protestas y asegur\u00f3 que <b>\u201cla ayuda est\u00e1 en camino\u201d<\/b>. Consultado por periodistas sobre el significado de esa afirmaci\u00f3n, respondi\u00f3: <b>\u201cTendr\u00e1n que averiguarlo\u201d<\/b>.<\/p>\n<p class=\"paragraph\">Trump tambi\u00e9n se\u00f1al\u00f3 que <b>la acci\u00f3n militar figura entre las opciones<\/b> que eval\u00faa su administraci\u00f3n para castigar a Ir\u00e1n por la represi\u00f3n de las protestas, aunque no ofreci\u00f3 detalles adicionales sobre las medidas que considera adoptar.<\/p>\n<div class=\"jwplayer-ctn\"><figcaption class=\"jwplayer-figcaption\">EEUU &#8220;tomar\u00e1 medidas muy en\u00e9rgicas&#8221; si Ir\u00e1n ahorca a manifestantes<br \/>\n<\/figcaption><\/div>\n<p class=\"paragraph\">M\u00e1s temprano, el mandatario advirti\u00f3 que Estados Unidos tomar\u00e1<b> \u201cacciones muy contundentes\u201d<\/b> si las autoridades iran\u00edes comienzan a ejecutar a manifestantes detenidos durante la actual ola de protestas contra el gobierno de Teher\u00e1n. La advertencia se produjo durante una entrevista concedida a <i>CBS News<\/i>.<\/p>\n<p class=\"paragraph\">En esa conversaci\u00f3n, Trump sostuvo que su gobierno responder\u00e1 de manera firme ante cualquier intento de represi\u00f3n letal, en particular si se concretan <b>ahorcamientos de manifestantes encarcelados<\/b>, una medida que, seg\u00fan fiscales iran\u00edes, podr\u00eda implementarse a partir del mi\u00e9rcoles.<\/p>\n<p class=\"paragraph\">El presidente afirm\u00f3 que el n\u00famero de muertos por la represi\u00f3n en Ir\u00e1n sigue siendo incierto, aunque reconoci\u00f3 que se trata de un <b>\u201cn\u00famero considerable\u201d<\/b>. Indic\u00f3 que existen reportes con cifras dispares, desde estimaciones menores hasta otras que superan los 12.000 fallecidos y podr\u00edan llegar a 20.000, de acuerdo con fuentes citadas por la cadena estadounidense. \u201c<b>Una muerte ya es demasiado<\/b>\u201d, expres\u00f3 Trump, y adelant\u00f3 que recibir\u00e1 un informe detallado sobre la situaci\u00f3n en Ir\u00e1n a su regreso a Washington.<\/p>\n<div class=\"jwplayer-ctn\"><figcaption class=\"jwplayer-figcaption\">Video publicado por el bloguero iran\u00ed Vahid Online<\/figcaption><\/div>\n<p class=\"paragraph\">La postura del mandatario estadounidense surge en medio del temor de que las autoridades iran\u00edes recurran a la <b>pena de muerte<\/b> para sofocar las protestas, luego de que la fiscal\u00eda de Teher\u00e1n informara que algunos detenidos ser\u00e1n juzgados por el cargo de <b>\u201cmoharebeh\u201d<\/b>, o \u201cguerra contra Dios\u201d, que contempla la condena capital.<\/p>\n<p class=\"paragraph\">M\u00e1s tarde, durante un discurso en la ciudad de Detroit, Trump volvi\u00f3 a referirse a las protestas en Ir\u00e1n. \u201c<b>A todos los patriotas iran\u00edes: sigan protestando, tomen el control de sus instituciones, si es posible, y guarden el nombre de los asesinos y los abusadores porque pagar\u00e1n un precio muy alto<\/b>\u201d, afirm\u00f3.<\/p>\n<p class=\"paragraph\">En el mismo acto, el presidente agreg\u00f3: \u201cHe cancelado todas las reuniones con los funcionarios iran\u00edes hasta que cese la matanza sin sentido de manifestantes.<b> La ayuda est\u00e1 en camino. Impuse aranceles a cualquiera que haga negocios con Ir\u00e1n<\/b>. Ir\u00e1n era un gran pa\u00eds hasta que estos monstruos llegaron y se apoderaron de \u00e9l\u201d.<\/p>\n<p class=\"paragraph\">Las autoridades iran\u00edes rechazaron las declaraciones del mandatario estadounidense y acusaron a <b>Estados Unidos e Israel de alimentar la violencia<\/b> dentro del pa\u00eds. Funcionarios iran\u00edes atribuyeron las muertes a <b>\u201coperativos terroristas\u201d<\/b> que, seg\u00fan afirmaron, reciben orientaci\u00f3n extranjera con el objetivo de instigar disturbios.<\/p>\n<p class=\"paragraph\"><i>(Con informaci\u00f3n de REUTERS)<\/i><\/p>\n<\/div>\n<p><script defer=\"\">try{!function(f,b,e,v,n,t,s) {if(f.fbq)return;n=f.fbq=function(){n.callMethod? n.callMethod.apply(n,arguments):n.queue.push(arguments)}; if(!f._fbq)f._fbq=n;n.push=n;n.loaded=!0;n.version='2.0'; n.queue=[];t=b.createElement(e);t.async=!0; t.src=v;s=b.getElementsByTagName(e)[0]; s.parentNode.insertBefore(t,s)}(window, document,'script', ' fbq('init', '336383993555320'); fbq('track', 'PageView'); fbq('track', 'ViewContent');}catch(error){console.log(\"Error al inicializar facebookPixelRawCodeScript:\",error);}<\/script><\/p>\n","protected":false},"excerpt":{"rendered":"<p>As\u00ed reprimen las fuerzas de seguridad de Ir\u00e1n durante las protestas Las protestas en Ir\u00e1n dejaron al menos 2.571 muertos, seg\u00fan inform\u00f3 el mi\u00e9rcoles el grupo de derechos humanos HRANA, con sede en Estados Unidos, en medio de la mayor ola de disidencia que enfrenta el r\u00e9gimen ayatol\u00e1 en a\u00f1os. HRANA se\u00f1al\u00f3 que verific\u00f3 hasta [&hellip;]<\/p>\n","protected":false},"author":2,"featured_media":71792,"comment_status":"","ping_status":"","sticky":false,"template":"","format":"standard","meta":{"footnotes":""},"categories":[3],"tags":[],"_links":{"self":[{"href":"https:\/\/maxradio923.com.ar\/index.php\/wp-json\/wp\/v2\/posts\/71791"}],"collection":[{"href":"https:\/\/maxradio923.com.ar\/index.php\/wp-json\/wp\/v2\/posts"}],"about":[{"href":"https:\/\/maxradio923.com.ar\/index.php\/wp-json\/wp\/v2\/types\/post"}],"author":[{"embeddable":true,"href":"https:\/\/maxradio923.com.ar\/index.php\/wp-json\/wp\/v2\/users\/2"}],"replies":[{"embeddable":true,"href":"https:\/\/maxradio923.com.ar\/index.php\/wp-json\/wp\/v2\/comments?post=71791"}],"version-history":[{"count":0,"href":"https:\/\/maxradio923.com.ar\/index.php\/wp-json\/wp\/v2\/posts\/71791\/revisions"}],"wp:featuredmedia":[{"embeddable":true,"href":"https:\/\/maxradio923.com.ar\/index.php\/wp-json\/wp\/v2\/media\/71792"}],"wp:attachment":[{"href":"https:\/\/maxradio923.com.ar\/index.php\/wp-json\/wp\/v2\/media?parent=71791"}],"wp:term":[{"taxonomy":"category","embeddable":true,"href":"https:\/\/maxradio923.com.ar\/index.php\/wp-json\/wp\/v2\/categories?post=71791"},{"taxonomy":"post_tag","embeddable":true,"href":"https:\/\/maxradio923.com.ar\/index.php\/wp-json\/wp\/v2\/tags?post=71791"}],"curies":[{"name":"wp","href":"https:\/\/api.w.org\/{rel}","templated":true}]}}