{"id":71786,"date":"2026-01-14T07:40:03","date_gmt":"2026-01-14T10:40:03","guid":{"rendered":"https:\/\/maxradio923.com.ar\/index.php\/2026\/01\/14\/ranking-de-inflacion-en-america-latina-en-que-posicion-quedo-la-argentina-al-cierre-de-2025\/"},"modified":"2026-01-14T07:40:03","modified_gmt":"2026-01-14T10:40:03","slug":"ranking-de-inflacion-en-america-latina-en-que-posicion-quedo-la-argentina-al-cierre-de-2025","status":"publish","type":"post","link":"https:\/\/maxradio923.com.ar\/index.php\/2026\/01\/14\/ranking-de-inflacion-en-america-latina-en-que-posicion-quedo-la-argentina-al-cierre-de-2025\/","title":{"rendered":"Ranking de inflaci\u00f3n en Am\u00e9rica Latina: en qu\u00e9 posici\u00f3n qued\u00f3 la Argentina al cierre de 2025"},"content":{"rendered":"<p><\/p>\n<h2 class=\"article-subheadline text_align_left\">La mayor\u00eda de los pa\u00edses vecinos termin\u00f3 el a\u00f1o con \u00edndices de un solo d\u00edgito, con un escenario de estabilidad de precios<\/h2>\n<p><\/p>\n<p class=\"paragraph\">El Gobierno nacional celebr\u00f3 el dato de inflaci\u00f3n anual del 2025, que con una variaci\u00f3n del<b> 31,5%<\/b> se ubic\u00f3 en el valor m\u00e1s bajo de los \u00faltimos ocho a\u00f1os. Sin embargo, cuando se mira lo que est\u00e1 pasando en los pa\u00edses vecinos, se encuentran n\u00fameros muy diferentes, que contrastan con los guarismos locales. <\/p>\n<p><\/p>\n<p class=\"paragraph\">Los \u00edndices de un d\u00edgito se repiten en otros rincones del mapa. En <b>Paraguay<\/b>, por ejemplo, el IPC fue negativo en diciembre (deflaci\u00f3n) y cerr\u00f3 todo el 2025 en<b> 3,1%,<\/b> un valor inferior al registrado en 2024, cuando la medici\u00f3n oficial arroj\u00f3 un valor de 3,8%.<\/p>\n<p><\/p>\n<p class=\"paragraph\">En el oeste el panorama es muy parecido. El gobierno chileno inform\u00f3 hace d\u00edas que la inflaci\u00f3n anual de 2025 de<b> Chile fue de 3,5%<\/b>, el dato m\u00e1s bajo desde 2020. El resultado fue celebrado por los trasandinos, dado que se logr\u00f3 en un a\u00f1o de descongelamiento de tarifas el\u00e9ctricas.<\/p>\n<p><\/p>\n<p class=\"paragraph\">Uno de los casos que m\u00e1s se destacan en la regi\u00f3n es el de <b>Ecuador<\/b>, que cerr\u00f3 el 2025 con una inflaci\u00f3n total anual del <b>1,9%<\/b>. Varios \u00edtems dentro de la medici\u00f3n tuvieron variaciones anuales negativas y algunos rubros de alta incidencia sobre el IPC registraron n\u00fameros por debajo del IPC general, como fue el caso de los alimentos y bebidas, que apenas se incrementaron 1,3%. <\/p>\n<p><\/p>\n<p class=\"paragraph\">Fue m\u00e1s elevada la inflaci\u00f3n anual de <b>Colombia<\/b>, pero tambi\u00e9n cerr\u00f3 el a\u00f1o en un solo d\u00edgito. De acuerdo a la medici\u00f3n oficial, los precios aumentaron en ese pa\u00eds un<b> 5,1%<\/b> en todo el 2025. Los medios especializados destacaron una desaceleraci\u00f3n del ritmo inflacionario en el cierre del a\u00f1o pasado, pero advierten sobre un posible cambio de tendencia hacia el inicio de 2026.<\/p>\n<p><\/p>\n<p class=\"paragraph\">En <b>Per\u00fa <\/b>se repite la misma \u201cpel\u00edcula\u201d que en Argentina, pero con diferentes actores. Es que la inflaci\u00f3n anual del 2025 fue tambi\u00e9n la m\u00e1s baja en un per\u00edodo de ocho a\u00f1os, pero en ese caso la tasa fue del <b>1,5%<\/b>, un valor muy diferente al registrado en nuestro pa\u00eds. De hecho, fue la tasa inflacionaria m\u00e1s baja de toda la regi\u00f3n. <\/p>\n","protected":false},"excerpt":{"rendered":"<p>La mayor\u00eda de los pa\u00edses vecinos termin\u00f3 el a\u00f1o con \u00edndices de un solo d\u00edgito, con un escenario de estabilidad de precios El Gobierno nacional celebr\u00f3 el dato de inflaci\u00f3n anual del 2025, que con una variaci\u00f3n del 31,5% se ubic\u00f3 en el valor m\u00e1s bajo de los \u00faltimos ocho a\u00f1os. Sin embargo, cuando se [&hellip;]<\/p>\n","protected":false},"author":2,"featured_media":71787,"comment_status":"","ping_status":"","sticky":false,"template":"","format":"standard","meta":{"footnotes":""},"categories":[12],"tags":[],"_links":{"self":[{"href":"https:\/\/maxradio923.com.ar\/index.php\/wp-json\/wp\/v2\/posts\/71786"}],"collection":[{"href":"https:\/\/maxradio923.com.ar\/index.php\/wp-json\/wp\/v2\/posts"}],"about":[{"href":"https:\/\/maxradio923.com.ar\/index.php\/wp-json\/wp\/v2\/types\/post"}],"author":[{"embeddable":true,"href":"https:\/\/maxradio923.com.ar\/index.php\/wp-json\/wp\/v2\/users\/2"}],"replies":[{"embeddable":true,"href":"https:\/\/maxradio923.com.ar\/index.php\/wp-json\/wp\/v2\/comments?post=71786"}],"version-history":[{"count":0,"href":"https:\/\/maxradio923.com.ar\/index.php\/wp-json\/wp\/v2\/posts\/71786\/revisions"}],"wp:featuredmedia":[{"embeddable":true,"href":"https:\/\/maxradio923.com.ar\/index.php\/wp-json\/wp\/v2\/media\/71787"}],"wp:attachment":[{"href":"https:\/\/maxradio923.com.ar\/index.php\/wp-json\/wp\/v2\/media?parent=71786"}],"wp:term":[{"taxonomy":"category","embeddable":true,"href":"https:\/\/maxradio923.com.ar\/index.php\/wp-json\/wp\/v2\/categories?post=71786"},{"taxonomy":"post_tag","embeddable":true,"href":"https:\/\/maxradio923.com.ar\/index.php\/wp-json\/wp\/v2\/tags?post=71786"}],"curies":[{"name":"wp","href":"https:\/\/api.w.org\/{rel}","templated":true}]}}