{"id":71777,"date":"2026-01-14T06:20:03","date_gmt":"2026-01-14T09:20:03","guid":{"rendered":"https:\/\/maxradio923.com.ar\/index.php\/2026\/01\/14\/en-vivo-amenaza-del-regimen-de-iran-a-estados-unidos-defenderemos-el-pais-hasta-la-ultima-gota-de-sangre\/"},"modified":"2026-01-14T06:20:03","modified_gmt":"2026-01-14T09:20:03","slug":"en-vivo-amenaza-del-regimen-de-iran-a-estados-unidos-defenderemos-el-pais-hasta-la-ultima-gota-de-sangre","status":"publish","type":"post","link":"https:\/\/maxradio923.com.ar\/index.php\/2026\/01\/14\/en-vivo-amenaza-del-regimen-de-iran-a-estados-unidos-defenderemos-el-pais-hasta-la-ultima-gota-de-sangre\/","title":{"rendered":"EN VIVO | Amenaza del r\u00e9gimen de Ir\u00e1n a Estados Unidos: \u201cDefenderemos el pa\u00eds \u200b\u200bhasta la \u00faltima gota de sangre\u201d"},"content":{"rendered":"<p><\/p>\n<div xmlns:default=\"http:\/\/www.w3.org\/2000\/svg\">\n<h2 class=\"article-subheadline text_align_center article-subheadline-live-blogging\">El ministro de Defensa iran\u00ed, Aziz Nasirzadeh, dijo que la respuesta de Teher\u00e1n ser\u00e1 \u201catroz\u201d, luego de que el presidente Donald Trump advirtiera que los responsables de la represi\u00f3n contra los manifestantes \u201cpagar\u00e1n un alto precio\u201d<\/h2>\n<div class=\"display_flex align_items_center flex_row byline byline-live-blogging follow-button-ctn has-author\">\n<p class=\"display_flex authors-name-txt-ctn\"><span>Por <\/span> Sebasti\u00e1n Bruno Martinez<\/p>\n<p><default:svg xmlns=\"http:\/\/www.w3.org\/2000\/svg\" id=\"Capa_1\" viewbox=\"0 0 9.9 10\" width=\"16\" height=\"16\" class=\"follow-button-icon-more\"><default:g id=\"Grupo_9508\"><default:g id=\"Grupo_9506\"><default:path id=\"Uni\\xF3n_6\" fill=\"#707070\" d=\"M4.3,9.3v-3.7H.6c-.36-.03-.63-.34-.6-.7,.03-.32,.28-.57,.6-.6h3.7V.6c.03-.36,.34-.63,.7-.6,.32,.03,.57,.28,.6,.6v3.7h3.7c.36,.03,.63,.34,.6,.7-.03,.32-.28,.57-.6,.6h-3.69v3.7c.03,.36-.24,.67-.6,.7-.36,.03-.67-.24-.7-.6,0-.03,0-.07,0-.1h0Z\"\/><\/default:g><\/default:g><\/default:svg><span>Seguir en<\/span><img alt=\"Icono de Google para seguir en redes sociales\" class=\"follow-button-icon\" height=\"18\" src=\"https:\/\/www.infobae.com\/assets\/images\/icons\/IconGoogle.svg\" width=\"18\" fetchpriority=\"high\" loading=\"eager\" decoding=\"async\"\/><\/div>\n<\/div>\n<div xmlns:default=\"http:\/\/www.w3.org\/2000\/svg\">\n<div class=\"sharebar-container display_flex\">\n<p><span class=\"sharebar-article-date\">14 Ene, 2026 02:01 a.m. EST<\/span><\/p>\n<\/div>\n<\/div>\n<div>\n<div class=\"visual-image\"><picture><source srcset=\"https:\/\/www.infobae.com\/resizer\/v2\/7FKQ2IKM3JHUFGSCA3HPNN2U2M.jpg?auth=4eb96f5dd322ff560bd4968baf7054b1fc931bb6e019bae032102ae8ceb50d2b&amp;smart=true&amp;width=992&amp;height=661&amp;quality=85\" media=\"(min-width: 1000px)\"\/><source srcset=\"https:\/\/www.infobae.com\/resizer\/v2\/7FKQ2IKM3JHUFGSCA3HPNN2U2M.jpg?auth=4eb96f5dd322ff560bd4968baf7054b1fc931bb6e019bae032102ae8ceb50d2b&amp;smart=true&amp;width=768&amp;height=512&amp;quality=85\" media=\"(min-width: 768px)\"\/><source srcset=\"https:\/\/www.infobae.com\/resizer\/v2\/7FKQ2IKM3JHUFGSCA3HPNN2U2M.jpg?auth=4eb96f5dd322ff560bd4968baf7054b1fc931bb6e019bae032102ae8ceb50d2b&amp;smart=true&amp;width=577&amp;height=385&amp;quality=85\" media=\"(min-width: 580px)\"\/><source srcset=\"https:\/\/www.infobae.com\/resizer\/v2\/7FKQ2IKM3JHUFGSCA3HPNN2U2M.jpg?auth=4eb96f5dd322ff560bd4968baf7054b1fc931bb6e019bae032102ae8ceb50d2b&amp;smart=true&amp;width=420&amp;height=280&amp;quality=85\" media=\"(min-width: 350px)\"\/><source srcset=\"https:\/\/www.infobae.com\/resizer\/v2\/7FKQ2IKM3JHUFGSCA3HPNN2U2M.jpg?auth=4eb96f5dd322ff560bd4968baf7054b1fc931bb6e019bae032102ae8ceb50d2b&amp;smart=true&amp;width=350&amp;height=233&amp;quality=85\" media=\"(min-width: 80px)\"\/><img alt=\"Esta captura de v\u00eddeo tomada\" class=\"global-image\" decoding=\"async\" fetchpriority=\"high\" height=\"1666\" loading=\"eager\" src=\"https:\/\/www.infobae.com\/resizer\/v2\/7FKQ2IKM3JHUFGSCA3HPNN2U2M.jpg?auth=4eb96f5dd322ff560bd4968baf7054b1fc931bb6e019bae032102ae8ceb50d2b&amp;smart=true&amp;width=350&amp;height=233&amp;quality=85\" width=\"2500\"\/><\/picture><figcaption class=\"blogbody-figcaption-img\">Esta captura de v\u00eddeo tomada el 13 de enero de 2026 muestra los enfrentamientos en Mashhad, en el noreste de Ir\u00e1n (AFP)<\/figcaption><\/div>\n<p class=\"paragraph\">El presidente de Estados Unidos, <b>Donald Trump<\/b>, llam\u00f3 el martes a los manifestantes iran\u00edes a <b>\u201ctomar el control\u201d<\/b> de las instituciones del r\u00e9gimen y afirm\u00f3 que <b>\u201cla ayuda est\u00e1 en camino\u201d<\/b>. Adem\u00e1s, confirm\u00f3 que cancel\u00f3 todas las reuniones con funcionarios iran\u00edes y advirti\u00f3 que los responsables de la represi\u00f3n <b>\u201cpagar\u00e1n un gran precio\u201d<\/b>.<\/p>\n<p class=\"paragraph\">El endurecimiento del discurso se produjo luego de que <b>un funcionario iran\u00ed reconociera cerca de 2.000 muertos<\/b> durante las protestas, en la primera admisi\u00f3n oficial del elevado n\u00famero de v\u00edctimas tras m\u00e1s de dos semanas de represi\u00f3n. Esa cifra difiere de los datos difundidos por organizaciones de derechos humanos, que contabilizan <b>2.571 muertos verificados<\/b> y advierten que el n\u00famero real podr\u00eda superar las 6.000 personas.<\/p>\n<p class=\"paragraph\">Seg\u00fan esos informes, <b>m\u00e1s de 10.000 manifestantes fueron detenidos<\/b>, mientras que las autoridades judiciales iran\u00edes anunciaron la formulaci\u00f3n de cargos capitales por <b>\u201cmoharebeh\u201d<\/b>, o \u201cguerra contra Dios\u201d, delitos que pueden derivar en la <b>pena de muerte<\/b>.<\/p>\n<p class=\"paragraph\">En paralelo, <b>Europa intensific\u00f3 la presi\u00f3n diplom\u00e1tica<\/b>, con al menos seis pa\u00edses \u2014<b>Espa\u00f1a, Francia, Reino Unido, Alemania, Finlandia y Dinamarca<\/b>\u2014 que convocaron a embajadores iran\u00edes para expresar su condena a la <b>\u201cbrutal represi\u00f3n\u201d<\/b>. La presidenta de la Comisi\u00f3n Europea, por su parte, anunci\u00f3 la adopci\u00f3n de <b>sanciones r\u00e1pidas<\/b>.<\/p>\n<p class=\"paragraph\"><i><u>A continuaci\u00f3n, la cobertura minuto a minuto:<\/u><\/i><\/p>\n<\/div>\n<div xmlns:default=\"http:\/\/www.w3.org\/2000\/svg\">\n<div class=\"body-blogging-container\" style=\"grid-template:&quot;time title&quot; auto 'time content-0' auto 'time content-1' auto \/ 147px auto\" id=\"parrafo_0\">\n<p><h2 class=\"header body-blogging-sub-header headline\" id=\"el-jefe-del-poder-judicial-de-regimen-irani-prometio-juicios-&quot;rapidos&quot;-para-los-manifestantes-detenidos-durante-las-protestas\">El jefe del poder judicial de r\u00e9gimen iran\u00ed prometi\u00f3 juicios \u201cr\u00e1pidos\u201d para los manifestantes detenidos durante las protestas<\/h2>\n<\/p>\n<div class=\"body-blogging-article \" style=\"grid-area:content-0\">\n<p class=\"paragraph\">El <b>jefe del poder judicial de Ir\u00e1n<\/b> prometi\u00f3 el mi\u00e9rcoles <b>juicios \u201cr\u00e1pidos\u201d<\/b> para los manifestantes detenidos durante las protestas, que las autoridades califican de <b>\u201cdisturbios\u201d<\/b>, inform\u00f3 la televisi\u00f3n estatal. Gholamhosein Mohseni Ejei realiz\u00f3 esas declaraciones durante una visita a una prisi\u00f3n donde permanecen personas arrestadas en el marco de las manifestaciones.<\/p>\n<\/div>\n<div class=\"body-blogging-article \" style=\"grid-area:content-1\">\n<p class=\"paragraph\">\u201c<b>Si alguien ha prendido fuego a una persona, la ha decapitado antes de quemar su cuerpo, debemos hacer nuestro trabajo r\u00e1pidamente<\/b>\u201d, afirm\u00f3 Mohseni Ejei, seg\u00fan las im\u00e1genes difundidas por la emisora oficial.<\/p>\n<\/div>\n<\/div>\n<div class=\"body-blogging-container\" style=\"grid-template:&quot;time title&quot; auto 'time content-0' auto 'time content-1' auto 'time content-2' auto \/ 147px auto\" id=\"parrafo_1\">\n<p><h2 class=\"header body-blogging-sub-header headline\" id=\"el-corte-nacional-de-internet-en-iran-supero-las-132-horas\">El corte nacional de internet en Ir\u00e1n super\u00f3 las 132 horas<\/h2>\n<\/p>\n<div class=\"body-blogging-article \" style=\"grid-area:content-0\">\n<p class=\"paragraph\">El cierre nacional de Internet en Ir\u00e1n dispuesto por el r\u00e9gimen super\u00f3 las <b>132 horas<\/b>, inform\u00f3 el mi\u00e9rcoles un servicio de monitoreo. Activistas expresaron temor de que la medida busque <b>ocultar la verdadera magnitud de la represi\u00f3n<\/b> contra las protestas en el pa\u00eds.<\/p>\n<\/div>\n<div class=\"body-blogging-article \" style=\"grid-area:content-1\">\n<p class=\"paragraph\">El bloqueo de las comunicaciones afect\u00f3 a gran parte del territorio iran\u00ed y continu\u00f3 durante varios d\u00edas consecutivos, seg\u00fan el informe. La interrupci\u00f3n limit\u00f3 el acceso a informaci\u00f3n y dificult\u00f3 la verificaci\u00f3n independiente de los acontecimientos vinculados a las manifestaciones.<\/p>\n<\/div>\n<div class=\"body-blogging-article \" style=\"grid-area:content-2\">\n<p class=\"paragraph\">\u201c<b>Las m\u00e9tricas muestran que Ir\u00e1n permanece desconectado mientras el pa\u00eds se despierta a otro d\u00eda de oscuridad digital<\/b>\u201d, se\u00f1al\u00f3 <i>Netblocks <\/i>en una publicaci\u00f3n en <i>X<\/i>, al referirse al estado de la conectividad nacional.<\/p>\n<\/div>\n<\/div>\n<div class=\"body-blogging-container\" style=\"grid-template:'time content-0' auto \/ 147px auto\" id=\"parrafo_2\">\n<div class=\"body-blogging-article \" style=\"grid-area:content-0\">\n<div class=\"article-header article-headline-live-blogging with-follow-button-ctn\">\n<h2 id=\"el-antisemitismo-de-los-ayatolas-ha-deshecho-a-iran\" class=\"display-block article-headline text_align_left article-headline-live-blogging\" style=\"margin-top:5px\">El antisemitismo de los ayatol\u00e1s ha deshecho a Ir\u00e1n<\/h2>\n<h3 class=\"article-subheadline text_align_left article-subheadline-live-blogging\">La obsesi\u00f3n del r\u00e9gimen actual se debe puramente a la ideolog\u00eda islamista, no al inter\u00e9s nacional. Una pol\u00edtica antisemita suele acabar destruyendo al antisemita<\/h3>\n<div class=\"display_flex align_items_center flex_row byline byline-live-blogging follow-button-ctn has-author\">\n<p class=\"display_flex authors-name-txt-ctn\"><span>Por <\/span> Bret Stephens<\/p>\n<p><default:svg xmlns=\"http:\/\/www.w3.org\/2000\/svg\" id=\"Capa_1\" viewbox=\"0 0 9.9 10\" width=\"16\" height=\"16\" class=\"follow-button-icon-more\"><default:g id=\"Grupo_9508\"><default:g id=\"Grupo_9506\"><default:path id=\"Uni\\xF3n_6\" fill=\"#707070\" d=\"M4.3,9.3v-3.7H.6c-.36-.03-.63-.34-.6-.7,.03-.32,.28-.57,.6-.6h3.7V.6c.03-.36,.34-.63,.7-.6,.32,.03,.57,.28,.6,.6v3.7h3.7c.36,.03,.63,.34,.6,.7-.03,.32-.28,.57-.6,.6h-3.69v3.7c.03,.36-.24,.67-.6,.7-.36,.03-.67-.24-.7-.6,0-.03,0-.07,0-.1h0Z\"\/><\/default:g><\/default:g><\/default:svg><span>Seguir en<\/span><img alt=\"Icono de Google para seguir en redes sociales\" class=\"follow-button-icon\" height=\"18\" src=\"https:\/\/www.infobae.com\/assets\/images\/icons\/IconGoogle.svg\" width=\"18\" fetchpriority=\"high\" loading=\"eager\" decoding=\"async\"\/><\/div>\n<\/div>\n<div class=\"visual-image\"><picture><source srcset=\"https:\/\/www.infobae.com\/resizer\/v2\/OW6TXEBKQRAYBO5B3ICQP6IVVI.jpg?auth=d7e6aaa0321ef05715994a07330d437f4e78c451d319f2e3e9a1bff28fc8eabc&amp;smart=true&amp;width=992&amp;height=650&amp;quality=85\" media=\"(min-width: 1000px)\"\/><source srcset=\"https:\/\/www.infobae.com\/resizer\/v2\/OW6TXEBKQRAYBO5B3ICQP6IVVI.jpg?auth=d7e6aaa0321ef05715994a07330d437f4e78c451d319f2e3e9a1bff28fc8eabc&amp;smart=true&amp;width=768&amp;height=504&amp;quality=85\" media=\"(min-width: 768px)\"\/><source srcset=\"https:\/\/www.infobae.com\/resizer\/v2\/OW6TXEBKQRAYBO5B3ICQP6IVVI.jpg?auth=d7e6aaa0321ef05715994a07330d437f4e78c451d319f2e3e9a1bff28fc8eabc&amp;smart=true&amp;width=577&amp;height=378&amp;quality=85\" media=\"(min-width: 580px)\"\/><source srcset=\"https:\/\/www.infobae.com\/resizer\/v2\/OW6TXEBKQRAYBO5B3ICQP6IVVI.jpg?auth=d7e6aaa0321ef05715994a07330d437f4e78c451d319f2e3e9a1bff28fc8eabc&amp;smart=true&amp;width=420&amp;height=275&amp;quality=85\" media=\"(min-width: 350px)\"\/><source srcset=\"https:\/\/www.infobae.com\/resizer\/v2\/OW6TXEBKQRAYBO5B3ICQP6IVVI.jpg?auth=d7e6aaa0321ef05715994a07330d437f4e78c451d319f2e3e9a1bff28fc8eabc&amp;smart=true&amp;width=350&amp;height=229&amp;quality=85\" media=\"(min-width: 80px)\"\/><img alt=\"El l\u00edder supremo ayatol\u00e1 Al\u00ed\" class=\"global-image\" decoding=\"async\" fetchpriority=\"high\" height=\"1639\" loading=\"eager\" src=\"https:\/\/www.infobae.com\/resizer\/v2\/OW6TXEBKQRAYBO5B3ICQP6IVVI.jpg?auth=d7e6aaa0321ef05715994a07330d437f4e78c451d319f2e3e9a1bff28fc8eabc&amp;smart=true&amp;width=350&amp;height=229&amp;quality=85\" width=\"2500\"\/><\/picture><figcaption class=\"blogbody-figcaption-img\">El l\u00edder supremo ayatol\u00e1 Al\u00ed Khamenei (AP)<\/figcaption><\/div>\n<p class=\"paragraph\">Entre las consignas coreadas por los manifestantes que inundan las calles de Ir\u00e1n, destaca esta : <b>\u201cNi Gaza ni L\u00edbano, mi vida por Ir\u00e1n\u201d<\/b>. Esto va m\u00e1s all\u00e1 de un simple repudio a la pol\u00edtica exterior del r\u00e9gimen. Es un recordatorio de que una pol\u00edtica antisemita suele acabar destruyendo al antisemita.<\/p>\n<\/div>\n<\/div>\n<div class=\"body-blogging-container\" style=\"grid-template:'time content-0' auto \/ 147px auto\" id=\"parrafo_3\">\n<div class=\"body-blogging-article \" style=\"grid-area:content-0\">\n<div class=\"article-header article-headline-live-blogging with-follow-button-ctn\">\n<h2 id=\"el-ex-principe-heredero-de-iran-pidio-al-ejercito-que-se-sume-a-las-masivas-protestas-contra-el-regimen\" class=\"display-block article-headline text_align_left article-headline-live-blogging\" style=\"margin-top:5px\">El ex pr\u00edncipe heredero de Ir\u00e1n pidi\u00f3 al Ej\u00e9rcito que se sume a las masivas protestas contra el r\u00e9gimen<\/h2>\n<h3 class=\"article-subheadline text_align_left article-subheadline-live-blogging\">La crisis ha generado una fuerte reacci\u00f3n internacional, especialmente de Estados Unidos, que advirti\u00f3 sobre posibles sanciones<\/h3>\n<div class=\"display_flex align_items_center flex_row byline byline-live-blogging follow-button-ctn no-author\"><default:svg xmlns=\"http:\/\/www.w3.org\/2000\/svg\" id=\"Capa_1\" viewbox=\"0 0 9.9 10\" width=\"16\" height=\"16\" class=\"follow-button-icon-more\"><default:g id=\"Grupo_9508\"><default:g id=\"Grupo_9506\"><default:path id=\"Uni\\xF3n_6\" fill=\"#707070\" d=\"M4.3,9.3v-3.7H.6c-.36-.03-.63-.34-.6-.7,.03-.32,.28-.57,.6-.6h3.7V.6c.03-.36,.34-.63,.7-.6,.32,.03,.57,.28,.6,.6v3.7h3.7c.36,.03,.63,.34,.6,.7-.03,.32-.28,.57-.6,.6h-3.69v3.7c.03,.36-.24,.67-.6,.7-.36,.03-.67-.24-.7-.6,0-.03,0-.07,0-.1h0Z\"\/><\/default:g><\/default:g><\/default:svg><span>Seguir en<\/span><img alt=\"Icono de Google para seguir en redes sociales\" class=\"follow-button-icon\" height=\"18\" src=\"https:\/\/www.infobae.com\/assets\/images\/icons\/IconGoogle.svg\" width=\"18\" fetchpriority=\"high\" loading=\"eager\" decoding=\"async\"\/><\/div>\n<\/div>\n<div class=\"jwplayer-ctn\"><figcaption class=\"jwplayer-figcaption\">El ex heredero Reza Pahlav\u00ed ofreci\u00f3 un discurso p\u00fablico llamando al pueblo y al Ej\u00e9rcito iran\u00ed a rebelarse contra el r\u00e9gimen isl\u00e1mico (X)<\/figcaption><\/div>\n<p class=\"paragraph\">El ex pr\u00edncipe heredero de Ir\u00e1n, <b>Reza Pahlav\u00ed<\/b>, inst\u00f3 al <b>Ej\u00e9rcito iran\u00ed<\/b> a sumarse a las protestas masivas contra el r\u00e9gimen isl\u00e1mico que se desarrollan en el pa\u00eds desde finales de diciembre. <\/p>\n<\/div>\n<\/div>\n<div class=\"body-blogging-container\" style=\"grid-template:'time content-0' auto \/ 147px auto\" id=\"parrafo_4\">\n<div class=\"body-blogging-article \" style=\"grid-area:content-0\">\n<div class=\"article-header article-headline-live-blogging with-follow-button-ctn\">\n<h2 id=\"por-que-los-paises-arabes-guardan-silencio-frente-a-la-inestabilidad-en-iran\" class=\"display-block article-headline text_align_left article-headline-live-blogging\" style=\"margin-top:5px\">Por qu\u00e9 los pa\u00edses \u00e1rabes guardan silencio frente a la inestabilidad en Ir\u00e1n<\/h2>\n<h3 class=\"article-subheadline text_align_left article-subheadline-live-blogging\">Puede que celebren el colapso de la Rep\u00fablica Isl\u00e1mica, pero temen lo que pueda suceder despu\u00e9s<\/h3>\n<div class=\"display_flex align_items_center flex_row byline byline-live-blogging follow-button-ctn has-author\">\n<p class=\"display_flex authors-name-txt-ctn\"><span>Por <\/span> <span class=\"author-name\">The Economist<\/span><\/p>\n<p><default:svg xmlns=\"http:\/\/www.w3.org\/2000\/svg\" id=\"Capa_1\" viewbox=\"0 0 9.9 10\" width=\"16\" height=\"16\" class=\"follow-button-icon-more\"><default:g id=\"Grupo_9508\"><default:g id=\"Grupo_9506\"><default:path id=\"Uni\\xF3n_6\" fill=\"#707070\" d=\"M4.3,9.3v-3.7H.6c-.36-.03-.63-.34-.6-.7,.03-.32,.28-.57,.6-.6h3.7V.6c.03-.36,.34-.63,.7-.6,.32,.03,.57,.28,.6,.6v3.7h3.7c.36,.03,.63,.34,.6,.7-.03,.32-.28,.57-.6,.6h-3.69v3.7c.03,.36-.24,.67-.6,.7-.36,.03-.67-.24-.7-.6,0-.03,0-.07,0-.1h0Z\"\/><\/default:g><\/default:g><\/default:svg><span>Seguir en<\/span><img alt=\"Icono de Google para seguir en redes sociales\" class=\"follow-button-icon\" height=\"18\" src=\"https:\/\/www.infobae.com\/assets\/images\/icons\/IconGoogle.svg\" width=\"18\" fetchpriority=\"high\" loading=\"eager\" decoding=\"async\"\/><\/div>\n<\/div>\n<div class=\"visual-image\"><picture><source srcset=\"https:\/\/www.infobae.com\/resizer\/v2\/TTJGRKJEFNG5DP2LNK2KU3IVMQ.JPG?auth=e6f8d4aada64012ca39e222b66bae8d5eef23ea0b3211938c1b6af783d2f942e&amp;smart=true&amp;width=992&amp;height=678&amp;quality=85\" media=\"(min-width: 1000px)\"\/><source srcset=\"https:\/\/www.infobae.com\/resizer\/v2\/TTJGRKJEFNG5DP2LNK2KU3IVMQ.JPG?auth=e6f8d4aada64012ca39e222b66bae8d5eef23ea0b3211938c1b6af783d2f942e&amp;smart=true&amp;width=768&amp;height=525&amp;quality=85\" media=\"(min-width: 768px)\"\/><source srcset=\"https:\/\/www.infobae.com\/resizer\/v2\/TTJGRKJEFNG5DP2LNK2KU3IVMQ.JPG?auth=e6f8d4aada64012ca39e222b66bae8d5eef23ea0b3211938c1b6af783d2f942e&amp;smart=true&amp;width=577&amp;height=394&amp;quality=85\" media=\"(min-width: 580px)\"\/><source srcset=\"https:\/\/www.infobae.com\/resizer\/v2\/TTJGRKJEFNG5DP2LNK2KU3IVMQ.JPG?auth=e6f8d4aada64012ca39e222b66bae8d5eef23ea0b3211938c1b6af783d2f942e&amp;smart=true&amp;width=420&amp;height=287&amp;quality=85\" media=\"(min-width: 350px)\"\/><source srcset=\"https:\/\/www.infobae.com\/resizer\/v2\/TTJGRKJEFNG5DP2LNK2KU3IVMQ.JPG?auth=e6f8d4aada64012ca39e222b66bae8d5eef23ea0b3211938c1b6af783d2f942e&amp;smart=true&amp;width=350&amp;height=239&amp;quality=85\" media=\"(min-width: 80px)\"\/><img alt=\"El pr\u00edncipe heredero saud\u00ed, Mohammed\" class=\"global-image\" decoding=\"async\" fetchpriority=\"high\" height=\"2798\" loading=\"eager\" src=\"https:\/\/www.infobae.com\/resizer\/v2\/TTJGRKJEFNG5DP2LNK2KU3IVMQ.JPG?auth=e6f8d4aada64012ca39e222b66bae8d5eef23ea0b3211938c1b6af783d2f942e&amp;smart=true&amp;width=350&amp;height=239&amp;quality=85\" width=\"4096\"\/><\/picture><figcaption class=\"blogbody-figcaption-img\">El pr\u00edncipe heredero saud\u00ed, Mohammed bin Salman, con el emir de Qatar, el jeque Tamim bin Hamad Al Thani, y representantes del CCG durante una cumbre de emergencia de l\u00edderes \u00e1rabe-isl\u00e1micos en Doha, Qatar, el 15 de septiembre de 2025. Agencia de Prensa Saudita\/v\u00eda REUTERS<\/figcaption><\/div>\n<p class=\"paragraph\">La \u00faltima vez que Ir\u00e1n se vio convulsionado por protestas nacionales, en <b>2022<\/b>, el mundo \u00e1rabe qued\u00f3 paralizado. La Rep\u00fablica Isl\u00e1mica hab\u00eda dedicado d\u00e9cadas a construir una red de poderosos aliados que llegaron a dominar la regi\u00f3n. Muchos \u00e1rabes se preguntaban si la perspectiva de un <b>cambio de r\u00e9gimen en Teher\u00e1n<\/b> ofrec\u00eda una oportunidad para liberarse del yugo iran\u00ed en sus propios pa\u00edses.<\/p>\n<\/div>\n<\/div>\n<div class=\"body-blogging-container\" style=\"grid-template:'time content-0' auto \/ 147px auto\" id=\"parrafo_5\">\n<div class=\"body-blogging-article \" style=\"grid-area:content-0\">\n<div class=\"article-header article-headline-live-blogging with-follow-button-ctn\">\n<h2 id=\"estados-unidos-canada-alemania-y-otros-paises-pidieron-a-sus-ciudadanos-abandonar-iran-inmediatamente\" class=\"display-block article-headline text_align_left article-headline-live-blogging\" style=\"margin-top:5px\">Estados Unidos, Canad\u00e1, Alemania y otros pa\u00edses pidieron a sus ciudadanos abandonar Ir\u00e1n inmediatamente <\/h2>\n<h3 class=\"article-subheadline text_align_left article-subheadline-live-blogging\">Las advertencias se emiten en medio de protestas masivas, cortes de internet y denuncias de cientos de muertos y miles de detenidos en todo el territorito, mientras la falta de vuelos y el riesgo de arrestos arbitrarios dificultan la evacuaci\u00f3n y la asistencia consular <\/h3>\n<div class=\"display_flex align_items_center flex_row byline byline-live-blogging follow-button-ctn no-author\"><default:svg xmlns=\"http:\/\/www.w3.org\/2000\/svg\" id=\"Capa_1\" viewbox=\"0 0 9.9 10\" width=\"16\" height=\"16\" class=\"follow-button-icon-more\"><default:g id=\"Grupo_9508\"><default:g id=\"Grupo_9506\"><default:path id=\"Uni\\xF3n_6\" fill=\"#707070\" d=\"M4.3,9.3v-3.7H.6c-.36-.03-.63-.34-.6-.7,.03-.32,.28-.57,.6-.6h3.7V.6c.03-.36,.34-.63,.7-.6,.32,.03,.57,.28,.6,.6v3.7h3.7c.36,.03,.63,.34,.6,.7-.03,.32-.28,.57-.6,.6h-3.69v3.7c.03,.36-.24,.67-.6,.7-.36,.03-.67-.24-.7-.6,0-.03,0-.07,0-.1h0Z\"\/><\/default:g><\/default:g><\/default:svg><span>Seguir en<\/span><img alt=\"Icono de Google para seguir en redes sociales\" class=\"follow-button-icon\" height=\"18\" src=\"https:\/\/www.infobae.com\/assets\/images\/icons\/IconGoogle.svg\" width=\"18\" fetchpriority=\"high\" loading=\"eager\" decoding=\"async\"\/><\/div>\n<\/div>\n<div class=\"visual-image\"><picture><source srcset=\"https:\/\/www.infobae.com\/resizer\/v2\/7FKQ2IKM3JHUFGSCA3HPNN2U2M.jpg?auth=4eb96f5dd322ff560bd4968baf7054b1fc931bb6e019bae032102ae8ceb50d2b&amp;smart=true&amp;width=992&amp;height=661&amp;quality=85\" media=\"(min-width: 1000px)\"\/><source srcset=\"https:\/\/www.infobae.com\/resizer\/v2\/7FKQ2IKM3JHUFGSCA3HPNN2U2M.jpg?auth=4eb96f5dd322ff560bd4968baf7054b1fc931bb6e019bae032102ae8ceb50d2b&amp;smart=true&amp;width=768&amp;height=512&amp;quality=85\" media=\"(min-width: 768px)\"\/><source srcset=\"https:\/\/www.infobae.com\/resizer\/v2\/7FKQ2IKM3JHUFGSCA3HPNN2U2M.jpg?auth=4eb96f5dd322ff560bd4968baf7054b1fc931bb6e019bae032102ae8ceb50d2b&amp;smart=true&amp;width=577&amp;height=385&amp;quality=85\" media=\"(min-width: 580px)\"\/><source srcset=\"https:\/\/www.infobae.com\/resizer\/v2\/7FKQ2IKM3JHUFGSCA3HPNN2U2M.jpg?auth=4eb96f5dd322ff560bd4968baf7054b1fc931bb6e019bae032102ae8ceb50d2b&amp;smart=true&amp;width=420&amp;height=280&amp;quality=85\" media=\"(min-width: 350px)\"\/><source srcset=\"https:\/\/www.infobae.com\/resizer\/v2\/7FKQ2IKM3JHUFGSCA3HPNN2U2M.jpg?auth=4eb96f5dd322ff560bd4968baf7054b1fc931bb6e019bae032102ae8ceb50d2b&amp;smart=true&amp;width=350&amp;height=233&amp;quality=85\" media=\"(min-width: 80px)\"\/><img alt=\"Enfrentamientos entre manifestantes y fuerzas\" class=\"global-image\" decoding=\"async\" fetchpriority=\"high\" height=\"1666\" loading=\"eager\" src=\"https:\/\/www.infobae.com\/resizer\/v2\/7FKQ2IKM3JHUFGSCA3HPNN2U2M.jpg?auth=4eb96f5dd322ff560bd4968baf7054b1fc931bb6e019bae032102ae8ceb50d2b&amp;smart=true&amp;width=350&amp;height=233&amp;quality=85\" width=\"2500\"\/><\/picture><figcaption class=\"blogbody-figcaption-img\">Enfrentamientos entre manifestantes y fuerzas de seguridad en Mashhad, al noreste de Ir\u00e1n, en medio de la represi\u00f3n contra las protestas (AFP)<\/figcaption><\/div>\n<p class=\"paragraph\">La<b> ola de represi\u00f3n y violencia en Ir\u00e1n<\/b> ha llevado a <b>Estados Unidos, Canad\u00e1, Alemania, Australia, Jap\u00f3n, Taiw\u00e1n, Nueva Zelanda y Singapur <\/b>a emitir alertas urgentes para que sus ciudadanos abandonen el pa\u00eds lo antes posible. <\/p>\n<\/div>\n<\/div>\n<div class=\"body-blogging-container\" style=\"grid-template:'time content-0' auto \/ 147px auto\" id=\"parrafo_6\">\n<div class=\"body-blogging-article \" style=\"grid-area:content-0\">\n<div class=\"article-header article-headline-live-blogging with-follow-button-ctn\">\n<h2 id=\"donald-trump-prometio-&quot;acciones-muy-contundentes&quot;-si-el-regimen-de-iran-comienza-a-ejecutar-a-los-manifestantes-detenidos\" class=\"display-block article-headline text_align_left article-headline-live-blogging\" style=\"margin-top:5px\">Donald Trump prometi\u00f3 \u201cacciones muy contundentes\u201d si el r\u00e9gimen de Ir\u00e1n comienza a ejecutar a los manifestantes detenidos<\/h2>\n<h3 class=\"article-subheadline text_align_left article-subheadline-live-blogging\">El presidente de Estados Unidos y organizaciones humanitarias alertaron sobre el riesgo de nuevas violaciones a los derechos humanos en el pa\u00eds persa tras el anuncio de penas de muerte a opositores<\/h3>\n<div class=\"display_flex align_items_center flex_row byline byline-live-blogging follow-button-ctn no-author\"><default:svg xmlns=\"http:\/\/www.w3.org\/2000\/svg\" id=\"Capa_1\" viewbox=\"0 0 9.9 10\" width=\"16\" height=\"16\" class=\"follow-button-icon-more\"><default:g id=\"Grupo_9508\"><default:g id=\"Grupo_9506\"><default:path id=\"Uni\\xF3n_6\" fill=\"#707070\" d=\"M4.3,9.3v-3.7H.6c-.36-.03-.63-.34-.6-.7,.03-.32,.28-.57,.6-.6h3.7V.6c.03-.36,.34-.63,.7-.6,.32,.03,.57,.28,.6,.6v3.7h3.7c.36,.03,.63,.34,.6,.7-.03,.32-.28,.57-.6,.6h-3.69v3.7c.03,.36-.24,.67-.6,.7-.36,.03-.67-.24-.7-.6,0-.03,0-.07,0-.1h0Z\"\/><\/default:g><\/default:g><\/default:svg><span>Seguir en<\/span><img alt=\"Icono de Google para seguir en redes sociales\" class=\"follow-button-icon\" height=\"18\" src=\"https:\/\/www.infobae.com\/assets\/images\/icons\/IconGoogle.svg\" width=\"18\" fetchpriority=\"high\" loading=\"eager\" decoding=\"async\"\/><\/div>\n<\/div>\n<div class=\"jwplayer-ctn\"><figcaption class=\"jwplayer-figcaption\">EEUU &#8220;tomar\u00e1 medidas muy en\u00e9rgicas&#8221; si Ir\u00e1n ahorca a manifestantes<br \/>\n<\/figcaption><\/div>\n<p class=\"paragraph\">El presidente <b>Donald Trump <\/b>advirti\u00f3 este martes que <b>Estados Unidos <\/b>tomar\u00e1 \u201c<b>acciones muy contundentes<\/b>\u201d si las autoridades de Ir\u00e1n comienzan a <b>ejecutar <\/b>a manifestantes detenidos durante la actual ola de protestas contra el gobierno de Teher\u00e1n. Durante una entrevista concedida a<i> CBS News<\/i>, Trump insisti\u00f3 en que su administraci\u00f3n responder\u00e1 de manera firme ante cualquier intento de represi\u00f3n letal, en especial si se concretan ahorcamientos contra manifestantes encarcelados por el r\u00e9gimen,<b> una medida que podr\u00eda implementarse desde el mi\u00e9rcoles<\/b>, seg\u00fan se\u00f1alaron fiscales iran\u00edes.<\/p>\n<\/div>\n<\/div>\n<div class=\"body-blogging-container\" style=\"grid-template:'time content-0' auto \/ 147px auto\" id=\"parrafo_7\">\n<div class=\"body-blogging-article \" style=\"grid-area:content-0\">\n<div class=\"article-header article-headline-live-blogging with-follow-button-ctn\">\n<h2 id=\"nueva-amenaza-del-regimen-de-iran-a-estados-unidos:-&quot;defenderemos-el-pais-con-toda-la-fuerza-y-hasta-la-ultima-gota-de-sangre&quot;\" class=\"display-block article-headline text_align_left article-headline-live-blogging\" style=\"margin-top:5px\">Nueva amenaza del r\u00e9gimen de Ir\u00e1n a Estados Unidos: \u201cDefenderemos el pa\u00eds con toda la fuerza y hasta la \u00faltima gota de sangre\u201d<\/h2>\n<h3 class=\"article-subheadline text_align_left article-subheadline-live-blogging\">El ministro de Defensa iran\u00ed, Aziz Nasirzadeh, dijo que la respuesta de Teher\u00e1n ser\u00e1 \u201catroz\u201d, luego de que el presidente Donald Trump advirtiera que los responsables de la represi\u00f3n contra los manifestantes \u201cpagar\u00e1n un alto precio\u201d<\/h3>\n<div class=\"display_flex align_items_center flex_row byline byline-live-blogging follow-button-ctn no-author\"><default:svg xmlns=\"http:\/\/www.w3.org\/2000\/svg\" id=\"Capa_1\" viewbox=\"0 0 9.9 10\" width=\"16\" height=\"16\" class=\"follow-button-icon-more\"><default:g id=\"Grupo_9508\"><default:g id=\"Grupo_9506\"><default:path id=\"Uni\\xF3n_6\" fill=\"#707070\" d=\"M4.3,9.3v-3.7H.6c-.36-.03-.63-.34-.6-.7,.03-.32,.28-.57,.6-.6h3.7V.6c.03-.36,.34-.63,.7-.6,.32,.03,.57,.28,.6,.6v3.7h3.7c.36,.03,.63,.34,.6,.7-.03,.32-.28,.57-.6,.6h-3.69v3.7c.03,.36-.24,.67-.6,.7-.36,.03-.67-.24-.7-.6,0-.03,0-.07,0-.1h0Z\"\/><\/default:g><\/default:g><\/default:svg><span>Seguir en<\/span><img alt=\"Icono de Google para seguir en redes sociales\" class=\"follow-button-icon\" height=\"18\" src=\"https:\/\/www.infobae.com\/assets\/images\/icons\/IconGoogle.svg\" width=\"18\" fetchpriority=\"high\" loading=\"eager\" decoding=\"async\"\/><\/div>\n<\/div>\n<div class=\"visual-image\"><picture><source srcset=\"https:\/\/www.infobae.com\/resizer\/v2\/X74S5DT2YVDF5DMDL3VSTJDDUY.jpg?auth=1683e4e95d286d97bab5f612aabcc6c2a44dfa84ec3649a86ba9e6dbd7e33dce&amp;smart=true&amp;width=992&amp;height=661&amp;quality=85\" media=\"(min-width: 1000px)\"\/><source srcset=\"https:\/\/www.infobae.com\/resizer\/v2\/X74S5DT2YVDF5DMDL3VSTJDDUY.jpg?auth=1683e4e95d286d97bab5f612aabcc6c2a44dfa84ec3649a86ba9e6dbd7e33dce&amp;smart=true&amp;width=768&amp;height=512&amp;quality=85\" media=\"(min-width: 768px)\"\/><source srcset=\"https:\/\/www.infobae.com\/resizer\/v2\/X74S5DT2YVDF5DMDL3VSTJDDUY.jpg?auth=1683e4e95d286d97bab5f612aabcc6c2a44dfa84ec3649a86ba9e6dbd7e33dce&amp;smart=true&amp;width=577&amp;height=385&amp;quality=85\" media=\"(min-width: 580px)\"\/><source srcset=\"https:\/\/www.infobae.com\/resizer\/v2\/X74S5DT2YVDF5DMDL3VSTJDDUY.jpg?auth=1683e4e95d286d97bab5f612aabcc6c2a44dfa84ec3649a86ba9e6dbd7e33dce&amp;smart=true&amp;width=420&amp;height=280&amp;quality=85\" media=\"(min-width: 350px)\"\/><source srcset=\"https:\/\/www.infobae.com\/resizer\/v2\/X74S5DT2YVDF5DMDL3VSTJDDUY.jpg?auth=1683e4e95d286d97bab5f612aabcc6c2a44dfa84ec3649a86ba9e6dbd7e33dce&amp;smart=true&amp;width=350&amp;height=233&amp;quality=85\" media=\"(min-width: 80px)\"\/><img alt=\"El ministro de Defensa iran\u00ed,\" class=\"global-image\" decoding=\"async\" fetchpriority=\"high\" height=\"1330\" loading=\"eager\" src=\"https:\/\/www.infobae.com\/resizer\/v2\/X74S5DT2YVDF5DMDL3VSTJDDUY.jpg?auth=1683e4e95d286d97bab5f612aabcc6c2a44dfa84ec3649a86ba9e6dbd7e33dce&amp;smart=true&amp;width=350&amp;height=233&amp;quality=85\" width=\"1995\"\/><\/picture><figcaption class=\"blogbody-figcaption-img\">El ministro de Defensa iran\u00ed, Aziz Nasirzadeh (REUTERS\/Florence Lo)<\/figcaption><\/div>\n<p class=\"paragraph\"><b>El r\u00e9gimen de Ir\u00e1n amenaz\u00f3 este martes al gobierno de Estados Unidos<\/b> al asegurar que responder\u00e1 \u201ccon m\u00e1s decisi\u00f3n\u201d ante cualquier nueva acci\u00f3n militar, en medio de las <b>masivas protestas<\/b> dentro del pa\u00eds, las denuncias de <b>represi\u00f3n a gran escala<\/b> y un deterioro acelerado del di\u00e1logo entre Teher\u00e1n y Washington. El mensaje fue transmitido por el ministro de Defensa iran\u00ed, <b>Aziz Nasirzadeh<\/b>, tras una reuni\u00f3n con la comisi\u00f3n de seguridad nacional del Parlamento.<\/p>\n<\/div>\n<\/div>\n<\/div>\n<p><script defer=\"\">try{!function(f,b,e,v,n,t,s) {if(f.fbq)return;n=f.fbq=function(){n.callMethod? n.callMethod.apply(n,arguments):n.queue.push(arguments)}; if(!f._fbq)f._fbq=n;n.push=n;n.loaded=!0;n.version='2.0'; n.queue=[];t=b.createElement(e);t.async=!0; t.src=v;s=b.getElementsByTagName(e)[0]; s.parentNode.insertBefore(t,s)}(window, document,'script', ' fbq('init', '336383993555320'); fbq('track', 'PageView'); fbq('track', 'ViewContent');}catch(error){console.log(\"Error al inicializar facebookPixelRawCodeScript:\",error);}<\/script><\/p>\n","protected":false},"excerpt":{"rendered":"<p>El ministro de Defensa iran\u00ed, Aziz Nasirzadeh, dijo que la respuesta de Teher\u00e1n ser\u00e1 \u201catroz\u201d, luego de que el presidente Donald Trump advirtiera que los responsables de la represi\u00f3n contra los manifestantes \u201cpagar\u00e1n un alto precio\u201d Por Sebasti\u00e1n Bruno Martinez Seguir en 14 Ene, 2026 02:01 a.m. EST Esta captura de v\u00eddeo tomada el 13 [&hellip;]<\/p>\n","protected":false},"author":2,"featured_media":71778,"comment_status":"","ping_status":"","sticky":false,"template":"","format":"standard","meta":{"footnotes":""},"categories":[3],"tags":[],"_links":{"self":[{"href":"https:\/\/maxradio923.com.ar\/index.php\/wp-json\/wp\/v2\/posts\/71777"}],"collection":[{"href":"https:\/\/maxradio923.com.ar\/index.php\/wp-json\/wp\/v2\/posts"}],"about":[{"href":"https:\/\/maxradio923.com.ar\/index.php\/wp-json\/wp\/v2\/types\/post"}],"author":[{"embeddable":true,"href":"https:\/\/maxradio923.com.ar\/index.php\/wp-json\/wp\/v2\/users\/2"}],"replies":[{"embeddable":true,"href":"https:\/\/maxradio923.com.ar\/index.php\/wp-json\/wp\/v2\/comments?post=71777"}],"version-history":[{"count":0,"href":"https:\/\/maxradio923.com.ar\/index.php\/wp-json\/wp\/v2\/posts\/71777\/revisions"}],"wp:featuredmedia":[{"embeddable":true,"href":"https:\/\/maxradio923.com.ar\/index.php\/wp-json\/wp\/v2\/media\/71778"}],"wp:attachment":[{"href":"https:\/\/maxradio923.com.ar\/index.php\/wp-json\/wp\/v2\/media?parent=71777"}],"wp:term":[{"taxonomy":"category","embeddable":true,"href":"https:\/\/maxradio923.com.ar\/index.php\/wp-json\/wp\/v2\/categories?post=71777"},{"taxonomy":"post_tag","embeddable":true,"href":"https:\/\/maxradio923.com.ar\/index.php\/wp-json\/wp\/v2\/tags?post=71777"}],"curies":[{"name":"wp","href":"https:\/\/api.w.org\/{rel}","templated":true}]}}