{"id":71771,"date":"2026-01-14T05:46:03","date_gmt":"2026-01-14T08:46:03","guid":{"rendered":"https:\/\/maxradio923.com.ar\/index.php\/2026\/01\/14\/el-verano-sonado-de-carolina-gimenez-aubert-familia-playa-y-la-magia-de-una-casa-llena-de-momentos-entranables\/"},"modified":"2026-01-14T05:46:03","modified_gmt":"2026-01-14T08:46:03","slug":"el-verano-sonado-de-carolina-gimenez-aubert-familia-playa-y-la-magia-de-una-casa-llena-de-momentos-entranables","status":"publish","type":"post","link":"https:\/\/maxradio923.com.ar\/index.php\/2026\/01\/14\/el-verano-sonado-de-carolina-gimenez-aubert-familia-playa-y-la-magia-de-una-casa-llena-de-momentos-entranables\/","title":{"rendered":"El verano so\u00f1ado de Carolina Gim\u00e9nez Aubert: familia, playa y la magia de una casa llena de momentos entra\u00f1ables"},"content":{"rendered":"<p><\/p>\n<h2 class=\"article-subheadline text_align_left\">Entre vacaciones y cocina casera en Punta del Este, la empresaria, hermana de Susana Gim\u00e9nez, comparte con Teleshow el valor de sus afectos transformando lo cotidiano en recuerdos imborrables<\/h2>\n<p><\/p>\n<p class=\"paragraph\">En el abrazo de una casa llena de risas, aromas de cocina casera y el murmullo familiar de las charlas interminables, <b>Carolina Gim\u00e9nez Aubert<\/b> siente que<b> el a\u00f1o nuevo se abre como una promesa luminosa<\/b>. Las paredes guardan historias y el perfume del verano en <b>Uruguay<\/b> trae consigo un sentimiento de gratitud: el de <b>seguir eligi\u00e9ndose entre hermanos, hijos y amigos, cada vez que la vida lo permite<\/b>. En ese refugio cerca de Manantiales, en Punta del Este, el tiempo se mide por los momentos compartidos, por la calidez de un desayuno tranquilo o el bullicio de una mesa repleta. Carolina, con esa serenidad que contagia, encuentra en lo cotidiano un motivo de alegr\u00eda y en la compa\u00f1\u00eda de los suyos, la fuerza para seguir adelante. En di\u00e1logo con<b> Teleshow<\/b>, relata sus d\u00edas de descanso desde ese para\u00edso cerca del mar.<\/p>\n<p><\/p>\n<p class=\"paragraph\">El verano la encuentra en Uruguay, ese lugar que Carolina elige para las fiestas porque \u201c<b>me permite estar cerca de mis hermanos<\/b>\u201d. La <b>Navidad<\/b> la vivi\u00f3 en su casa, con ellos y con <b>Mercedes Sarrabayrouse<\/b>, la hija de Susana. \u201cFue una Navidad muy especial. Cuando ya no son los padres los que te re\u00fanen,<b> tiene un valor inmenso seguir eligi\u00e9ndonos para estar juntos en los momentos importantes<\/b>\u201d, comparte. El <b>A\u00f1o Nuevo<\/b> sum\u00f3 amigos a la mesa, y el cari\u00f1o se hizo m\u00e1s grande.<\/p>\n<p><\/p>\n<p class=\"paragraph\">Las vacaciones, admite, son hoy una mezcla de trabajo y familia. No desconecta del todo, y no le pesa. Amar su trabajo hace m\u00e1s liviana la carga, y el tiempo compartido con sus hijos cobra otro sentido. \u201c<b>No despertarme a las 6.30 ya es un plan en s\u00ed mismo<\/b> \u2014\u00a1qu\u00e9 horror el horario escolar!\u2014. Me encanta estar con ellos desde otro lugar, m\u00e1s relajado: sin apuros, sin mochilas ni listas, <b>m\u00e1s abrazos, almuerzos juntos, juegos de mesa<\/b>. Conectar m\u00e1s desde el disfrute y menos desde la rutina\u201d, confiesa.<\/p>\n<p><\/p>\n<p class=\"paragraph\">La experiencia trae aprendizaje, y Carolina se permite <b>desear poco y agradecer mucho<\/b>. Su mayor anhelo es ver bien a sus hijos, crecer como madre y tener la sabidur\u00eda para acompa\u00f1arlos. Paco, su adolescente de 17 a\u00f1os, vibra con la m\u00fasica y produce todos los d\u00edas. \u201c<b>Es incre\u00edble c\u00f3mo el arte y la m\u00fasica se llevan en la sangre<\/b>\u201d. <b>Guadalupe<\/b>, a quien llaman <b>Lupi<\/b>, es compa\u00f1era, luminosa y buena. Para Carolina, ambos son un regalo.<\/p>\n<p><\/p>\n<p class=\"paragraph\">En lo laboral, se siente afortunada. Trabaja con clientes que respeta, y cada nuevo reto la motiva. \u201cTengo un adolescente, que <b>es un gran desaf\u00edo para cualquier padre<\/b>. Encontrar la medida justa no es f\u00e1cil: saber cu\u00e1ndo correrse para darles m\u00e1s libertad y cu\u00e1ndo seguir cerca porque todav\u00eda necesitan de tu mano. <b>Hay momentos en los que construyen un muro<\/b>, pero yo siento que, en el fondo, esperan que una est\u00e9 ah\u00ed, del otro lado, disponible y presente\u201d, reflexiona. <b>Lupi<\/b> tiene mucho de su mam\u00e1, y esa similitud le hace todo m\u00e1s f\u00e1cil. \u201cTengo dos hijos incre\u00edbles, muy distintos entre s\u00ed, y<b> absolutamente m\u00e1gicos los dos<\/b>\u201d.<\/p>\n<p><\/p>\n<p class=\"paragraph\">En 2022, la familia atraves\u00f3 una prueba que marc\u00f3 un antes y un despu\u00e9s. Su hijo Paco, fruto de su primer matrimonio, <b>sufri\u00f3 un accidente automovil\u00edstico en<\/b> <b>Punta del Este<\/b> junto a sus abuelos paternos.<b> La tragedia se llev\u00f3 la vida de los exsuegros de Carolina <\/b>y dej\u00f3 a Paco, de trece a\u00f1os, <b>internado en estado reservado en el Hospital Brit\u00e1nico<\/b>. Fueron semanas de incertidumbre y miedo, de oraciones y esperas.<\/p>\n","protected":false},"excerpt":{"rendered":"<p>Entre vacaciones y cocina casera en Punta del Este, la empresaria, hermana de Susana Gim\u00e9nez, comparte con Teleshow el valor de sus afectos transformando lo cotidiano en recuerdos imborrables En el abrazo de una casa llena de risas, aromas de cocina casera y el murmullo familiar de las charlas interminables, Carolina Gim\u00e9nez Aubert siente que [&hellip;]<\/p>\n","protected":false},"author":2,"featured_media":71772,"comment_status":"","ping_status":"","sticky":false,"template":"","format":"standard","meta":{"footnotes":""},"categories":[12],"tags":[],"_links":{"self":[{"href":"https:\/\/maxradio923.com.ar\/index.php\/wp-json\/wp\/v2\/posts\/71771"}],"collection":[{"href":"https:\/\/maxradio923.com.ar\/index.php\/wp-json\/wp\/v2\/posts"}],"about":[{"href":"https:\/\/maxradio923.com.ar\/index.php\/wp-json\/wp\/v2\/types\/post"}],"author":[{"embeddable":true,"href":"https:\/\/maxradio923.com.ar\/index.php\/wp-json\/wp\/v2\/users\/2"}],"replies":[{"embeddable":true,"href":"https:\/\/maxradio923.com.ar\/index.php\/wp-json\/wp\/v2\/comments?post=71771"}],"version-history":[{"count":0,"href":"https:\/\/maxradio923.com.ar\/index.php\/wp-json\/wp\/v2\/posts\/71771\/revisions"}],"wp:featuredmedia":[{"embeddable":true,"href":"https:\/\/maxradio923.com.ar\/index.php\/wp-json\/wp\/v2\/media\/71772"}],"wp:attachment":[{"href":"https:\/\/maxradio923.com.ar\/index.php\/wp-json\/wp\/v2\/media?parent=71771"}],"wp:term":[{"taxonomy":"category","embeddable":true,"href":"https:\/\/maxradio923.com.ar\/index.php\/wp-json\/wp\/v2\/categories?post=71771"},{"taxonomy":"post_tag","embeddable":true,"href":"https:\/\/maxradio923.com.ar\/index.php\/wp-json\/wp\/v2\/tags?post=71771"}],"curies":[{"name":"wp","href":"https:\/\/api.w.org\/{rel}","templated":true}]}}