{"id":71769,"date":"2026-01-14T05:30:03","date_gmt":"2026-01-14T08:30:03","guid":{"rendered":"https:\/\/maxradio923.com.ar\/index.php\/2026\/01\/14\/condenaron-a-un-hombre-por-haber-abusado-sexualmente-de-su-sobrina-de-18-anos\/"},"modified":"2026-01-14T05:30:03","modified_gmt":"2026-01-14T08:30:03","slug":"condenaron-a-un-hombre-por-haber-abusado-sexualmente-de-su-sobrina-de-18-anos","status":"publish","type":"post","link":"https:\/\/maxradio923.com.ar\/index.php\/2026\/01\/14\/condenaron-a-un-hombre-por-haber-abusado-sexualmente-de-su-sobrina-de-18-anos\/","title":{"rendered":"Condenaron a un hombre por haber abusado sexualmente de su sobrina de 18 a\u00f1os"},"content":{"rendered":"<p><\/p>\n<h2 class=\"article-subheadline text_align_left\">La querella hab\u00eda pedido una pena de 15 a\u00f1os, luego de que apuntaran que la v\u00edctima hab\u00eda atentado contra su vida d\u00edas despu\u00e9s de haber sido violentada. Sin embargo, el juez resolvi\u00f3 imponer una pena intermedia y otras medidas accesorias <\/h2>\n<p><\/p>\n<p class=\"paragraph\">La <b>Justicia de <\/b><b>Santa Fe<\/b> dict\u00f3 <b>una condena de nueve a\u00f1os de prisi\u00f3n<\/b> en contra de <b>M. R.<\/b>, un hombre que hab\u00eda sido denunciado por el <b>abuso sexual<\/b><b> <\/b>de su sobrina. Seg\u00fan relat\u00f3 la v\u00edctima, el ataque ocurri\u00f3 el d\u00eda en que ella cumpli\u00f3 18 a\u00f1os.<\/p>\n<p><\/p>\n<p class=\"paragraph\">Tras cargar algunos muebles en la camioneta, cont\u00f3 que M. R. la condujo a un dormitorio que pertenec\u00eda a su madre y cometi\u00f3 el abuso. De acuerdo con la informaci\u00f3n publicada por <i>Aire de Santa Fe<\/i>, a la hora de recordar los hechos, la v\u00edctima hizo \u00e9nfasis en la resistencia manifiesta que present\u00f3 para evitar el ataque sexual.<\/p>\n<p><\/p>\n<p class=\"paragraph\">Durante el juicio, los representantes de la joven remarcaron el car\u00e1cter \u201c<b>preciso, sostenido, sin contradicciones<\/b>\u201d del relato de la joven al hablar del v\u00ednculo con su t\u00edo. \u201cEra una relaci\u00f3n de afecto, de confianza, G. lo quer\u00eda a su t\u00edo\u201d, afirm\u00f3 la abogada <b>Carolina Walker Torres<\/b> en su alegato.<\/p>\n<p><\/p>\n<p class=\"paragraph\">En este sentido, la letrada remarc\u00f3 que la descripci\u00f3n de los hechos incluy\u00f3 detalles de c\u00f3mo fue sorprendida, forzada y resisti\u00f3 entre l\u00e1grimas. En la exposici\u00f3n final de la querella, apunt\u00f3 que la agresi\u00f3n hab\u00eda provocado efectos graves en la salud mental de la joven, ya que comenz\u00f3 a experimentar una gran angustia y lleg\u00f3 a intentar quitarse la vida pocos d\u00edas despu\u00e9s.<\/p>\n<p><\/p>\n<p class=\"paragraph\">Por otro lado, el testimonio de la v\u00edctima fue respaldado por el de sus hermanas, quienes tambi\u00e9n denunciaron conductas abusivas previas de M. R. Adem\u00e1s, G. relat\u00f3 que desde los quince a\u00f1os su t\u00edo hab\u00eda incurrido en tocamientos que culminaron en la violaci\u00f3n consumada el d\u00eda de su cumplea\u00f1os. <\/p>\n<p><\/p>\n<p class=\"paragraph\">\u201cEse tipo de delitos no destruyen solo a la v\u00edctima directa, destruyen familias enteras. Las familias se parten, se dividen entre quienes apoyan a la v\u00edctima y quienes defienden al victimario, generando aislamiento, segregaci\u00f3n, culpas impuestas y dolores que se arrastran por generaciones\u201d, evalu\u00f3 la abogada sobre las dem\u00e1s consecuencias que tuvo el delito y posterior denuncia de la joven en su c\u00edrculo.<\/p>\n","protected":false},"excerpt":{"rendered":"<p>La querella hab\u00eda pedido una pena de 15 a\u00f1os, luego de que apuntaran que la v\u00edctima hab\u00eda atentado contra su vida d\u00edas despu\u00e9s de haber sido violentada. Sin embargo, el juez resolvi\u00f3 imponer una pena intermedia y otras medidas accesorias La Justicia de Santa Fe dict\u00f3 una condena de nueve a\u00f1os de prisi\u00f3n en contra [&hellip;]<\/p>\n","protected":false},"author":2,"featured_media":71770,"comment_status":"","ping_status":"","sticky":false,"template":"","format":"standard","meta":{"footnotes":""},"categories":[12],"tags":[],"_links":{"self":[{"href":"https:\/\/maxradio923.com.ar\/index.php\/wp-json\/wp\/v2\/posts\/71769"}],"collection":[{"href":"https:\/\/maxradio923.com.ar\/index.php\/wp-json\/wp\/v2\/posts"}],"about":[{"href":"https:\/\/maxradio923.com.ar\/index.php\/wp-json\/wp\/v2\/types\/post"}],"author":[{"embeddable":true,"href":"https:\/\/maxradio923.com.ar\/index.php\/wp-json\/wp\/v2\/users\/2"}],"replies":[{"embeddable":true,"href":"https:\/\/maxradio923.com.ar\/index.php\/wp-json\/wp\/v2\/comments?post=71769"}],"version-history":[{"count":0,"href":"https:\/\/maxradio923.com.ar\/index.php\/wp-json\/wp\/v2\/posts\/71769\/revisions"}],"wp:featuredmedia":[{"embeddable":true,"href":"https:\/\/maxradio923.com.ar\/index.php\/wp-json\/wp\/v2\/media\/71770"}],"wp:attachment":[{"href":"https:\/\/maxradio923.com.ar\/index.php\/wp-json\/wp\/v2\/media?parent=71769"}],"wp:term":[{"taxonomy":"category","embeddable":true,"href":"https:\/\/maxradio923.com.ar\/index.php\/wp-json\/wp\/v2\/categories?post=71769"},{"taxonomy":"post_tag","embeddable":true,"href":"https:\/\/maxradio923.com.ar\/index.php\/wp-json\/wp\/v2\/tags?post=71769"}],"curies":[{"name":"wp","href":"https:\/\/api.w.org\/{rel}","templated":true}]}}