{"id":7130,"date":"2023-10-12T09:24:13","date_gmt":"2023-10-12T12:24:13","guid":{"rendered":"https:\/\/maxradio923.com\/index.php\/2023\/10\/12\/comenzo-la-evacuacion-de-los-argentinos-que-pidieron-salir-de-israel\/"},"modified":"2023-10-12T09:24:13","modified_gmt":"2023-10-12T12:24:13","slug":"comenzo-la-evacuacion-de-los-argentinos-que-pidieron-salir-de-israel","status":"publish","type":"post","link":"https:\/\/maxradio923.com.ar\/index.php\/2023\/10\/12\/comenzo-la-evacuacion-de-los-argentinos-que-pidieron-salir-de-israel\/","title":{"rendered":"Comenz\u00f3 la evacuaci\u00f3n de los argentinos que pidieron salir de Israel"},"content":{"rendered":"<p><img decoding=\"async\" src=\"https:\/\/diariod3.com\/inicio\/wp-content\/uploads\/2023\/10\/regreso-1.jpg\"\/><\/p>\n<p>Un primer grupo de 49 argentinos evacuados de Israel <strong>ya se encuentran en vuelo hacia la ciudad de Roma<\/strong> (Italia) para luego regresar a la Argentina, en el marco del operativo \u00abRegreso Seguro\u00bb organizado en forma conjunta por la Canciller\u00eda, el Ministerio de Defensa y las Fuerzas Armadas tras los ataques del grupo islamista palestino Hamas en territorio israel\u00ed.<\/p>\n<p>\u00abComenz\u00f3 la evacuaci\u00f3n de los argentinos que se encuentran en Israel. El primer grupo de argentinos y argentinas parti\u00f3 en el H\u00e9rcules desde el aeropuerto de Tel Aviv hacia Roma para luego regresar a nuestro pa\u00eds\u00bb, inform\u00f3 la ma\u00f1ana de este jueves la Canciller\u00eda en su cuenta de la plataforma X (antes Twitter).<\/p>\n<figure><img decoding=\"async\" src=\"https:\/\/www.telam.com.ar\/thumbs\/bluesteel\/advf\/imagenes\/2023\/10\/6527d30b3014e_1200.jpg\" alt=\"Foto Prensa\"\/><br \/>\n<\/figure>\n<p>El avi\u00f3n H\u00e9rcules c-130 parti\u00f3 desde el aeropuerto de Tel Aviv, a donde hab\u00eda arribado la noche del mi\u00e9rcoles a las 23.28 (hora argentina) para realizar un puente a\u00e9reo entre el aeropuerto Ben Gurion de la capital israel\u00ed y el de Roma, a donde aterrizar\u00e1n aproximadamente entre las 8 y las 9 de la ma\u00f1ana de este jueves (hora argentina).<\/p>\n<figure><img decoding=\"async\" src=\"https:\/\/www.telam.com.ar\/thumbs\/bluesteel\/advf\/imagenes\/2023\/10\/6527d30b53c1e_1200.jpg\" alt=\"Foto Prensa\"\/><br \/>\n<\/figure>\n<p>Una vez en la capital italiana, <strong>los argentinos ser\u00e1n asistidos por la embajada en esa ciudad<\/strong>, hasta el momento de regresar al territorio nacional, trayecto que ser\u00e1 efectuado con aviones de Aerol\u00edneas Argentinas.<\/p>\n<p>El canciller Santiago Cafiero destac\u00f3 que se trata de \u00abun trabajo articulado entre el Ministerio de Relaciones Exteriores, el de Defensa y Aerol\u00edneas Argentinas\u00bb, y agreg\u00f3 que la Canciller\u00eda est\u00e1 trabajando en conjunto con la Asociaci\u00f3n Mutual Israelita Argentina (AMIA) \u00abpara que a trav\u00e9s de iniciativas privadas, podamos evacuar a argentinos y argentinas con mayor velocidad\u00bb.<\/p>\n<p>\u00abFue un vuelo muy sobreexigido, de m\u00e1s de 30 horas y con 5 escalas, pero finalmente pudimos embarcar el primer contingente que en momentos estar\u00e1 aterrizando en Roma. Es un grupo reducido de 49 personas\u00bb, explic\u00f3 la ma\u00f1ana de este jueves en di\u00e1logo con Todo Noticias (TN) el general Jorge Berrero, jefe del operativo.<\/p>\n<figure><img decoding=\"async\" src=\"https:\/\/www.telam.com.ar\/thumbs\/bluesteel\/advf\/imagenes\/2023\/10\/6527d30b65a27_1200.jpg\" alt=\"Foto Prensa\"\/><br \/>\n<\/figure>\n<p>Seg\u00fan explic\u00f3, <strong>\u00abla idea es generar tres puentes a\u00e9reos diarios, con 210 personas por d\u00eda<\/strong>, para lo cual solicitamos otra aeronave a la Fuerza A\u00e9rea Argentina\u00bb.<\/p>\n<p>En tanto, desde el Comando Operacional de las Fuerzas Armadas informaron que la operaci\u00f3n Regreso Seguro \u00abalcanz\u00f3 de esta manera su primer objetivo, el aeropuerto Ben Guri\u00f3n en Israel\u00bb.<\/p>\n<p>\u00abAsimismo, se contin\u00faa evaluando la situaci\u00f3n en el \u00e1rea de operaciones para empe\u00f1ar m\u00e1s recursos que se encuentran en alistamiento para agilizar bajo condiciones seguras la din\u00e1mica de la evacuaci\u00f3n\u00bb, puntualizaron desde su cuenta en X.<\/p>\n<p>Cafiero explic\u00f3 el jueves que se trabaja en cooperaci\u00f3n con la mutual jud\u00eda AMIA para que un vuelo privado se sume al operativo de repatriaci\u00f3n.<\/p>\n<p>Fuente: T\u00e9lam<br \/>\nPor: Rivero Cecilia<\/p>\n<p>La entrada <a href=\"https:\/\/diariod3.com\/inicio\/comenzo-la-evacuacion-de-los-argentinos-que-pidieron-salir-de-israel\/\" rel=\"noreferrer noopener\" target=\"_blank\">Comenz\u00f3 la evacuaci\u00f3n de los argentinos que pidieron salir de Israel<\/a> se public\u00f3 primero en <a href=\"https:\/\/diariod3.com\/inicio\" rel=\"noreferrer noopener\" target=\"_blank\">DIARIO D3 NOTICIAS<\/a>.<\/p>\n","protected":false},"excerpt":{"rendered":"<p>Un primer grupo de 49 argentinos evacuados de Israel ya se encuentran en vuelo hacia la ciudad de Roma (Italia) para luego regresar a la Argentina, en el marco del operativo \u00abRegreso Seguro\u00bb organizado en forma conjunta por la Canciller\u00eda, el Ministerio de Defensa y las Fuerzas Armadas tras los ataques del grupo islamista palestino [&hellip;]<\/p>\n","protected":false},"author":2,"featured_media":7131,"comment_status":"","ping_status":"","sticky":false,"template":"","format":"standard","meta":{"footnotes":""},"categories":[12],"tags":[],"_links":{"self":[{"href":"https:\/\/maxradio923.com.ar\/index.php\/wp-json\/wp\/v2\/posts\/7130"}],"collection":[{"href":"https:\/\/maxradio923.com.ar\/index.php\/wp-json\/wp\/v2\/posts"}],"about":[{"href":"https:\/\/maxradio923.com.ar\/index.php\/wp-json\/wp\/v2\/types\/post"}],"author":[{"embeddable":true,"href":"https:\/\/maxradio923.com.ar\/index.php\/wp-json\/wp\/v2\/users\/2"}],"replies":[{"embeddable":true,"href":"https:\/\/maxradio923.com.ar\/index.php\/wp-json\/wp\/v2\/comments?post=7130"}],"version-history":[{"count":0,"href":"https:\/\/maxradio923.com.ar\/index.php\/wp-json\/wp\/v2\/posts\/7130\/revisions"}],"wp:featuredmedia":[{"embeddable":true,"href":"https:\/\/maxradio923.com.ar\/index.php\/wp-json\/wp\/v2\/media\/7131"}],"wp:attachment":[{"href":"https:\/\/maxradio923.com.ar\/index.php\/wp-json\/wp\/v2\/media?parent=7130"}],"wp:term":[{"taxonomy":"category","embeddable":true,"href":"https:\/\/maxradio923.com.ar\/index.php\/wp-json\/wp\/v2\/categories?post=7130"},{"taxonomy":"post_tag","embeddable":true,"href":"https:\/\/maxradio923.com.ar\/index.php\/wp-json\/wp\/v2\/tags?post=7130"}],"curies":[{"name":"wp","href":"https:\/\/api.w.org\/{rel}","templated":true}]}}