{"id":7120,"date":"2023-10-12T05:14:35","date_gmt":"2023-10-12T08:14:35","guid":{"rendered":"https:\/\/maxradio923.com\/index.php\/2023\/10\/12\/el-mercado-artesanal-impulsa-el-desarrollo-economico-y-cultural-de-los-artesanos-en-san-juan\/"},"modified":"2023-10-12T05:14:35","modified_gmt":"2023-10-12T08:14:35","slug":"el-mercado-artesanal-impulsa-el-desarrollo-economico-y-cultural-de-los-artesanos-en-san-juan","status":"publish","type":"post","link":"https:\/\/maxradio923.com.ar\/index.php\/2023\/10\/12\/el-mercado-artesanal-impulsa-el-desarrollo-economico-y-cultural-de-los-artesanos-en-san-juan\/","title":{"rendered":"EL MERCADO ARTESANAL IMPULSA EL DESARROLLO ECON\u00d3MICO Y CULTURAL DE LOS ARTESANOS EN SAN JUAN"},"content":{"rendered":"<p><img decoding=\"async\" src=\"https:\/\/diariod3.com\/inicio\/wp-content\/uploads\/2023\/10\/fa9ddf794c9306da1b6b763dc3135e57_L.jpg\"\/><\/p>\n<p>El espacio cultural destaca por su impacto en la comunidad artesanal de la provincia.<\/p>\n<p><a href=\"https:\/\/sisanjuan.b-cdn.net\/media\/k2\/items\/cache\/fa9ddf794c9306da1b6b763dc3135e57_XL.jpg\" rel=\"noreferrer noopener\" target=\"_blank\"><img decoding=\"async\" src=\"https:\/\/sisanjuan.b-cdn.net\/media\/k2\/items\/cache\/fa9ddf794c9306da1b6b763dc3135e57_L.jpg\" alt=\"El Mercado Artesanal impulsa el desarrollo econ\u00f3mico y cultural de los artesanos en San Juan\"\/><\/a><\/p>\n<p>El Mercado Artesanal Tradicional Luisa Escudero, dependiente del Ministerio de Turismo y Cultura, ha experimentado un crecimiento y una influencia notables, evidenciados en cifras impactantes que destacan su impacto en la comunidad artesanal de la provincia.<\/p>\n<p>Desde el lanzamiento del Programa de Revalorizaci\u00f3n y Desarrollo, el mercado ha llevado a cabo 58 viajes a diferentes departamentos, visitando los hogares-talleres de 260 artesanos. Este esfuerzo ha alcanzado a 610 artesanos en el territorio, con 350 de ellos capacitados integralmente en turismo y dise\u00f1o. Actualmente, el registro de artesanos activos vinculados al programa es de 160.<\/p>\n<p>La Certificaci\u00f3n de Identidad Artesana ha sido un sello de calidad y origen para 168 artesanos, con 6 distinciones a la trayectoria y 32 distinciones a la excelencia artesanal y al aporte a la identidad sanjuanina.<\/p>\n<p>Por otro lado, el mercado ha llevado a cabo 86 capacitaciones en oficios tradicionales, alcanzando a 1290 artesanos y emprendedores. Asimismo, 15 de ellos han llevado adelante talleres en sus comunidades, contribuyendo as\u00ed a la difusi\u00f3n de saberes.<\/p>\n<p>En t\u00e9rminos de infraestructura, el mercado ha experimentado una refuncionalizaci\u00f3n de sus espacios, con la reparaci\u00f3n de da\u00f1os sufridos por el tiempo y terremotos. En la Tienda del Mercado, la colecci\u00f3n permanente, conformada por 46 piezas, ha atra\u00eddo a 3000 turistas desde enero a julio de 2023.<\/p>\n<p>Adem\u00e1s, la participaci\u00f3n en ferias y eventos nacionales e internacionales ha sido un foco importante. Con 45 artesanos participando en la Feria de Artesan\u00edas en los jardines del mercado en 24 ocasiones, se ha proyectado la artesan\u00eda sanjuanina en diferentes puntos del pa\u00eds.<\/p>\n<p>Estas cifras reflejan el compromiso continuo del Mercado Artesanal Tradicional Luisa Escudero en impulsar el desarrollo econ\u00f3mico y cultural de los artesanos en San Juan, preservando la identidad y proyectando su trabajo a nivel nacional e internacional.<\/p>\n<p>La entrada <a href=\"https:\/\/diariod3.com\/inicio\/el-mercado-artesanal-impulsa-el-desarrollo-economico-y-cultural-de-los-artesanos-en-san-juan\/\" rel=\"noreferrer noopener\" target=\"_blank\">EL MERCADO ARTESANAL IMPULSA EL DESARROLLO ECON\u00d3MICO Y CULTURAL DE LOS ARTESANOS EN SAN JUAN<\/a> se public\u00f3 primero en <a href=\"https:\/\/diariod3.com\/inicio\" rel=\"noreferrer noopener\" target=\"_blank\">DIARIO D3 NOTICIAS<\/a>.<\/p>\n","protected":false},"excerpt":{"rendered":"<p>El espacio cultural destaca por su impacto en la comunidad artesanal de la provincia. El Mercado Artesanal Tradicional Luisa Escudero, dependiente del Ministerio de Turismo y Cultura, ha experimentado un crecimiento y una influencia notables, evidenciados en cifras impactantes que destacan su impacto en la comunidad artesanal de la provincia. Desde el lanzamiento del Programa [&hellip;]<\/p>\n","protected":false},"author":1,"featured_media":7121,"comment_status":"","ping_status":"","sticky":false,"template":"","format":"standard","meta":{"footnotes":""},"categories":[10],"tags":[],"_links":{"self":[{"href":"https:\/\/maxradio923.com.ar\/index.php\/wp-json\/wp\/v2\/posts\/7120"}],"collection":[{"href":"https:\/\/maxradio923.com.ar\/index.php\/wp-json\/wp\/v2\/posts"}],"about":[{"href":"https:\/\/maxradio923.com.ar\/index.php\/wp-json\/wp\/v2\/types\/post"}],"author":[{"embeddable":true,"href":"https:\/\/maxradio923.com.ar\/index.php\/wp-json\/wp\/v2\/users\/1"}],"replies":[{"embeddable":true,"href":"https:\/\/maxradio923.com.ar\/index.php\/wp-json\/wp\/v2\/comments?post=7120"}],"version-history":[{"count":0,"href":"https:\/\/maxradio923.com.ar\/index.php\/wp-json\/wp\/v2\/posts\/7120\/revisions"}],"wp:featuredmedia":[{"embeddable":true,"href":"https:\/\/maxradio923.com.ar\/index.php\/wp-json\/wp\/v2\/media\/7121"}],"wp:attachment":[{"href":"https:\/\/maxradio923.com.ar\/index.php\/wp-json\/wp\/v2\/media?parent=7120"}],"wp:term":[{"taxonomy":"category","embeddable":true,"href":"https:\/\/maxradio923.com.ar\/index.php\/wp-json\/wp\/v2\/categories?post=7120"},{"taxonomy":"post_tag","embeddable":true,"href":"https:\/\/maxradio923.com.ar\/index.php\/wp-json\/wp\/v2\/tags?post=7120"}],"curies":[{"name":"wp","href":"https:\/\/api.w.org\/{rel}","templated":true}]}}