{"id":7116,"date":"2023-10-12T03:04:24","date_gmt":"2023-10-12T06:04:24","guid":{"rendered":"https:\/\/maxradio923.com\/index.php\/2023\/10\/12\/fin-de-semana-largo-la-reserva-hotelera-trepa-al-70-en-san-juan\/"},"modified":"2023-10-12T03:04:24","modified_gmt":"2023-10-12T06:04:24","slug":"fin-de-semana-largo-la-reserva-hotelera-trepa-al-70-en-san-juan","status":"publish","type":"post","link":"https:\/\/maxradio923.com.ar\/index.php\/2023\/10\/12\/fin-de-semana-largo-la-reserva-hotelera-trepa-al-70-en-san-juan\/","title":{"rendered":"FIN DE SEMANA LARGO: LA RESERVA HOTELERA TREPA AL 70% EN SAN JUAN"},"content":{"rendered":"<p><img decoding=\"async\" src=\"https:\/\/diariod3.com\/inicio\/wp-content\/uploads\/2023\/10\/turismo-1.jpg\"\/><\/p>\n<p>San Juan es uno de los destinos m\u00e1s elegidos por su belleza natural y la variada oferta de eventos culturales, de entretenimiento y aventura.<\/p>\n<p><a href=\"https:\/\/sisanjuan.b-cdn.net\/media\/k2\/items\/cache\/6f86d0878a3e976785d5afe2d2975fc3_XL.jpg\" rel=\"noreferrer noopener\" target=\"_blank\"><img decoding=\"async\" src=\"https:\/\/sisanjuan.b-cdn.net\/media\/k2\/items\/cache\/6f86d0878a3e976785d5afe2d2975fc3_L.jpg\" alt=\"La reserva hotelera por el fin de semana extra largo supera el 70%\"\/><\/a><\/p>\n<p>El pr\u00f3ximo fin de semana largo es una buena opci\u00f3n para visitar San Juan por su gran atractivo tur\u00edstico. La provincia se convirti\u00f3 en uno de los destinos m\u00e1s elegidos por quienes desean renovar energ\u00edas en un entorno de belleza natural y una variada oferta de eventos culturales y de entretenimiento. Esto se refleja en la reserva hotelera, del 13 al 17 de octubre, que supera el 70%.<\/p>\n<p>El Ministerio de Turismo y Cultura, junto a prestadores privados y los 19 municipios, organiz\u00f3 una serie de eventos para que los visitantes disfruten al m\u00e1ximo estos cuatro d\u00edas de descanso.<br \/>Entre las destacadas actividades, se encuentra el 1\u00b0 Festival Internacional de M\u00fasica de C\u00e1mara 2023, donde la provincia estar\u00e1 representada por Marcelo Gonz\u00e1lez, quien presentar\u00e1 \u00abSincronismos\u00bb. Este evento se llevar\u00e1 a cabo el jueves 12 a las 21:00 hs. en el Auditorio Juan Victoria y la entrada es libre y gratuita.<\/p>\n<p>Adem\u00e1s, la primera edici\u00f3n del Festival Regional de Teatro Musical ofrecer\u00e1 dos imperdibles obras en la Sala Audit\u00f3rium, del Teatro del Bicentenario. \u00abUn Loco Experimento\u00bb se presentar\u00e1 el viernes 13 a las 21:00 hs., mientras que \u00abEn la Noche Hay\u2026 Demonios\u00bb tendr\u00e1 lugar el s\u00e1bado 14 de octubre a las 21:30 hs.<\/p>\n<p>Los amantes de los autom\u00f3viles podr\u00e1n disfrutar del Encuentro Nacional de Falc\u00f3n, organizado por Fana Falc\u00f3n, del 13 al 15 de octubre. El evento incluir\u00e1 un acto inaugural, picadas, caravana por Ruta Interlagos y una exposici\u00f3n est\u00e1tica, entre otras actividades.<\/p>\n<p>Para los aficionados a las motocicletas, la Expo OnTheRoad es una cita imperdible el s\u00e1bado 14 de octubre desde las 10:00 hs. hasta la medianoche en la Ex Bodega Cinzano. Habr\u00e1 m\u00fasica, food trucks, tattoo, expositores y sorteos, con la posibilidad de ganar una moto 0km custom.<\/p>\n<p>Los amantes de la cultura y el arte podr\u00e1n disfrutar de la exposici\u00f3n de emprendedores, artesanos, dise\u00f1adores y food trucks, as\u00ed como de los shows en vivo el domingo 15 de octubre de 18:00 a 22:30 hs. en el Sal\u00f3n de Eventos El Almendro.<\/p>\n<p>Adem\u00e1s de estos eventos, San Juan ofrece oportunidades para la aventura como trekking por las monta\u00f1as, cabalgatas, tirolesas y actividades de agua en el Dique Punta Negra. La Ruta del Vino invita a degustar los varietales locales, mientras que los espacios culturales ofrecen visitas guiadas y espect\u00e1culos para toda la familia.<\/p>\n<p>Los interesados pueden conocer toda la oferta ingresando a <a href=\"https:\/\/www.sanjuan.tur.ar\/\" rel=\"noreferrer noopener\" target=\"_blank\">sanjuan.tur.ar<\/a> all\u00ed podr\u00e1n encontrar el <a href=\"https:\/\/drive.google.com\/file\/d\/1xY-nbxXytfcnmG0siaj2B0sL7j3YmTCN\/view\" rel=\"noreferrer noopener\" target=\"_blank\">detalle de las actividades<\/a>, hora, costos y tel\u00e9fonos. Tambi\u00e9n, la <a href=\"https:\/\/drive.google.com\/file\/d\/1LGbrryM1pa7whsKKQSPUpwF0j2rwRLAk\/view\" rel=\"noreferrer noopener\" target=\"_blank\">gu\u00eda de prestadores<\/a> para realizar todas las consultas necesarias.<\/p>\n<p>San Juan es ideal para descansar y disfrutar de los paisajes de monta\u00f1as \u00fanicos, sumado a propuestas de actividades para todos los gustos.<\/p>\n<p>La entrada <a href=\"https:\/\/diariod3.com\/inicio\/fin-de-semana-largo-la-reserva-hotelera-trepa-al-70-en-san-juan\/\" rel=\"noreferrer noopener\" target=\"_blank\">FIN DE SEMANA LARGO: LA RESERVA HOTELERA TREPA AL 70% EN SAN JUAN<\/a> se public\u00f3 primero en <a href=\"https:\/\/diariod3.com\/inicio\" rel=\"noreferrer noopener\" target=\"_blank\">DIARIO D3 NOTICIAS<\/a>.<\/p>\n","protected":false},"excerpt":{"rendered":"<p>San Juan es uno de los destinos m\u00e1s elegidos por su belleza natural y la variada oferta de eventos culturales, de entretenimiento y aventura. El pr\u00f3ximo fin de semana largo es una buena opci\u00f3n para visitar San Juan por su gran atractivo tur\u00edstico. La provincia se convirti\u00f3 en uno de los destinos m\u00e1s elegidos por [&hellip;]<\/p>\n","protected":false},"author":1,"featured_media":7117,"comment_status":"","ping_status":"","sticky":false,"template":"","format":"standard","meta":{"footnotes":""},"categories":[10],"tags":[],"_links":{"self":[{"href":"https:\/\/maxradio923.com.ar\/index.php\/wp-json\/wp\/v2\/posts\/7116"}],"collection":[{"href":"https:\/\/maxradio923.com.ar\/index.php\/wp-json\/wp\/v2\/posts"}],"about":[{"href":"https:\/\/maxradio923.com.ar\/index.php\/wp-json\/wp\/v2\/types\/post"}],"author":[{"embeddable":true,"href":"https:\/\/maxradio923.com.ar\/index.php\/wp-json\/wp\/v2\/users\/1"}],"replies":[{"embeddable":true,"href":"https:\/\/maxradio923.com.ar\/index.php\/wp-json\/wp\/v2\/comments?post=7116"}],"version-history":[{"count":0,"href":"https:\/\/maxradio923.com.ar\/index.php\/wp-json\/wp\/v2\/posts\/7116\/revisions"}],"wp:featuredmedia":[{"embeddable":true,"href":"https:\/\/maxradio923.com.ar\/index.php\/wp-json\/wp\/v2\/media\/7117"}],"wp:attachment":[{"href":"https:\/\/maxradio923.com.ar\/index.php\/wp-json\/wp\/v2\/media?parent=7116"}],"wp:term":[{"taxonomy":"category","embeddable":true,"href":"https:\/\/maxradio923.com.ar\/index.php\/wp-json\/wp\/v2\/categories?post=7116"},{"taxonomy":"post_tag","embeddable":true,"href":"https:\/\/maxradio923.com.ar\/index.php\/wp-json\/wp\/v2\/tags?post=7116"}],"curies":[{"name":"wp","href":"https:\/\/api.w.org\/{rel}","templated":true}]}}