{"id":7101,"date":"2023-10-12T00:54:24","date_gmt":"2023-10-12T03:54:24","guid":{"rendered":"https:\/\/maxradio923.com\/index.php\/2023\/10\/12\/san-juan-sera-sede-de-la-1a-edicion-del-festival-regional-teatro-musical\/"},"modified":"2023-10-12T00:54:24","modified_gmt":"2023-10-12T03:54:24","slug":"san-juan-sera-sede-de-la-1a-edicion-del-festival-regional-teatro-musical","status":"publish","type":"post","link":"https:\/\/maxradio923.com.ar\/index.php\/2023\/10\/12\/san-juan-sera-sede-de-la-1a-edicion-del-festival-regional-teatro-musical\/","title":{"rendered":"San Juan ser\u00e1 sede de la 1\u00aa Edici\u00f3n del Festival Regional Teatro Musical"},"content":{"rendered":"<p><img decoding=\"async\" src=\"https:\/\/diariod3.com\/inicio\/wp-content\/uploads\/2023\/10\/teatro-del-bicentenario.jpg\"\/><br \/>\nSer\u00e1 el 13 y 14 de octubre y en cada una de las noches saldr\u00e1 a escena una producci\u00f3n netamente local.<\/p>\n<p><a href=\"https:\/\/sisanjuan.b-cdn.net\/media\/k2\/items\/cache\/f0668b34783b1f166084d6cf7c7186d7_XL.jpg\" rel=\"noreferrer noopener\" target=\"_blank\"><img decoding=\"async\" src=\"https:\/\/sisanjuan.b-cdn.net\/media\/k2\/items\/cache\/f0668b34783b1f166084d6cf7c7186d7_L.jpg\" alt=\"San Juan ser\u00e1 sede de la 1\u00aa Edici\u00f3n del Festival Regional Teatro Musical\"\/><\/a><\/p>\n<p>En el marco de la 1\u00aa Edici\u00f3n Regi\u00f3n Cuyo del festival, el p\u00fablico podr\u00e1 disfrutar de una master class en canto, actuaci\u00f3n, danza, direcci\u00f3n y dramaturgia. Adem\u00e1s, habr\u00e1 conversatorios con diferentes exponentes del g\u00e9nero a nivel local, nacional e internacional.<\/p>\n<p>Cabe destacar que durante las noches del 13 y 14 de octubre tendr\u00e1n lugar en la Sala Auditorium del Teatro del Bicentenario, un par de musicales originales que son de creaci\u00f3n y producci\u00f3n puramente sanjuanina. Se trata de las obras \u201cUn loco experimento\u201d y \u201cEn la noche hay demonios\u201d. Ambas funciones comenzar\u00e1n a las 21.<\/p>\n<p><img decoding=\"async\" src=\"https:\/\/diariod3.com\/inicio\/wp-content\/uploads\/2023\/10\/53250749051_8eb9979ec3_b.jpg\"\/> <img decoding=\"async\" src=\"https:\/\/diariod3.com\/inicio\/wp-content\/uploads\/2023\/10\/53251043303_7b3e7a3588_b.jpg\"\/><\/p>\n<p>Tambi\u00e9n es importante resaltar que dichos encuentros est\u00e1n incluidos en los proyectos declarados de inter\u00e9s cultural por el consejo de Mecenazgo, en el marco de la Ley 2197-F, que impulsa el Gobierno de San Juan a trav\u00e9s del Ministerio de Turismo y Cultura.<\/p>\n<p>Por otro lado, y a trav\u00e9s de audiciones, se brindar\u00e1n becas de formaci\u00f3n. El festival estimula la federalizaci\u00f3n de la profesionalizaci\u00f3n de las artes esc\u00e9nicas espec\u00edficamente del teatro musical que permita mejorar el nivel de las producciones que se realizan en la regi\u00f3n.<\/p>\n<p>Finalmente, se dio a conocer que el valor de los aranceles ser\u00e1 de $12.000 (mes de septiembre) y $15.000 (mes de octubre). Tambi\u00e9n habr\u00e1 valores especiales para elencos y\/o instituciones de 5 o m\u00e1s personas (15% c\/u).<\/p>\n<p>Para m\u00e1s informaci\u00f3n, comunicarse v\u00eda telef\u00f3nica al 011 -57029750 \/ 2645449151 o v\u00eda email a festivalteatromusicalsj@gmail.com.<\/p>\n<h3>Grilla de actividades<\/h3>\n<p><img decoding=\"async\" src=\"https:\/\/diariod3.com\/inicio\/wp-content\/uploads\/2023\/10\/53249867737_04f714e2e9_b.jpg\"\/> <img decoding=\"async\" src=\"https:\/\/diariod3.com\/inicio\/wp-content\/uploads\/2023\/10\/53251043328_04f714e2e9_b.jpg\"\/><\/p>\n<p>La entrada <a href=\"https:\/\/diariod3.com\/inicio\/san-juan-sera-sede-de-la-1a-edicion-del-festival-regional-teatro-musical\/\" rel=\"noreferrer noopener\" target=\"_blank\">San Juan ser\u00e1 sede de la 1\u00aa Edici\u00f3n del Festival Regional Teatro Musical<\/a> se public\u00f3 primero en <a href=\"https:\/\/diariod3.com\/inicio\" rel=\"noreferrer noopener\" target=\"_blank\">DIARIO D3 NOTICIAS<\/a>.<\/p>\n","protected":false},"excerpt":{"rendered":"<p>Ser\u00e1 el 13 y 14 de octubre y en cada una de las noches saldr\u00e1 a escena una producci\u00f3n netamente local. En el marco de la 1\u00aa Edici\u00f3n Regi\u00f3n Cuyo del festival, el p\u00fablico podr\u00e1 disfrutar de una master class en canto, actuaci\u00f3n, danza, direcci\u00f3n y dramaturgia. Adem\u00e1s, habr\u00e1 conversatorios con diferentes exponentes del g\u00e9nero [&hellip;]<\/p>\n","protected":false},"author":1,"featured_media":7102,"comment_status":"","ping_status":"","sticky":false,"template":"","format":"standard","meta":{"footnotes":""},"categories":[10],"tags":[],"_links":{"self":[{"href":"https:\/\/maxradio923.com.ar\/index.php\/wp-json\/wp\/v2\/posts\/7101"}],"collection":[{"href":"https:\/\/maxradio923.com.ar\/index.php\/wp-json\/wp\/v2\/posts"}],"about":[{"href":"https:\/\/maxradio923.com.ar\/index.php\/wp-json\/wp\/v2\/types\/post"}],"author":[{"embeddable":true,"href":"https:\/\/maxradio923.com.ar\/index.php\/wp-json\/wp\/v2\/users\/1"}],"replies":[{"embeddable":true,"href":"https:\/\/maxradio923.com.ar\/index.php\/wp-json\/wp\/v2\/comments?post=7101"}],"version-history":[{"count":0,"href":"https:\/\/maxradio923.com.ar\/index.php\/wp-json\/wp\/v2\/posts\/7101\/revisions"}],"wp:featuredmedia":[{"embeddable":true,"href":"https:\/\/maxradio923.com.ar\/index.php\/wp-json\/wp\/v2\/media\/7102"}],"wp:attachment":[{"href":"https:\/\/maxradio923.com.ar\/index.php\/wp-json\/wp\/v2\/media?parent=7101"}],"wp:term":[{"taxonomy":"category","embeddable":true,"href":"https:\/\/maxradio923.com.ar\/index.php\/wp-json\/wp\/v2\/categories?post=7101"},{"taxonomy":"post_tag","embeddable":true,"href":"https:\/\/maxradio923.com.ar\/index.php\/wp-json\/wp\/v2\/tags?post=7101"}],"curies":[{"name":"wp","href":"https:\/\/api.w.org\/{rel}","templated":true}]}}