{"id":7097,"date":"2023-10-12T00:54:19","date_gmt":"2023-10-12T03:54:19","guid":{"rendered":"https:\/\/maxradio923.com\/index.php\/2023\/10\/12\/aseguran-que-sergio-massa-se-enojo-con-alberto-fernandez-por-la-denuncia-contra-milei\/"},"modified":"2023-10-12T07:24:07","modified_gmt":"2023-10-12T10:24:07","slug":"aseguran-que-sergio-massa-se-enojo-con-alberto-fernandez-por-la-denuncia-contra-milei","status":"publish","type":"post","link":"https:\/\/maxradio923.com.ar\/index.php\/2023\/10\/12\/aseguran-que-sergio-massa-se-enojo-con-alberto-fernandez-por-la-denuncia-contra-milei\/","title":{"rendered":"Aseguran que Sergio Massa se enoj\u00f3 con Alberto Fern\u00e1ndez por la denuncia contra Milei"},"content":{"rendered":"<p><img decoding=\"async\" src=\"https:\/\/diariod3.com\/inicio\/wp-content\/uploads\/2023\/10\/massa_con_alberto_1.jpg_1536916664.jpg\"\/><\/p>\n<p>El ministro de Econom\u00eda no estaba al tanto de la decisi\u00f3n del Presidente. \u201cLa decisi\u00f3n no fue consensuada\u201d, indicaron fuentes de Uni\u00f3n por la Patria.<\/p>\n<figure>\n<figure><img decoding=\"async\" src=\"https:\/\/www.diariodecuyo.com.ar\/__export\/1697070217225\/sites\/diariodecuyo\/img\/2023\/10\/11\/massa_con_alberto_1.jpg_1536916664.jpg\" alt=\"Aseguran que Sergio Massa se enoj\u00f3 con Alberto Fern\u00e1ndez por la denuncia contra Milei -\"\/><\/figure>\n<\/figure>\n<p>\u201cLa denuncia no fue consensuada. Sergio no estaba de acuerdo con eso\u201d, fue la sentencia que sali\u00f3 del entorno de Sergio Massa luego de que Alberto Fern\u00e1ndez denunciara penalmente a Javier Milei por incentivar a la gente a desarmar los plazos fijos en pesos y comprar d\u00f3lares, lo que en el oficialismo entienden que fue determinante para que se concrete la corrida cambiaria de ayer.<\/p>\n<p>El jefe de Estado present\u00f3 una denuncia en Comodoro Py por intimidaci\u00f3n p\u00fablica. \u201cLa poblaci\u00f3n se atemoriz\u00f3 respecto de la real posibilidad de que nuestra moneda, el peso, no mantenga su valor y contin\u00fae siendo el signo monetario del pa\u00eds\u201d, sostiene el escrito al que accedi\u00f3 Infobae.<\/p>\n<p>El ministro de Econom\u00eda no estaba al tanto de la denuncia que efectu\u00f3 el Presidente, lo que expone una importante falta de comunicaci\u00f3n entre los dos en medio de un clima de m\u00e1xima tensi\u00f3n por el aumento del d\u00f3lar paralelo, que rompi\u00f3 la barrera de los $1.000. \u201cNo le gust\u00f3 su accionar\u201d, explicaron en el b\u00fanker de UP.<\/p>\n<p>\u201cLe vamos a ganar a Milei en las urnas, no en tribunales\u201d, aseguraron cerca de Massa, que nunca estuvo de cuerdo con avanzar judicialmente sobre Milei. Por eso en su entorno sostienen que el Presidente \u201cse cort\u00f3 solo\u201d en la decisi\u00f3n y no la coordin\u00f3 con el candidato presidencial.<\/p>\n<p>Las \u00faltimas 48 horas del oficialismo fueron muy complejas. El d\u00f3lar blue se dispar\u00f3 y Massa sali\u00f3 a cruzar a los \u201ccuatro o cinco vivos\u201d que fomentaron la corrida, adem\u00e1s de tildar de \u201cirresponsable\u201d al l\u00edder de La Libertad Avanza, por asegurar que \u201cel peso no vale ni excremento\u201d y que el mejor camino \u201ces ir al d\u00f3lar\u201d, justo en un momento donde la tensi\u00f3n cambiaria es casi permanente y al Gobierno le faltan d\u00f3lares para intervenir en el mercado.<\/p>\n<p>El malestar del candidato peronista est\u00e1 radicado en que entienden que esa no es la forma de avanzar frente a la corrida cambiaria, sino con medidas concretas, como las que se tomaron hoy cuando se efectuaron operativos de la Polic\u00eda Federal y la Aduana, que terminaron con la detenci\u00f3n de un grupo de ciudadanos extranjeros con 800 mil d\u00f3lares en su poder.<\/p>\n<p>El ministro de Econom\u00eda avanz\u00f3 contra las cuevas y los operadores financieros que ve detr\u00e1s de la corrida que este martes termin\u00f3 con un nuevo alza del d\u00f3lar paralelo y gener\u00f3 un clima de inestabilidad a pocos d\u00edas de la elecci\u00f3n general. Ayer ya hab\u00eda prometido que su objetivo era \u201cmeter presos a los responsables\u201d, pero nunca hizo referencia a una posible denuncia penal.<\/p>\n<p>Luego de ser denunciado, Milei convoc\u00f3 a una conferencia de prensa junto al candidato a jefe de Gobierno porte\u00f1o Ramiro Marra. All\u00ed reivindic\u00f3 su postura respecto al peso argentino y afirm\u00f3: \u201cEl kirchnerismo est\u00e1 intentando ensuciar el proceso electoral o incluso proscribir a la fuerza m\u00e1s votada en las elecciones de agosto\u201d.<\/p>\n<p>En esa l\u00ednea, agreg\u00f3: \u201cSaben que estamos a pocos puntos de ganar en las elecciones de octubre y terminar con su gobierno de delincuentes para siempre. No vamos a aceptar bajo ning\u00fan punto de vista que el Gobierno pretenda desligarse de la responsabilidad que tiene del descalabro econ\u00f3mico que est\u00e1n generando con las medidas que ellos mismos tomaron\u201d.<\/p>\n<p>Massa posterg\u00f3 el viaje que ten\u00eda previsto para este mi\u00e9rcoles a Mendoza para quedarse en el ministerio monitoreando el mercado cambiario. Puso el foco absolutamente en la gesti\u00f3n y se despoj\u00f3 del traje del candidato. Por eso tambi\u00e9n molesta tanto el accionar de Fern\u00e1ndez. La campa\u00f1a se puso en pausa por el tema de la corrida cambiaria y el Presidente se movi\u00f3 por fuera de la estrategia pol\u00edtica.<\/p>\n<p>\u201cNo le vamos a responder a Milei. Vamos a seguir con la campa\u00f1a de propuestas y con la gesti\u00f3n. Solo eso\u201d, advirtieron en el b\u00fanker oficialista. Seguir\u00e1n polarizando, pero en base a los temas de la agenda. No quieren un tema judicial en el medio. Aunque Alberto Fern\u00e1ndez piense lo contrario.<\/p>\n<p>Fuente: INFOBAE<\/p>\n<p>La entrada <a href=\"https:\/\/diariod3.com\/inicio\/aseguran-que-sergio-massa-se-enojo-con-alberto-fernandez-por-la-denuncia-contra-milei\/\" rel=\"noreferrer noopener\" target=\"_blank\">Aseguran que Sergio Massa se enoj\u00f3 con Alberto Fern\u00e1ndez por la denuncia contra Milei<\/a> se public\u00f3 primero en <a href=\"https:\/\/diariod3.com\/inicio\" rel=\"noreferrer noopener\" target=\"_blank\">DIARIO D3 NOTICIAS<\/a>.<\/p>\n","protected":false},"excerpt":{"rendered":"<p>El ministro de Econom\u00eda no estaba al tanto de la decisi\u00f3n del Presidente. \u201cLa decisi\u00f3n no fue consensuada\u201d, indicaron fuentes de Uni\u00f3n por la Patria. \u201cLa denuncia no fue consensuada. Sergio no estaba de acuerdo con eso\u201d, fue la sentencia que sali\u00f3 del entorno de Sergio Massa luego de que Alberto Fern\u00e1ndez denunciara penalmente a [&hellip;]<\/p>\n","protected":false},"author":2,"featured_media":7126,"comment_status":"closed","ping_status":"","sticky":false,"template":"","format":"standard","meta":{"footnotes":""},"categories":[12],"tags":[],"_links":{"self":[{"href":"https:\/\/maxradio923.com.ar\/index.php\/wp-json\/wp\/v2\/posts\/7097"}],"collection":[{"href":"https:\/\/maxradio923.com.ar\/index.php\/wp-json\/wp\/v2\/posts"}],"about":[{"href":"https:\/\/maxradio923.com.ar\/index.php\/wp-json\/wp\/v2\/types\/post"}],"author":[{"embeddable":true,"href":"https:\/\/maxradio923.com.ar\/index.php\/wp-json\/wp\/v2\/users\/2"}],"replies":[{"embeddable":true,"href":"https:\/\/maxradio923.com.ar\/index.php\/wp-json\/wp\/v2\/comments?post=7097"}],"version-history":[{"count":1,"href":"https:\/\/maxradio923.com.ar\/index.php\/wp-json\/wp\/v2\/posts\/7097\/revisions"}],"predecessor-version":[{"id":7111,"href":"https:\/\/maxradio923.com.ar\/index.php\/wp-json\/wp\/v2\/posts\/7097\/revisions\/7111"}],"wp:featuredmedia":[{"embeddable":true,"href":"https:\/\/maxradio923.com.ar\/index.php\/wp-json\/wp\/v2\/media\/7126"}],"wp:attachment":[{"href":"https:\/\/maxradio923.com.ar\/index.php\/wp-json\/wp\/v2\/media?parent=7097"}],"wp:term":[{"taxonomy":"category","embeddable":true,"href":"https:\/\/maxradio923.com.ar\/index.php\/wp-json\/wp\/v2\/categories?post=7097"},{"taxonomy":"post_tag","embeddable":true,"href":"https:\/\/maxradio923.com.ar\/index.php\/wp-json\/wp\/v2\/tags?post=7097"}],"curies":[{"name":"wp","href":"https:\/\/api.w.org\/{rel}","templated":true}]}}