{"id":7069,"date":"2023-10-11T20:45:02","date_gmt":"2023-10-11T23:45:02","guid":{"rendered":"https:\/\/maxradio923.com\/index.php\/2023\/10\/11\/argentina-reclamo-garantizar-la-vida-y-derechos-humanos-de-ninos-israelies-y-palestinos\/"},"modified":"2023-10-11T20:45:02","modified_gmt":"2023-10-11T23:45:02","slug":"argentina-reclamo-garantizar-la-vida-y-derechos-humanos-de-ninos-israelies-y-palestinos","status":"publish","type":"post","link":"https:\/\/maxradio923.com.ar\/index.php\/2023\/10\/11\/argentina-reclamo-garantizar-la-vida-y-derechos-humanos-de-ninos-israelies-y-palestinos\/","title":{"rendered":"Argentina reclam\u00f3 garantizar la vida y Derechos Humanos de ni\u00f1os israel\u00edes y palestinos"},"content":{"rendered":"<p><img decoding=\"async\" src=\"https:\/\/diariod3.com\/inicio\/wp-content\/uploads\/2023\/10\/palestinos-sacan-pertenencias-casa-danada-khan-younis-sur-gaza_69.webp\"\/><\/p>\n<p>El canciller Santiago Cafiero confirm\u00f3 que son 1.304 los argentinos y argentinas que solicitaron ser repatriados desde Israel e inform\u00f3 que trabaja en cooperaci\u00f3n con la AMIA para que un vuelo privado se sume al operativo, que comenzar\u00e1 el jueves.<\/p>\n<p>El Gobierno nacional se sum\u00f3 este mi\u00e9rcoles al reclamo internacional para que el Movimiento de Resistencia Isl\u00e1mica, Hamas, libere a los rehenes que est\u00e1n en su poder, y que \u00abprontamente se pueda hacer efectiva una intervenci\u00f3n humanitaria internacional <strong>que garantice la vida y el pleno ejercicio de los derechos humanos de ni\u00f1os israel\u00edes y palestinos<\/strong>\u00ab.<\/p>\n<p>En declaraciones radiales realizadas mientras avanza el operativo \u00abRegreso Seguro\u00bb para repatriar, en el menor tiempo posible, a los argentinos que hasta el momento solicitaron ser evacuados de Israel, el canciller Santiago Cafiero reclam\u00f3 que el movimiento islamista \u00ab<strong>acepte el requerimiento de la comunidad internacional para que se liberen los rehenes<\/strong>\u00ab, entre los que se encontrar\u00edan algunos argentinos.<\/p>\n<p>Cafiero subray\u00f3 la necesidad de que priorizar \u00aben primer lugar los ni\u00f1os, y que<strong> las fuerzas israel\u00edes que est\u00e1n operando en Gaza permitan una evacuaci\u00f3<\/strong>n para que se logre la salida de la poblaci\u00f3n civil de la zona de conflicto\u00bb.<\/p>\n<p>En tanto, se espera que la noche de este mi\u00e9rcoles arribe a Tel Aviv el avi\u00f3n H\u00e9rcules C-130 de la Fuerza \u00c1rea que comenzar\u00e1 a concretar el <strong>plan de evacuaci\u00f3n organizado por el gobierno de Alberto Fern\u00e1ndez<\/strong>, que, seg\u00fan se estima, podr\u00eda trasladar al pa\u00eds a 200 personas por d\u00eda.<\/p>\n<p><strong>Santiago Cafiero, Canciller<\/strong><\/p>\n<p>En declaraciones a Radio T\u00e9lam, Cafiero destac\u00f3 que el n\u00famero de solicitudes de repatriaci\u00f3n registradas por la v\u00eda diplom\u00e1tica <strong>pas\u00f3 en las \u00faltimas horas de 1.246 a 1.304,<\/strong> como consecuencia del conflicto que recrudeci\u00f3 el \u00faltimo fin de semana, tras ataques m\u00faltiples de la organizaci\u00f3n islamista Hamas en Israel, que -entre otras v\u00edctimas- <strong>ocasionaron la muerte de siete argentinos mientras que otros 15 permanecen desaparecidos<\/strong>.<\/p>\n<p>Para la evacuaci\u00f3n de argentinos que desean retornar al pa\u00eds, parti\u00f3 ayer un avi\u00f3n \u00abH\u00e9rcules\u00bb de la Fuerza \u00c1rea rumbo a Israel para llevar a cabo un \u00abpuente a\u00e9reo\u00bb entre el aeropuerto Ben Gurion, en Tel Aviv, y el de Roma, la capital italiana.<\/p>\n<p>All\u00ed, los ciudadanos argentinos <strong>abordar\u00e1n aeronaves de Aerol\u00edneas Argentinas de regreso al pa\u00eds<\/strong>.<\/p>\n<p>En el marco de la operaci\u00f3n llamada \u00abRegreso Seguro\u00bb, el avi\u00f3n ya hizo escala en Chipre y contin\u00faa rumbo a Israel, con el objetivo de \u00absacar lo m\u00e1s r\u00e1pido posible\u00bb a los argentinos de ese pa\u00eds.<\/p>\n<p>El canciller se\u00f1al\u00f3 adem\u00e1s que, con el objetivo de acelerar el tiempo del procedimiento de rescate, el Gobierno \u00abtrabaja en una iniciativa p\u00fablica-privada\u00bb, con la colaboraci\u00f3n de la Asociaci\u00f3n Mutual Israelita Argentina (AMIA), \u00abpara lograr el retorno lo antes posible de los argentinos que se han anotado en el registro\u00bb.<\/p>\n<p>Se trata de un vuelo charter privado que gestiona la AMIA, en colaboraci\u00f3n con la Canciller\u00eda argentina.<\/p>\n<p>\u00abDesde la Canciller\u00eda estamos trabajando en conjunto con la AMIA y el resto de la comunidad para facilitar el proceso de evacuaci\u00f3n a trav\u00e9s de iniciativas privadas. La cooperaci\u00f3n de toda la comunidad es esencial en tiempos de violencia e incertidumbre\u00bb, agreg\u00f3 en su posteo en la red social.<\/p>\n<p>El canciller expres\u00f3 adem\u00e1s la necesidad de <strong>evacuar r\u00e1pidamente de Israel a un grupo de 120 estudiantes<\/strong> que se encuentra all\u00ed en un viaje de estudios, como tambi\u00e9n a los turistas argentinos que est\u00e1n alojados en hoteles y a quienes residen en el pa\u00eds y quieran regresar, en medio del conflicto b\u00e9lico.<\/p>\n<p>Seg\u00fan fuentes oficiales, se espera que la tripulaci\u00f3n del avi\u00f3n \u00abH\u00e9rcules\u00bb disponga este mi\u00e9rcoles del plan de vuelo para concretar ma\u00f1ana el primero de los viajes entre Tel Aviv y Roma.<\/p>\n<p>Adem\u00e1s, <strong>se eval\u00faa la posibilidad de sumar este viernes una segunda aeronave de la Fuerza A\u00e9rea<\/strong> a la zona para aumentar la cantidad de vuelos entre Israel e Italia y, de ese modo, ampliar la capacidad de evacuaci\u00f3n.<\/p>\n<p>El Gobierno nacional estima que un H\u00e9rcules puede llevar a cabo tres vuelos por d\u00eda y, de ese modo, evacuar cada jornada a unas 200 personas, un n\u00famero que se duplicar\u00e1 si se incorpora otro avi\u00f3n militar de ese tipo a la misi\u00f3n.<\/p>\n<p>M\u00e1s temprano, en declaraciones a Radio Provincia, el canciller dijo que mantiene contacto directo con el Ministerio de Relaciones Exteriores israel\u00ed, como tambi\u00e9n con la Embajada argentina y del consulado en Tel Aviv.<\/p>\n<p>Cafiero reconoci\u00f3 que \u00abtodav\u00eda hay 15 argentinos\u00bb que no han sido localizados tras los ataques llevados a cabo por Hamas.<\/p>\n<p>El canciller volvi\u00f3 a condenar \u00absin miramientos los actos de terrorismo\u00bb cometidos el fin de semana y a \u00abrechazar la violencia\u00bb en la regi\u00f3n.<\/p>\n<p>\u00abBuscamos que haya un llamamiento al alto el fuego, que se recupere la negociaci\u00f3n, la diplomacia, la utilizaci\u00f3n de la palabra y no de la fuerza. La guerra es una gran derrota porque las familias palestinas e israel\u00edes sufren del mismo modo\u00bb, afirm\u00f3.<\/p>\n<h2>Campa\u00f1a en redes<\/h2>\n<p>Mientras tanto, una campa\u00f1a para pedir por la liberaci\u00f3n de argentinos presuntamente rehenes del movimiento radical isl\u00e1mico Hamas en la Franja de Gaza fue lanzada este mi\u00e9rcoles en redes sociales por personalidades como el actor <strong>Ricardo Dar\u00edn<\/strong> junto familiares y amigos de los hermanos <strong>Iair y Eitan Horn<\/strong>, quienes se encuentran desaparecidos desde el s\u00e1bado tras los ataques perpetrado en territorio de Israel.<\/p>\n<p>A trav\u00e9s de un video difundido a trav\u00e9s de la cuenta de Instagram @liberenaloshorn, familiares y amigos de los hermanos desaparecidos exigieron: \u00abPor favor, devuelvan a los argentinos\u00bb.<\/p>\n<blockquote>\n<p>\u00abLiberen a la gente inocente, por favor detengan esto\u00bb, exhort\u00f3 Dar\u00edn en otro pasaje del video.<\/p>\n<\/blockquote>\n<p>A eso se suma tambi\u00e9n una campa\u00f1a de recolecci\u00f3n de firmas creada en la plataforma de Change.org ( http:\/\/change.org\/ArgentinosEnIsrael ) que, con m\u00e1s de 19.000 adhesiones reunidas hasta el momento, pide que \u00abse arbitren los medios necesarios para el regreso seguro de turistas argentinos varados en el aeropuerto de Tel Aviv o la salvaguarda a un territorio neutral\u00bb.<\/p>\n<p>Por otra parte, la C\u00e1mara de Diputados manifest\u00f3 este mi\u00e9rcoles su \u00ab<strong>en\u00e9rgica condena<\/strong> y repudio contra las acciones terroristas perpetradas por Hamas desde la Franja de Gaza y dentro del territorio israel\u00ed\u00bb.<\/p>\n<p>La declaraci\u00f3n de la C\u00e1mara baja, votada esta ma\u00f1ana por los diputados a mano alzada al final de una sesi\u00f3n en la que se aprobaron un conjunto de proyectos, expresa \u00absu en\u00e9rgica condena y repudio contra las acciones terroristas perpetradas por Hamas desde la Franja de Gaza y dentro del territorio israel\u00ed\u00bb.<\/p>\n<p>\u00abNuestra solidaridad incondicional con las v\u00edctimas y familiares. No aceptamos y condenamos, como siempre lo hemos hecho, todo tipo de violencia como m\u00e9todo para resolver los conflictos entre pa\u00edses y exhortamos a dar cumplimiento a las resoluciones de Naciones Unidas, en especial la 1397 (2002) del Consejo de Seguridad que sostiene la necesidad de dar cumplimiento al concepto que dos estados Israel y Palestina, vivan uno junto a otro, dentro de fronteras seguras y reconocidas\u00bb, se afirm\u00f3.<\/p>\n<p>M\u00e1s temprano, <strong>el canciller dijo que mantiene contacto directo con el Ministerio de Relaciones Exteriores israel<\/strong>\u00ed, como tambi\u00e9n con la Embajada argentina y del consulado en Tel Aviv.<\/p>\n<p><strong>Cafiero reconoci\u00f3 que \u00abtodav\u00eda hay 15 argentinos\u00bb que no han sido localizados <\/strong>tras los ataques llevados a cabo por Hamas.<\/p>\n<p><strong>El canciller volvi\u00f3 a condenar \u00absin miramientos los actos de terrorismo\u00bb <\/strong>cometidos el fin de semana y a \u00abrechazar la violencia\u00bb en la regi\u00f3n.<\/p>\n<p>\u00abBuscamos que haya un llamamiento al alto el fuego, que se recupere la negociaci\u00f3n, la diplomacia, la utilizaci\u00f3n de la palabra y no de la fuerza. La guerra es una gran derrota porque las familias palestinas e israel\u00edes sufren del mismo modo\u00bb, afirm\u00f3.<\/p>\n<p>Fuente: T\u00c9LAM<br \/>\nPor: Graciela Herrera<\/p>\n<p>La entrada <a href=\"https:\/\/diariod3.com\/inicio\/argentina-reclamo-garantizar-la-vida-y-derechos-humanos-de-ninos-israelies-y-palestinos\/\" rel=\"noreferrer noopener\" target=\"_blank\">Argentina reclam\u00f3 garantizar la vida y Derechos Humanos de ni\u00f1os israel\u00edes y palestinos<\/a> se public\u00f3 primero en <a href=\"https:\/\/diariod3.com\/inicio\" rel=\"noreferrer noopener\" target=\"_blank\">DIARIO D3 NOTICIAS<\/a>.<\/p>\n","protected":false},"excerpt":{"rendered":"<p>El canciller Santiago Cafiero confirm\u00f3 que son 1.304 los argentinos y argentinas que solicitaron ser repatriados desde Israel e inform\u00f3 que trabaja en cooperaci\u00f3n con la AMIA para que un vuelo privado se sume al operativo, que comenzar\u00e1 el jueves. El Gobierno nacional se sum\u00f3 este mi\u00e9rcoles al reclamo internacional para que el Movimiento de [&hellip;]<\/p>\n","protected":false},"author":2,"featured_media":7070,"comment_status":"","ping_status":"","sticky":false,"template":"","format":"standard","meta":{"footnotes":""},"categories":[12],"tags":[],"_links":{"self":[{"href":"https:\/\/maxradio923.com.ar\/index.php\/wp-json\/wp\/v2\/posts\/7069"}],"collection":[{"href":"https:\/\/maxradio923.com.ar\/index.php\/wp-json\/wp\/v2\/posts"}],"about":[{"href":"https:\/\/maxradio923.com.ar\/index.php\/wp-json\/wp\/v2\/types\/post"}],"author":[{"embeddable":true,"href":"https:\/\/maxradio923.com.ar\/index.php\/wp-json\/wp\/v2\/users\/2"}],"replies":[{"embeddable":true,"href":"https:\/\/maxradio923.com.ar\/index.php\/wp-json\/wp\/v2\/comments?post=7069"}],"version-history":[{"count":0,"href":"https:\/\/maxradio923.com.ar\/index.php\/wp-json\/wp\/v2\/posts\/7069\/revisions"}],"wp:featuredmedia":[{"embeddable":true,"href":"https:\/\/maxradio923.com.ar\/index.php\/wp-json\/wp\/v2\/media\/7070"}],"wp:attachment":[{"href":"https:\/\/maxradio923.com.ar\/index.php\/wp-json\/wp\/v2\/media?parent=7069"}],"wp:term":[{"taxonomy":"category","embeddable":true,"href":"https:\/\/maxradio923.com.ar\/index.php\/wp-json\/wp\/v2\/categories?post=7069"},{"taxonomy":"post_tag","embeddable":true,"href":"https:\/\/maxradio923.com.ar\/index.php\/wp-json\/wp\/v2\/tags?post=7069"}],"curies":[{"name":"wp","href":"https:\/\/api.w.org\/{rel}","templated":true}]}}