{"id":704,"date":"2023-08-28T17:34:49","date_gmt":"2023-08-28T15:34:49","guid":{"rendered":"https:\/\/maxradio923.com\/index.php\/2023\/08\/28\/isabel-de-sebastian-la-estrella-pop-de-los-anos-80-vuelve-a-cantar-y-quiere-rearmar-su-grupo-metropoli\/"},"modified":"2023-08-28T17:34:49","modified_gmt":"2023-08-28T15:34:49","slug":"isabel-de-sebastian-la-estrella-pop-de-los-anos-80-vuelve-a-cantar-y-quiere-rearmar-su-grupo-metropoli","status":"publish","type":"post","link":"https:\/\/maxradio923.com.ar\/index.php\/2023\/08\/28\/isabel-de-sebastian-la-estrella-pop-de-los-anos-80-vuelve-a-cantar-y-quiere-rearmar-su-grupo-metropoli\/","title":{"rendered":"Isabel de Sebasti\u00e1n, la estrella pop de los a\u00f1os &#8217;80, vuelve a cantar y quiere rearmar su grupo Metr\u00f3poli"},"content":{"rendered":"<p>Isabel de Sebasti\u00e1n, la estrella pop de los a\u00f1os &#039;80, vuelve a cantar y quiere rearmar su grupo Metr\u00f3poli  <\/p>\n<h2>Compuso con Cerati, cant\u00f3 con Spinetta y Federico Moura. Form\u00f3 un grupo legendario y luego inici\u00f3 una carrera como solista en Nueva York. Este martes 29 se presenta en Bebop.<\/h2>\n<p>      <img decoding=\"async\" src=\"https:\/\/www.clarin.com\/img\/2023\/08\/26\/pGssWOL5U_360x240__1.jpg\" alt=\"Isabel de Sebasti\u00e1n, luego de una larga carrera en Nueva York, quiere volver a su banda Metr\u00f3poli. Foto Emmanuel Fern\u00e1ndez\"\/><figcaption>Isabel de Sebasti\u00e1n, luego de una larga carrera en Nueva York, quiere volver a su banda Metr\u00f3poli. Foto Emmanuel Fern\u00e1ndez<\/figcaption><p>Sebasti\u00e1n Duarte<\/p>\n<p>       28\/08\/2023 9:22 <\/p>\n<ul>\n<li>  <strong>Clar\u00edn.com<\/strong>  <\/li>\n<li>  Espect\u00e1culos  <\/li>\n<\/ul>\n<p> Actualizado al 28\/08\/2023 9:22       <\/p>\n<p>All\u00e1 por los lejanos a\u00f1os &#039;80, Isabel de Sebasti\u00e1n <strong>cont\u00f3 con gran exposici\u00f3n cuando fue la cantante de Metr\u00f3poli<\/strong>. Por ese entonces, su canci\u00f3n <em>H\u00e9roes an\u00f3nimos<\/em> sonaba en todas las frecuencias moduladas de Argentina. Incluso Catupecu Machu la reversion\u00f3 a finales de los a\u00f1os &#039;90 y volvi\u00f3 a repercutir en las radios.<\/p>\n<p>Isabel (62) nunca se alej\u00f3 de la m\u00fasica luego de aquel suceso, pues adem\u00e1s cant\u00f3 con el Virus del recordado<strong> Federico Moura<\/strong>, con <strong>Luis Alberto Spinetta<\/strong> y hasta compuso la canci\u00f3n <em>En camino<\/em> con Gustavo Cerati, que forma parte del disco <em>Signos<\/em>, de <strong>Soda Stereo<\/strong>.<\/p>\n<p>   <img decoding=\"async\" src=\"https:\/\/www.clarin.com\/img\/2023\/08\/26\/xRTuru4nd_720x0__1.jpg\" alt=\"Isabel de Sebasti\u00e1n en un bar de Palermo, durante su actual visita al pa\u00eds, que incluir\u00e1 un recital el martes 29. Foto: Emmanuel Fern\u00e1ndez\"\/><figcaption>Isabel de Sebasti\u00e1n en un bar de Palermo, durante su actual visita al pa\u00eds, que incluir\u00e1 un recital el martes 29. Foto: Emmanuel Fern\u00e1ndez <\/figcaption><p>Por otra parte, su carrera solista la llev\u00f3 adelante a capa y espada, principalmente en el exterior: en 1989 se mud\u00f3 a Nueva York, donde emprendi\u00f3 un largo camino art\u00edstico y discogr\u00e1fico, conoci\u00f3 al padre de sus dos hijos, de quien con el paso de los a\u00f1os se separ\u00f3, y habitualmente realiza conciertos con m\u00fasicos de all\u00e1.<\/p>\n<h2>Un repaso y material nuevo<\/h2>\n<p>Hoy por hoy, la cantante intercala su vida entre los Estados Unidos y visitas a Buenos Aires. Es m\u00e1s, en estos d\u00edas dentro de su corta estad\u00eda en su pa\u00eds de origen, est\u00e1 abocada a un show que realizar\u00e1 <strong>el martes 29 de agosto en Bebop, en el barrio porte\u00f1o de Palermo.<\/strong><\/p>\n<p>   <img decoding=\"async\" src=\"https:\/\/www.clarin.com\/img\/2023\/08\/26\/OsKndm7iP_720x0__1.jpg\" alt=\"Isabel de Sebasti\u00e1n cantar\u00e1 en vivo este martes en Bebop. Foto: Emmanuel Fern\u00e1ndez\"\/><figcaption>Isabel de Sebasti\u00e1n cantar\u00e1 en vivo este martes en Bebop. Foto: Emmanuel Fern\u00e1ndez <\/figcaption><p>Adem\u00e1s de repasar su cancionero solista y de su recordada banda Metr\u00f3poli, presentar\u00e1 su nueva y notable obra que incluye <strong>poemas del poeta Rafael Alberdi<\/strong>,<strong> marido de su abuela<\/strong>, la escritora y dirigente antifascista Mar\u00eda Teresa de Le\u00f3n.<\/p>\n<p>Pese a los ensayos, Isabel, una mujer que adem\u00e1s de artista es alguien politizada, no elude la situaci\u00f3n actual del pa\u00eds y el reflejo de las urnas en las pasadas elecciones primarias, en las que el ya candidato Javier Milei obtuvo el mayor caudal de votos.<\/p>\n<p>\u201cMe parece que hay mucha incertidumbre, violencia, frustraci\u00f3n. Pero esto no sucede aqu\u00ed solamente. En los Estados Unidos tambi\u00e9n est\u00e1 complejo. La inflaci\u00f3n es brutal y cuesta sostenerse\u201d, analiza apenas comienza la entrevista.<\/p>\n<p>Luego suma m\u00e1s pensamientos y profundiza al respecto. \u201cCreo que la pandemia afect\u00f3 al mundo entero. Incluso creci\u00f3 el fascismo en todas partes. Me est\u00e1 costando vivir all\u00e1. Viv\u00ed algunas situaciones de violencia. Hace poco recib\u00ed insultos de una mujer en un medio de transporte. Me agredi\u00f3 porque estaba leyendo un libro en espa\u00f1ol. \u2018\u00a1Vuelva a su pa\u00eds!, me grit\u00f3, enardecida\u201d.<\/p>\n<h2>El amor por hacer nidos<\/h2>\n<p>Este tipo de cuestiones no pasan inadvertidas para la cantautora, a tal punto que cuenta que <strong>le ronda por la cabeza volver a instalarse en Argentina<\/strong>, aunque no es una decisi\u00f3n f\u00e1cil cuando tuvo a sus dos hijos all\u00e1.<\/p>\n<p>   <img decoding=\"async\" src=\"https:\/\/www.clarin.com\/img\/2023\/08\/26\/rzk2F7zFl_720x0__1.jpg\" alt=\"Isabel de Sebasti\u00e1n form\u00f3 las Bay Biscuits y el grupo Metr\u00f3poli en los a\u00f1os &#039;80. Foto: Emmanuel Fern\u00e1ndez\"\/><figcaption>Isabel de Sebasti\u00e1n form\u00f3 las Bay Biscuits y el grupo Metr\u00f3poli en los a\u00f1os &#039;80. Foto: Emmanuel Fern\u00e1ndez <\/figcaption><p>\u201cMe gustar\u00eda regresar. Lo estoy analizando. Y a su vez me pregunto: \u00bfest\u00e1n las herramientas para atravesar todo esto que sucede en la actualidad? El fuerte que tenemos es apostar a los v\u00ednculos. La m\u00fasica es algo que une\u201d, considera como remedio para paliar el presente.<\/p>\n<p>M\u00e1s all\u00e1 de que resida en Brooklyn, las redes sociales fueron un fuerte fundamental durante a\u00f1os en la vida de Isabel, pues las cr\u00f3nicas e incluso pesares los ha volcado all\u00ed, consiguiendo gran repercusi\u00f3n de lectores que segu\u00edan sus publicaciones.<\/p>\n<p>\u201cDe todos modos, el a\u00f1o pasado me abr\u00ed bastante de las redes porque focalic\u00e9 m\u00e1s en mi abuela y su mundo. Ella hizo much\u00edsimo por este pa\u00eds. De hecho, el espect\u00e1culo que estoy haciendo cuenta con multimedia, canciones que la mayor\u00eda son de mi abuelo, son de su \u00e1mbito\u201d, asevera.<\/p>\n<p>Sobre los recuerdos que atesora de sus abuelos, un sinf\u00edn de ejemplos tiene para compartir, aunque elige tan solo algunos b\u00e1sicos: \u201cLa relaci\u00f3n con ellos ten\u00eda que ver con el juego y la libertad. Juegos de palabras, poes\u00edas, cuadros. Ellos luchaban por un mundo alegre. Mi abuela tuvo programa de radios. Le hablaba a las amas de casa. Su llamado era el de crear v\u00ednculos de amor y libertad para sus hijos\u201d, evoca.<\/p>\n<p>Cuando era a\u00fan una ni\u00f1a muy peque\u00f1a, en 1963, sus abuelos se instalaron en Roma. La dictadura les pisaba los talones y<strong> tuvieron que exiliarse por formar parte de Partido Comunista.<\/strong><\/p>\n<p>   <img decoding=\"async\" src=\"https:\/\/www.clarin.com\/img\/2020\/05\/07\/pVV9s_MQP_720x0__1.jpg\" alt=\"Isabel de Sebastian en 2020. Elpoeta Rafael Alberti era el marido de su abuela, una luchadora antifascista. Foto de archivo.\"\/><figcaption>Isabel de Sebastian en 2020. Elpoeta Rafael Alberti era el marido de su abuela, una luchadora antifascista. Foto de archivo. <\/figcaption><p>\u201cRafael regres\u00f3 en 1991 por un homenaje que le hicieron en el Teatro Cervantes. Hubo mucha gente que se qued\u00f3 afuera. <strong>Esa vez cant\u00e9 yo, el Chango Far\u00edas G\u00f3mez, Mercedes Sosa y Le\u00f3n Gieco; guardo un recuerdo imborrable<\/strong>\u201d, destaca la cantante, con visible orgullo a trav\u00e9s de un gesto en su rostro.<\/p>\n<p>La relaci\u00f3n directa con sus abuelos no fue constante, pero marc\u00f3 a fuego su vida y este \u00faltimo tiempo, para hacer un revisionismo de su familia e incluso encontrar aspectos en com\u00fan entre ella y sus abuelos.<\/p>\n<p>\u201cMuchas similitudes encontr\u00e9 con ellos. Por ejemplo, el amor por hacer nidos. Me gusta decorar con poco, pero con calidez. Siempre el lugar donde vivo se parece bastante a los lugares donde ellos viv\u00edan. Tambi\u00e9n hered\u00e9 eso de cocinar y dar de comer. A mi abuela le gustaba mucho cocinar y a m\u00ed tambi\u00e9n\u201d.<\/p>\n<p>Examinando esas cualidades de generaci\u00f3n a generaci\u00f3n a las que hace menci\u00f3n, tambi\u00e9n se da cuenta que sus hijos, David (29) y Dylan (24) tambi\u00e9n la repiten en cierto aspecto en la cadena familiar.<\/p>\n<p>\u201cA ver, mis dos hijos cocinan y les gusta la cocina. Sobre todo en ellos creo que se transmiten los valores. El respeto y no olvidar jam\u00e1s a aquel no est\u00e1 en situaci\u00f3n de poder. Ser incapaz de maltratar a alguien\u201d, se jacta.<\/p>\n<h2>Recuerdos de juventud<\/h2>\n<p>Examinando su juventud, Isabel entra en la cuenta de que<strong> vivi\u00f3 una adolescencia tumultuosa<\/strong> y sin saber para d\u00f3nde ir; sin embargo, emprendi\u00f3 su propia experiencia. Y lo argumenta.<\/p>\n<p>\u201cHab\u00eda estado en el Coro Nacional de Ni\u00f1os. Despu\u00e9s de cantar estudi\u00e9 la carrera de psicolog\u00eda. Pero a los veinte a\u00f1os, cuando estaba de novia con Juan Lepes, due\u00f1o de Paladium, tras tantas charlas me di cuenta que deb\u00eda expresarme con la voz y fue cuando ingres\u00e9 a las Bay Biscuits. Fue todo con v\u00e9rtigo\u201d.<\/p>\n<p>Tras tomar un poco de aire y revisar minuciosamente aquellos lejanos a\u00f1os &#039;80, hace foco en que a\u00fan eran a\u00f1os de dictadura en Argentina, pero que para la contracultura de entonces vislumbraba esperanza de cambios.<\/p>\n<p>\u201cFaltaba un tiempo para la democracia y ten\u00edamos la sensaci\u00f3n de que la compuerta se abrir\u00eda. Mucho era el entusiasmo. Yo produc\u00eda mi propio vestuario, me pon\u00eda velas entre los dedos, proyectaba pinturas rupestres. Se trataba de performances: la imaginaci\u00f3n al poder\u201d, cuenta reconfortada.<\/p>\n<p>   <img decoding=\"async\" src=\"https:\/\/www.clarin.com\/img\/2020\/04\/25\/tK_-juJ7q_720x0__1.jpg\" alt=\"Metr\u00f3poli, con Isabel de Sebasti\u00e1n y Ulises Butr\u00f3n, en los a\u00f1os &#039;80. Foto de prensa\"\/><figcaption>Metr\u00f3poli, con Isabel de Sebasti\u00e1n y Ulises Butr\u00f3n, en los a\u00f1os &#039;80. Foto de prensa <\/figcaption><p>El rock de aquellos a\u00f1os que con el tiempo se transformar\u00eda en popular era hijo de una forma de relacionarse, a lo que la m\u00fasica no pasaba por alto.<\/p>\n<p>\u201cVen\u00edan Charly Garc\u00eda y Le\u00f3n Gieco a verme cantar. O bien yo cantaba con Luca Prodan, porque me invitaba. Hab\u00eda camarader\u00eda. Lo misma que est\u00e1 proponiendo Daniel Melingo con sus Encuentro Maximalistas, donde me ha invitado a participar\u201d, agrega.<\/p>\n<p>De aquellos a\u00f1os de Metr\u00f3poli, Isabel guarda memorables momentos y tambi\u00e9n el dolor de cuando falleci\u00f3, en 2019, <strong>Ulises Butr\u00f3n<\/strong>, su gran compa\u00f1ero de ruta de aquellos a\u00f1os, tras padecer una neumon\u00eda y con el alcoholismo como su propio demonio.<\/p>\n<p>\u201cCon Ulises tuve un reencuentro bello con la vuelta de Metr\u00f3poli en 2010 en el Festival Air. Saber que la pas\u00f3 tan mal gran parte de su vida me hizo da\u00f1o. Conoc\u00ed a un Ulises con ilusiones, ganas y creatividad. Duele el tema de la autodestrucci\u00f3n, m\u00e1s a\u00fan de un par al que quise much\u00edsimo\u201d.<\/p>\n<p>Y prosigue con una noticia alentadora: \u201c<strong>Tengo ganas de hacer la vuelta de Metr\u00f3poli<\/strong>. Fui a ver tocar al hijo de Ulises. \u00a1Es igual a su padre! \u00a1Toca la guitarra igual! Las manos de Ulises eran especiales, parec\u00edan ara\u00f1as, con sus dedos largos. El hijo es id\u00e9ntico. Con \u00e9l ser\u00eda la vuelta de la banda\u201d.<\/p>\n<h2>Cerati, Spinetta, Moura<\/h2>\n<p>Respecto a su relaci\u00f3n con otros rockeros que dejaron un sello imborrable en la historia del rock nacional, para cada uno tiene una definici\u00f3n, recuerdos encantadores y precisos.<\/p>\n<p>   <img decoding=\"async\" src=\"https:\/\/www.clarin.com\/img\/2023\/08\/26\/RhVG81YOW_720x0__1.jpg\" alt=\"Isabel de Sebasti\u00e1n en vivo en 2007, con su ex marido Bob Telson al piano. Archivo Clar\u00edn.\"\/><figcaption>Isabel de Sebasti\u00e1n en vivo en 2007, con su ex marido Bob Telson al piano. Archivo Clar\u00edn. <\/figcaption><p>\u201cCon Gustavo Cerati era una situaci\u00f3n especial. Una vez que no le sal\u00eda una letra, me llam\u00f3 por tel\u00e9fono: \u2018No me estar\u00eda saliendo, \u00bfno te pas\u00e1s por casa? Fui y luego termin\u00e9 de escribir la letra\u201d.<\/p>\n<p>Luego hace memoria sobre Luis Alberto Spinetta: \u201cTen\u00eda una manera de decir y una mirada distinta a todos los dem\u00e1s. Ten\u00eda m\u00e1s carga de imaginaci\u00f3n que cualquier otro. Sus met\u00e1foras eran \u00fanicas y adem\u00e1s contaba con una enorme pureza espiritual. No se dej\u00f3 contaminar por la presi\u00f3n del <em>star system<\/em>. Luis fue la imaginaci\u00f3n y la creatividad\u201d.<\/p>\n<p>Y despu\u00e9s habla de Federico Moura.<\/p>\n<p>\u201cFue un exquisito y un profesional del rock. Pura discreci\u00f3n lo suyo. Fede fue un elegante en el mayor de los sentidos. Una persona respetuosa y registraba al otro. Era elegante al elegir y decir cosas\u201d.<\/p>\n<p>Acerca de su visi\u00f3n del rock nacional actual y su opini\u00f3n entre el de ayer y el de hoy, tambi\u00e9n tiene algo para expresar: \u201cLa camarader\u00eda que hab\u00eda entre nosotros no s\u00e9 si ahora existe en la m\u00fasica urbana. Nosotros no compet\u00edamos, sino que nos apoy\u00e1bamos\u201d, comienza.<\/p>\n<p>Y retoma: \u201cAl rock en general lo veo perdiendo mucho trato en la vida de las personas. El rock no era necesariamente contestatario, pero era la voz de cierta rebeld\u00eda. No juzgo lo de hoy. El 99 % del aire es para la m\u00fasica urbana. Por otro lado, me interesa lo que sucede en todas las m\u00fasicas, estoy atenta\u201d.<\/p>\n<p>Sin dejar de lado el rol femenino de las cantantes j\u00f3venes de hoy, lo suyo hacia ellas son elogios a mansalva.<\/p>\n<p>\u201cLa calidad de ellas es colosal. <strong>Me encanta Lali Esp\u00f3sito<\/strong>, con su car\u00e1cter y su tremenda voz, con semejante capacidad. \u00a1A qui\u00e9n puede no gustarle! <strong>Lo mismo Tini Stoessel o Nicki Nicole<\/strong>. Todas son grandes cantantes. Algunas en el pop, otras en lo urbano. Pero la representante del pop actual creo que es Lali\u201d, define.<\/p>\n<p>A prop\u00f3sito de lo que se viene (primero el concierto el Palermo), anticipa que su hijo mayor ser\u00e1 guitarrista invitado en el show que se avecina y que \u201cest\u00e1 entusiasmado\u201d. Adem\u00e1s, adiciona que vino con ella para realizarse un tiempo aqu\u00ed y ver qu\u00e9 le sucede con la m\u00fasica.<\/p>\n<p>Por otra parte, la escritura que la tuvo tanto en boga primero a trav\u00e9s de las redes sociales y luego en la investigaci\u00f3n sobre la vida de su abuela y los poemas de su abuelo, tambi\u00e9n tendr\u00e1n un corolario que ya lo tiene bien en claro.<\/p>\n<p>\u201c<strong>Pienso escribir un libro<\/strong>. Primero iba a ser una charla entre mi abuela y yo. Pero al final decid\u00ed que ser\u00e1 la historia de mi abuela\u201d, concluye.<\/p>\n<p><em>MFB<\/em><\/p>\n<p>    Mir\u00e1 tambi\u00e9n     <img decoding=\"async\" src=\"https:\/\/www.clarin.com\/img\/2020\/06\/26\/HUEyd2fDZ_300x168__1.jpg\"\/>  <\/p>\n<h3>Cancelan el tema de Queen dedicado a las chicas de colas grandes, \u00bfqu\u00e9 dir\u00eda Freddie Mercury si viviera?<\/h3>\n<p>       <img decoding=\"async\" src=\"https:\/\/www.clarin.com\/img\/2023\/08\/23\/aoqjS88JK_300x168__1.jpg\"\/>  <\/p>\n<h3>Riley Keough: la nieta de Elvis Presley, entre p\u00e9rdidas y premios<\/h3>\n<p>Suscribite para comentar<\/p>\n<p>Ya tengo suscripci\u00f3n<\/p>\n<p>                                 Noticias destacadas     <\/p>\n<ul>\n<li>\n<p>Una por una, las 10 nuevas medidas econ\u00f3micas que anunci\u00f3 Sergio Massa<\/p>\n<p>                         Econom\u00eda                                                                                                                                                                                <img decoding=\"async\" src=\"https:\/\/www.clarin.com\/img\/2023\/08\/27\/tklB-eQuu_300x168__1.jpg\" title=\"Una por una, las 10 nuevas medidas econ\u00f3micas que anunci\u00f3 Sergio Massa\"\/>                                                                                                                     <\/li>\n<li>\n<p>Elecciones 2023, EN VIVO: Milei, Bullrich y Massa afinan sus estrategias de cara a las generales de octubre<\/p>\n<p>                         Pol\u00edtica                                                                                                                                                                                <img decoding=\"async\" src=\"https:\/\/www.clarin.com\/img\/2023\/08\/16\/PidE6ulCH_300x168__1.jpg\" title=\"Elecciones 2023, EN VIVO: Milei, Bullrich y Massa afinan sus estrategias de cara a las generales de octubre\"\/>                                                                                                                     <\/li>\n<li>\n<p>D\u00f3lar hoy y d\u00f3lar blue, EN VIVO: a cu\u00e1nto cotiza y cu\u00e1l es el precio este 28 de agosto, minuto a minuto<\/p>\n<p>                         Econom\u00eda                                                                                                                                                                                <img decoding=\"async\" src=\"https:\/\/www.clarin.com\/img\/2021\/03\/22\/VosNxnRmN_300x168__1.jpg\" title=\"D\u00f3lar hoy y d\u00f3lar blue, EN VIVO: a cu\u00e1nto cotiza y cu\u00e1l es el precio este 28 de agosto, minuto a minuto\"\/>                                                                                                                     <\/li>\n<li>\n<p>Tarjeta Alimentar: el refuerzo est\u00e1 lejos de cubrir el aumento de la canasta de pobreza de los chicos<\/p>\n<p>                         Econom\u00eda                                                                                                                                                                                <img decoding=\"async\" src=\"https:\/\/www.clarin.com\/img\/2023\/04\/18\/E7H1cvITU_300x168__1.jpg\" title=\"Tarjeta Alimentar: el refuerzo est\u00e1 lejos de cubrir el aumento de la canasta de pobreza de los chicos\"\/>                                                                                                                     <\/li>\n<li>\n<p>Sorpresa en el escrutinio definitivo: Javier Milei arras\u00f3 en una provincia a la que no fue en campa\u00f1a<\/p>\n<p>                         Pol\u00edtica                                                                                                                                                                                <img decoding=\"async\" src=\"https:\/\/www.clarin.com\/img\/2023\/08\/27\/lWsFYOHvf_300x168__1.jpg\" alt=\"PASO 2023\" title=\"Sorpresa en el escrutinio definitivo: Javier Milei arras\u00f3 en una provincia a la que no fue en campa\u00f1a\"\/>                                                                                                                     <\/li>\n<li>\n<p>Caso Corazza: detuvieron a un joven acusado de organizar fiestas en las que abusaban a adolescentes<\/p>\n<p>                         Policiales                                                                                                                                             <img decoding=\"async\" src=\"https:\/\/www.clarin.com\/img\/2023\/08\/28\/BrUB_QwG__300x168__1.jpg\" title=\"Caso Corazza: detuvieron a un joven acusado de organizar fiestas en las que abusaban a adolescentes\"\/>                                                                                                                     <\/li>\n<\/ul>\n<p>Piedras 1743. C.A.B.A, Argentina<\/p>\n<p>Responsable:  Ricardo Kirschbaum<\/p>\n<p>Registro de Propiedad Intelectual:  4347221<\/p>\n<p>Edici\u00f3n N\u00ba: 10007, 28 de Agosto de 2023<\/p>\n<p>      Area Digital <\/p>\n<ul>\n<li> Diario Ol\u00e9<\/li>\n<li>Gran Dt<\/li>\n<li>Argenprop<\/li>\n<li>Gu\u00eda Clar\u00edn<\/li>\n<li>Clasificados<\/li>\n<li>Receptoria Online<\/li>\n<li>Colecciones Clar\u00edn<\/li>\n<li>Elle<\/li>\n<\/ul>\n<p>    Grupo Clar\u00edn <\/p>\n<ul>\n<li>Grupo Clar\u00edn<\/li>\n<li>Noticias Clar\u00edn<\/li>\n<li>TN<\/li>\n<li>El Trece TV<\/li>\n<li>Mitre<\/li>\n<li>La 100<\/li>\n<li>Ciudad<\/li>\n<li>Cienradios<\/li>\n<li>TyCSports<\/li>\n<li>La Voz del Interior<\/li>\n<li>Los Andes<\/li>\n<li>ViaPais<\/li>\n<li>Rumbos<\/li>\n<\/ul>\n","protected":false},"excerpt":{"rendered":"<p>Isabel de Sebasti\u00e1n, la estrella pop de los a\u00f1os &#039;80, vuelve a cantar y quiere rearmar su grupo Metr\u00f3poli Compuso con Cerati, cant\u00f3 con Spinetta y Federico Moura. Form\u00f3 un grupo legendario y luego inici\u00f3 una carrera como solista en Nueva York. Este martes 29 se presenta en Bebop. Isabel de Sebasti\u00e1n, luego de una [&hellip;]<\/p>\n","protected":false},"author":2,"featured_media":0,"comment_status":"","ping_status":"","sticky":false,"template":"","format":"standard","meta":{"footnotes":""},"categories":[4],"tags":[],"_links":{"self":[{"href":"https:\/\/maxradio923.com.ar\/index.php\/wp-json\/wp\/v2\/posts\/704"}],"collection":[{"href":"https:\/\/maxradio923.com.ar\/index.php\/wp-json\/wp\/v2\/posts"}],"about":[{"href":"https:\/\/maxradio923.com.ar\/index.php\/wp-json\/wp\/v2\/types\/post"}],"author":[{"embeddable":true,"href":"https:\/\/maxradio923.com.ar\/index.php\/wp-json\/wp\/v2\/users\/2"}],"replies":[{"embeddable":true,"href":"https:\/\/maxradio923.com.ar\/index.php\/wp-json\/wp\/v2\/comments?post=704"}],"version-history":[{"count":0,"href":"https:\/\/maxradio923.com.ar\/index.php\/wp-json\/wp\/v2\/posts\/704\/revisions"}],"wp:attachment":[{"href":"https:\/\/maxradio923.com.ar\/index.php\/wp-json\/wp\/v2\/media?parent=704"}],"wp:term":[{"taxonomy":"category","embeddable":true,"href":"https:\/\/maxradio923.com.ar\/index.php\/wp-json\/wp\/v2\/categories?post=704"},{"taxonomy":"post_tag","embeddable":true,"href":"https:\/\/maxradio923.com.ar\/index.php\/wp-json\/wp\/v2\/tags?post=704"}],"curies":[{"name":"wp","href":"https:\/\/api.w.org\/{rel}","templated":true}]}}