{"id":6998,"date":"2023-10-11T14:14:15","date_gmt":"2023-10-11T17:14:15","guid":{"rendered":"https:\/\/maxradio923.com\/index.php\/2023\/10\/11\/fernando-kabusacki-cuenta-como-es-el-nuevo-disco-de-charly-garcia-y-anticipa-un-recital-con-su-propia-hija\/"},"modified":"2023-10-11T14:14:15","modified_gmt":"2023-10-11T17:14:15","slug":"fernando-kabusacki-cuenta-como-es-el-nuevo-disco-de-charly-garcia-y-anticipa-un-recital-con-su-propia-hija","status":"publish","type":"post","link":"https:\/\/maxradio923.com.ar\/index.php\/2023\/10\/11\/fernando-kabusacki-cuenta-como-es-el-nuevo-disco-de-charly-garcia-y-anticipa-un-recital-con-su-propia-hija\/","title":{"rendered":"Fernando Kabusacki cuenta c\u00f3mo es el nuevo disco de Charly Garc\u00eda y anticipa un recital con su propia hija"},"content":{"rendered":"<ul>\n<li>El gran guitarrista particip\u00f3 del tan esperado \u00e1lbum &quot;La l\u00f3gica del escorpi\u00f3n&quot;.<\/li>\n<li>Tambi\u00e9n est\u00e1 preparando un concierto con m\u00fasica de pel\u00edculas.<\/li>\n<li>Y acompa\u00f1ar\u00e1 a Uma Kabusacki, que cantar\u00e1 temas de Adele.<\/li>\n<\/ul>\n","protected":false},"excerpt":{"rendered":"<p>El gran guitarrista particip\u00f3 del tan esperado \u00e1lbum &quot;La l\u00f3gica del escorpi\u00f3n&quot;. Tambi\u00e9n est\u00e1 preparando un concierto con m\u00fasica de pel\u00edculas. Y acompa\u00f1ar\u00e1 a Uma Kabusacki, que cantar\u00e1 temas de Adele.<\/p>\n","protected":false},"author":2,"featured_media":6999,"comment_status":"","ping_status":"","sticky":false,"template":"","format":"standard","meta":{"footnotes":""},"categories":[4],"tags":[],"_links":{"self":[{"href":"https:\/\/maxradio923.com.ar\/index.php\/wp-json\/wp\/v2\/posts\/6998"}],"collection":[{"href":"https:\/\/maxradio923.com.ar\/index.php\/wp-json\/wp\/v2\/posts"}],"about":[{"href":"https:\/\/maxradio923.com.ar\/index.php\/wp-json\/wp\/v2\/types\/post"}],"author":[{"embeddable":true,"href":"https:\/\/maxradio923.com.ar\/index.php\/wp-json\/wp\/v2\/users\/2"}],"replies":[{"embeddable":true,"href":"https:\/\/maxradio923.com.ar\/index.php\/wp-json\/wp\/v2\/comments?post=6998"}],"version-history":[{"count":0,"href":"https:\/\/maxradio923.com.ar\/index.php\/wp-json\/wp\/v2\/posts\/6998\/revisions"}],"wp:featuredmedia":[{"embeddable":true,"href":"https:\/\/maxradio923.com.ar\/index.php\/wp-json\/wp\/v2\/media\/6999"}],"wp:attachment":[{"href":"https:\/\/maxradio923.com.ar\/index.php\/wp-json\/wp\/v2\/media?parent=6998"}],"wp:term":[{"taxonomy":"category","embeddable":true,"href":"https:\/\/maxradio923.com.ar\/index.php\/wp-json\/wp\/v2\/categories?post=6998"},{"taxonomy":"post_tag","embeddable":true,"href":"https:\/\/maxradio923.com.ar\/index.php\/wp-json\/wp\/v2\/tags?post=6998"}],"curies":[{"name":"wp","href":"https:\/\/api.w.org\/{rel}","templated":true}]}}