{"id":6986,"date":"2023-10-11T12:24:44","date_gmt":"2023-10-11T15:24:44","guid":{"rendered":"https:\/\/maxradio923.com\/index.php\/2023\/10\/11\/la-mayoria-cree-que-los-dichos-de-milei-fogonearon-la-ultima-corrida-cambiaria-segun-un-sondeo\/"},"modified":"2023-10-11T12:24:44","modified_gmt":"2023-10-11T15:24:44","slug":"la-mayoria-cree-que-los-dichos-de-milei-fogonearon-la-ultima-corrida-cambiaria-segun-un-sondeo","status":"publish","type":"post","link":"https:\/\/maxradio923.com.ar\/index.php\/2023\/10\/11\/la-mayoria-cree-que-los-dichos-de-milei-fogonearon-la-ultima-corrida-cambiaria-segun-un-sondeo\/","title":{"rendered":"La mayor\u00eda cree que los dichos de Milei fogonearon la \u00faltima corrida cambiaria, seg\u00fan un sondeo"},"content":{"rendered":"<p><img decoding=\"async\" src=\"https:\/\/diariod3.com\/inicio\/wp-content\/uploads\/2023\/10\/milei_crop1692231928529.jpg_1536916664.jpg\"\/><\/p>\n<p>La mayor\u00eda de los lectores de Diario de Cuyo que participaron del \u00faltimo sondeo creen que la \u00faltima corrida cambiara, que dej\u00f3 el precio del d\u00f3lar blue en $1.010, es consecuencia de los dichos del candidato a presidente Javier Milei.<\/p>\n<p><strong>\u00bfQu\u00e9 dijo el Libertario?<\/strong><\/p>\n<p>Al ser consultado sobre qu\u00e9 le aconsejaba a la gente que se le vencen los plazos fijos, el candidato  manifest\u00f3: \u201cJam\u00e1s en pesos, jam\u00e1s en pesos. El peso es la moneda que emite el pol\u00edtico argentino, por ende, no puede valer ni excremento, porque esas basuras no sirven ni para abono\u201d.<\/p>\n<p>El 48% de los 13.286 personas que emitieron su voto consideraron que estos dichos provocaron la corrida y el 14% afirm\u00f3 que Milei  fue responsable \u00aben parte\u00bb.  Des esta manera, casi el 62% de los votantes responsabiliz\u00f3 al libertario por lo sucedido ayer.<\/p>\n<p>El 38% deslig\u00f3 a Milei de lo sucedido.<\/p>\n<p>Las palabras de Milei trajeron una contraofensiva por parte de dirigentes de Uni\u00f3n por la Patria, con Sergio Massa a la cabeza; y de Juntos por el Cambio, con Patricia Bullrich. Entienden que el candidato a presidente de La Libertad Avanza le ech\u00f3 nafta al fuego en la recta final de la campa\u00f1a.<\/p>\n<p>Fuente: diario de Cuyo<\/p>\n<p>Op: Rivero Cecilia<\/p>\n<p>La entrada <a href=\"https:\/\/diariod3.com\/inicio\/la-mayoria-cree-que-los-dichos-de-milei-fogonearon-la-ultima-corrida-cambiaria-segun-un-sondeo\/\" rel=\"noreferrer noopener\" target=\"_blank\">La mayor\u00eda cree que los dichos de Milei fogonearon la \u00faltima corrida cambiaria, seg\u00fan un sondeo<\/a> se public\u00f3 primero en <a href=\"https:\/\/diariod3.com\/inicio\" rel=\"noreferrer noopener\" target=\"_blank\">DIARIO D3 NOTICIAS<\/a>.<\/p>\n","protected":false},"excerpt":{"rendered":"<p>La mayor\u00eda de los lectores de Diario de Cuyo que participaron del \u00faltimo sondeo creen que la \u00faltima corrida cambiara, que dej\u00f3 el precio del d\u00f3lar blue en $1.010, es consecuencia de los dichos del candidato a presidente Javier Milei. \u00bfQu\u00e9 dijo el Libertario? Al ser consultado sobre qu\u00e9 le aconsejaba a la gente que [&hellip;]<\/p>\n","protected":false},"author":2,"featured_media":6987,"comment_status":"","ping_status":"","sticky":false,"template":"","format":"standard","meta":{"footnotes":""},"categories":[12],"tags":[],"_links":{"self":[{"href":"https:\/\/maxradio923.com.ar\/index.php\/wp-json\/wp\/v2\/posts\/6986"}],"collection":[{"href":"https:\/\/maxradio923.com.ar\/index.php\/wp-json\/wp\/v2\/posts"}],"about":[{"href":"https:\/\/maxradio923.com.ar\/index.php\/wp-json\/wp\/v2\/types\/post"}],"author":[{"embeddable":true,"href":"https:\/\/maxradio923.com.ar\/index.php\/wp-json\/wp\/v2\/users\/2"}],"replies":[{"embeddable":true,"href":"https:\/\/maxradio923.com.ar\/index.php\/wp-json\/wp\/v2\/comments?post=6986"}],"version-history":[{"count":0,"href":"https:\/\/maxradio923.com.ar\/index.php\/wp-json\/wp\/v2\/posts\/6986\/revisions"}],"wp:featuredmedia":[{"embeddable":true,"href":"https:\/\/maxradio923.com.ar\/index.php\/wp-json\/wp\/v2\/media\/6987"}],"wp:attachment":[{"href":"https:\/\/maxradio923.com.ar\/index.php\/wp-json\/wp\/v2\/media?parent=6986"}],"wp:term":[{"taxonomy":"category","embeddable":true,"href":"https:\/\/maxradio923.com.ar\/index.php\/wp-json\/wp\/v2\/categories?post=6986"},{"taxonomy":"post_tag","embeddable":true,"href":"https:\/\/maxradio923.com.ar\/index.php\/wp-json\/wp\/v2\/tags?post=6986"}],"curies":[{"name":"wp","href":"https:\/\/api.w.org\/{rel}","templated":true}]}}