{"id":693,"date":"2023-08-28T16:04:33","date_gmt":"2023-08-28T14:04:33","guid":{"rendered":"https:\/\/maxradio923.com\/index.php\/2023\/08\/28\/mas-de-4-500-personas-ovacionaron-a-diego-torres-en-san-juan\/"},"modified":"2023-08-28T16:04:33","modified_gmt":"2023-08-28T14:04:33","slug":"mas-de-4-500-personas-ovacionaron-a-diego-torres-en-san-juan","status":"publish","type":"post","link":"https:\/\/maxradio923.com.ar\/index.php\/2023\/08\/28\/mas-de-4-500-personas-ovacionaron-a-diego-torres-en-san-juan\/","title":{"rendered":"M\u00e1s de 4.500 personas ovacionaron a Diego Torres en San Juan"},"content":{"rendered":"<p><img decoding=\"async\" src=\"https:\/\/diariod3.com\/inicio\/wp-content\/uploads\/2023\/08\/3a9155da33b61530f7846b6c2d663e17_L.jpg\"\/><\/p>\n<p>El cantautor argentino hizo vibrar el Teatro del Bicentenario con sus cuatro funciones a sala llena, en las que el p\u00fablico cant\u00f3 a viva voz sus m\u00e1s grandes \u00e9xitos.<\/p>\n<p><a href=\"https:\/\/sisanjuan.b-cdn.net\/media\/k2\/items\/cache\/3a9155da33b61530f7846b6c2d663e17_XL.jpg\" rel=\"noreferrer noopener\" target=\"_blank\"><img decoding=\"async\" src=\"https:\/\/sisanjuan.b-cdn.net\/media\/k2\/items\/cache\/3a9155da33b61530f7846b6c2d663e17_L.jpg\" alt=\"M\u00e1s de 4.500 personas ovacionaron a Diego Torres en San Juan\"\/> <\/a>Fotos: Adri\u00e1n Carrizo<\/p>\n<p><strong>Del 24 al 27 de agosto, en el Teatro del Bicentenario, dependiente del Ministerio de Turismo y Cultura, m\u00e1s de 4.500 personas disfrutaron de los grandes \u00e9xitos de Diego Torres<\/strong> y sus m\u00e1s recientes lanzamientos. Con un setlist preparado para emocionar al p\u00fablico con sus cl\u00e1sicos como \u201cPen\u00e9lope\u201d, \u201cQue no me pierda\u201d o \u201cTratar de estar mejor\u201d, mezclados con las canciones de su \u00e1lbum \u201cAtl\u00e1ntico a pie\u201d presentado en 2021 y algunas perlitas que formar\u00e1n parte de su pr\u00f3ximo disco, el cantante le brind\u00f3 a los sanjuaninos y turistas cuatro noches inolvidables.<\/p>\n<p>El cantautor argentino, ganador de dos Grammy Latino y decenas de Premios Gardel, <strong>brind\u00f3 un show de poco m\u00e1s de dos horas en cada noche<\/strong> en el TB. Con la ovaci\u00f3n del p\u00fablico al t\u00e9rmino de cada canci\u00f3n, <strong>Torres cont\u00f3 an\u00e9cdotas e historias que contienen sus canciones y puso en valor el gran compromiso del p\u00fablico sanjuanino que agot\u00f3 las funciones locales<\/strong>, de manera in\u00e9dita en el pa\u00eds, para compartir su m\u00fasica.<\/p>\n<p>Adem\u00e1s, en un gesto especial para todo el p\u00fablico local, <strong>interpret\u00f3 junto al tecladista de su banda, el santiague\u00f1o Santiago Alvarado, las estrofas de la zamba \u201cVolver\u00e9 siempre a San Juan\u201d<\/strong>, en una versi\u00f3n muy sentida que le vali\u00f3 el afecto y la emoci\u00f3n de todos los presentes.<\/p>\n<p>Los bises fueron tan especiales como todo el concierto, ya que toc\u00f3 un nuevo sencillo que lanzar\u00e1 la semana que viene, luego de su paso por la provincia.<\/p>\n<p>La entrada <a href=\"https:\/\/diariod3.com\/inicio\/mas-de-4-500-personas-ovacionaron-a-diego-torres-en-san-juan\/\" rel=\"noreferrer noopener\" target=\"_blank\">M\u00e1s de 4.500 personas ovacionaron a Diego Torres en San Juan<\/a> se public\u00f3 primero en <a href=\"https:\/\/diariod3.com\/inicio\" rel=\"noreferrer noopener\" target=\"_blank\">DIARIO D3 NOTICIAS<\/a>.<\/p>\n","protected":false},"excerpt":{"rendered":"<p>El cantautor argentino hizo vibrar el Teatro del Bicentenario con sus cuatro funciones a sala llena, en las que el p\u00fablico cant\u00f3 a viva voz sus m\u00e1s grandes \u00e9xitos. Fotos: Adri\u00e1n Carrizo Del 24 al 27 de agosto, en el Teatro del Bicentenario, dependiente del Ministerio de Turismo y Cultura, m\u00e1s de 4.500 personas disfrutaron [&hellip;]<\/p>\n","protected":false},"author":1,"featured_media":0,"comment_status":"","ping_status":"","sticky":false,"template":"","format":"standard","meta":{"footnotes":""},"categories":[10],"tags":[],"_links":{"self":[{"href":"https:\/\/maxradio923.com.ar\/index.php\/wp-json\/wp\/v2\/posts\/693"}],"collection":[{"href":"https:\/\/maxradio923.com.ar\/index.php\/wp-json\/wp\/v2\/posts"}],"about":[{"href":"https:\/\/maxradio923.com.ar\/index.php\/wp-json\/wp\/v2\/types\/post"}],"author":[{"embeddable":true,"href":"https:\/\/maxradio923.com.ar\/index.php\/wp-json\/wp\/v2\/users\/1"}],"replies":[{"embeddable":true,"href":"https:\/\/maxradio923.com.ar\/index.php\/wp-json\/wp\/v2\/comments?post=693"}],"version-history":[{"count":0,"href":"https:\/\/maxradio923.com.ar\/index.php\/wp-json\/wp\/v2\/posts\/693\/revisions"}],"wp:attachment":[{"href":"https:\/\/maxradio923.com.ar\/index.php\/wp-json\/wp\/v2\/media?parent=693"}],"wp:term":[{"taxonomy":"category","embeddable":true,"href":"https:\/\/maxradio923.com.ar\/index.php\/wp-json\/wp\/v2\/categories?post=693"},{"taxonomy":"post_tag","embeddable":true,"href":"https:\/\/maxradio923.com.ar\/index.php\/wp-json\/wp\/v2\/tags?post=693"}],"curies":[{"name":"wp","href":"https:\/\/api.w.org\/{rel}","templated":true}]}}