{"id":691,"date":"2023-08-28T16:04:32","date_gmt":"2023-08-28T14:04:32","guid":{"rendered":"https:\/\/maxradio923.com\/index.php\/2023\/08\/28\/el-gobierno-dara-detalles-de-las-medidas-anunciadas-por-massa\/"},"modified":"2023-08-28T22:24:17","modified_gmt":"2023-08-28T20:24:17","slug":"el-gobierno-dara-detalles-de-las-medidas-anunciadas-por-massa","status":"publish","type":"post","link":"https:\/\/maxradio923.com.ar\/index.php\/2023\/08\/28\/el-gobierno-dara-detalles-de-las-medidas-anunciadas-por-massa\/","title":{"rendered":"El Gobierno dar\u00e1 detalles de las medidas anunciadas por Massa"},"content":{"rendered":"<p><img decoding=\"async\" src=\"https:\/\/diariod3.com\/inicio\/wp-content\/uploads\/2023\/08\/64e92f52765d6_1200.jpg\"\/><\/p>\n<p>Funcionarios del Gabinete nacional brindar\u00e1n este lunes una serie de conferencias de prensa para dar detalles sobre las medidas anunciadas por el ministro de Econom\u00eda, Sergio Massa, para reforzar la actividad econ\u00f3mica y los ingresos.<\/p>\n<p>La ministra de Trabajo, <strong>Raquel \u00abKelly\u00bb Olmos, ser\u00e1 la primera en dialogar con los medios desde la sede de su cartera, en avenida Leandro N. Alem 650<\/strong>.<\/p>\n<p>Olmos har\u00e1 una ampliaci\u00f3n y detalle de los anuncios que realiz\u00f3 Massa, en especial los referidos a la entrega de una <strong>suma fija para trabajadores<\/strong>.<\/p>\n<h2>Beneficios para jubilados<\/h2>\n<p>A las 12, hablar\u00e1 la titular de Anses, <strong>Fernanda Raverta<\/strong>, para referirse a los refuerzos que recibir\u00e1n los jubilados y pensionados que perciben el haber m\u00ednimo en los meses de septiembre, octubre y noviembre.<\/p>\n<p>Y a las 15 ser\u00e1 el turno del administrador federal de la AFIP, <strong>Carlos Castagneto<\/strong>; el director general de Aduanas, <strong>Guillermo Michel<\/strong>; y la titular de la Direcci\u00f3n General Impositiva de AFIP, <strong>Virginia Garc\u00eda<\/strong>.<\/p>\n<p>En tanto, a las 18, la ministra de Desarrollo Social, <strong>Victoria Tolosa Paz<\/strong>, ampliar\u00e1 informaci\u00f3n sobre el refuerzo extraordinario de la Prestaci\u00f3n Alimentar para septiembre y octubre, y el aumento posterior del 30% en el monto mensual.<\/p>\n<p>El martes, asimismo, brindar\u00e1n una conferencia ante los medios el secretario de Agricultura, <strong>Juan Jos\u00e9 Bahillo<\/strong>, y el secretario de Industria y Desarrollo Productivo, <strong>Jos\u00e9 Ignacio de Mendiguren<\/strong>.<\/p>\n<p>Massa anunci\u00f3 el domingo un paquete de medidas dentro del Programa de Fortalecimiento de la Actividad Econ\u00f3mica y del Ingreso que incluye sumas fijas no remunerativas a cuenta de futuros incrementos y cr\u00e9ditos para trabajadores, mejoras para monotributistas, aumentos para jubilados, ayuda social, pre financiaci\u00f3n de exportaciones y baja de retenciones para econom\u00edas regionales, entre otras.<\/p>\n<p><strong>FUENTE: TELAM<\/strong><br \/>\n<strong>OPERADOR: ANA PAULA CARRASCO<\/strong><\/p>\n<p>La entrada <a href=\"https:\/\/diariod3.com\/inicio\/el-gobierno-dara-detalles-de-las-medidas-anunciadas-por-massa\/\" rel=\"noreferrer noopener\" target=\"_blank\">El Gobierno dar\u00e1 detalles de las medidas anunciadas por Massa<\/a> se public\u00f3 primero en <a href=\"https:\/\/diariod3.com\/inicio\" rel=\"noreferrer noopener\" target=\"_blank\">DIARIO D3 NOTICIAS<\/a>.<\/p>\n","protected":false},"excerpt":{"rendered":"<p>Funcionarios del Gabinete nacional brindar\u00e1n este lunes una serie de conferencias de prensa para dar detalles sobre las medidas anunciadas por el ministro de Econom\u00eda, Sergio Massa, para reforzar la actividad econ\u00f3mica y los ingresos. La ministra de Trabajo, Raquel \u00abKelly\u00bb Olmos, ser\u00e1 la primera en dialogar con los medios desde la sede de su [&hellip;]<\/p>\n","protected":false},"author":2,"featured_media":0,"comment_status":"closed","ping_status":"","sticky":false,"template":"","format":"standard","meta":{"footnotes":""},"categories":[12],"tags":[],"_links":{"self":[{"href":"https:\/\/maxradio923.com.ar\/index.php\/wp-json\/wp\/v2\/posts\/691"}],"collection":[{"href":"https:\/\/maxradio923.com.ar\/index.php\/wp-json\/wp\/v2\/posts"}],"about":[{"href":"https:\/\/maxradio923.com.ar\/index.php\/wp-json\/wp\/v2\/types\/post"}],"author":[{"embeddable":true,"href":"https:\/\/maxradio923.com.ar\/index.php\/wp-json\/wp\/v2\/users\/2"}],"replies":[{"embeddable":true,"href":"https:\/\/maxradio923.com.ar\/index.php\/wp-json\/wp\/v2\/comments?post=691"}],"version-history":[{"count":0,"href":"https:\/\/maxradio923.com.ar\/index.php\/wp-json\/wp\/v2\/posts\/691\/revisions"}],"wp:attachment":[{"href":"https:\/\/maxradio923.com.ar\/index.php\/wp-json\/wp\/v2\/media?parent=691"}],"wp:term":[{"taxonomy":"category","embeddable":true,"href":"https:\/\/maxradio923.com.ar\/index.php\/wp-json\/wp\/v2\/categories?post=691"},{"taxonomy":"post_tag","embeddable":true,"href":"https:\/\/maxradio923.com.ar\/index.php\/wp-json\/wp\/v2\/tags?post=691"}],"curies":[{"name":"wp","href":"https:\/\/api.w.org\/{rel}","templated":true}]}}