{"id":689,"date":"2023-08-28T16:04:31","date_gmt":"2023-08-28T14:04:31","guid":{"rendered":"https:\/\/maxradio923.com\/index.php\/2023\/08\/28\/katopodis-sobre-las-medidas-de-massa-son-una-senal-muy-clara-de-la-pelea-contra-el-fmi\/"},"modified":"2023-08-28T22:24:15","modified_gmt":"2023-08-28T20:24:15","slug":"katopodis-sobre-las-medidas-de-massa-son-una-senal-muy-clara-de-la-pelea-contra-el-fmi","status":"publish","type":"post","link":"https:\/\/maxradio923.com.ar\/index.php\/2023\/08\/28\/katopodis-sobre-las-medidas-de-massa-son-una-senal-muy-clara-de-la-pelea-contra-el-fmi\/","title":{"rendered":"Katopodis sobre las medidas de Massa: \u00abSon una se\u00f1al muy clara de la pelea contra el FMI\u00bb"},"content":{"rendered":"<p><img decoding=\"async\" src=\"https:\/\/diariod3.com\/inicio\/wp-content\/uploads\/2023\/08\/64c454f6dc6bb_1200.jpg\"\/><\/p>\n<p>El ministro de Obras P\u00fablicas, Gabriel Katopodis, se\u00f1al\u00f3 que las medidas anunciadas este domingo por el titular de Econom\u00eda, Sergio Massa, <strong>son \u00abuna se\u00f1al muy clara de la pelea\u00bb que est\u00e1 dando contra el FMI y sectores empresarios<\/strong>, y consider\u00f3 que mientras \u00abalgunos sectores buscan que Argentina no se encamine\u00bb, de la mano de Uni\u00f3n por la Patria (UxP) \u00abvamos a ir saliendo todos juntos\u00bb.<\/p>\n<p>\u00abLos anuncios de Massa son una se\u00f1al muy clara de la pelea que Sergio tiene con el FMI, la pelea con empresarios que lo \u00fanico que tienen en su cabeza es la caja registradora y aplican aumentos en los precios\u00bb, indic\u00f3 Katopodis en di\u00e1logo con Radio 10.<\/p>\n<p>En esa l\u00ednea, marc\u00f3 que \u00ab<strong>todo lo que no es ajuste es nuestro<\/strong>: educaci\u00f3n p\u00fablica, recomposici\u00f3n del salario, pymes, ciencia y tecnolog\u00eda\u00bb.<\/p>\n<blockquote>\n<p>\u00abSergio (Massa) empieza a tomar decisiones porque no se puede esperar al 10 de diciembre. La paciencia est\u00e1 finita y \u00e9l lo sabe, por eso son estos anuncios, que no vamos a dejar de tomar de ac\u00e1 a diciembre porque no andamos especulando por un hecho electoral\u00bb<cite>Gabriel Katopodis<\/cite><\/p>\n<\/blockquote>\n<p>El candidato presidencial de UxP, \u00abSergio (Massa) empieza a tomar decisiones porque no se puede esperar al 10 de diciembre. La paciencia est\u00e1 finita y \u00e9l lo sabe, por eso son estos anuncios, que no vamos a dejar de tomar de ac\u00e1 a diciembre porque no andamos especulando por un hecho electoral\u00bb, a\u00f1adi\u00f3.<\/p>\n<p>Frente a los comicios generales, el ministro de Obras P\u00fablicas manifest\u00f3 que \u00aba la gente hay que explicarle que <strong>el voto en octubre tiene consecuencias por cuatro a\u00f1os<\/strong>, no solo define un modelo de pa\u00eds sino un rumbo familiar y social\u00bb.<\/p>\n<p>\u00abLo que propone la derecha ya sabemos que no funcion\u00f3 nunca. Ser\u00e1n los padres los que tendr\u00e1n que explicarles a los pibes que se quedar\u00e1n sin laburo si gana la derecha\u00bb, indic\u00f3.<\/p>\n<blockquote>\n<p>\u00abLo que propone la derecha ya sabemos que no funcion\u00f3 nunca. Ser\u00e1n los padres los que tendr\u00e1n que explicarles a los pibes que se quedar\u00e1n sin laburo si gana la derecha\u00bb<\/p>\n<\/blockquote>\n<p>Respecto a \u00ablos que dicen <strong>por qu\u00e9 Massa no arregla los problemas ahora, es porque estamos solucionando los temas de coyuntura<\/strong>, que surgen problemas todos los d\u00edas, necesitamos un contexto en d\u00f3nde Massa est\u00e9 \u00e9l cuatro a\u00f1os gobernando, sentado en la punta de mesa, tomando decisiones\u00bb, expres\u00f3.<\/p>\n<p>Y se\u00f1al\u00f3 que \u00abla preocupaci\u00f3n de la gente es muy clara: quieren laburo con un sueldo que alcance, un poco m\u00e1s de seguridad y vivir m\u00e1s tranquilos, la gente necesita proyectar a un plazo que sea mayor a una semana, que pueda cambiar el auto, pensar en una vivienda, en darse gustos\u00bb.<\/p>\n<p>\u00abEl peronismo debe hacerse cargo de que estamos mal, de que hay que mejorar los sueldos, de que se puede vivir mejor\u00bb, subray\u00f3 Katopodis.<\/p>\n<p>As\u00edmismo, consider\u00f3 que al presidente \u00abAlberto Fern\u00e1ndez, <strong>le cayeron las siete plagas<\/strong>, tuvo que gobernar una crisis muy fuerte y la realidad es que va a dejar un barco a flote\u00bb.<\/p>\n<p>\u00abSergio Massa tiene la principal tarea de poner a la Argentina en otra velocidad. Tiene capacidad de negociaci\u00f3n, no se pone nervioso, defiende los intereses de los argentinos\u00bb, marc\u00f3.<\/p>\n<p>Adem\u00e1s, Katopodis adelant\u00f3 que tiene \u00abhablado con Sergio llevar adelante <strong>el plan de obra p\u00fablica m\u00e1s importante de la historia de Argentina<\/strong>. Ya estamos construyendo 500 centros de desarrollo infantil, vamos a hacer mil m\u00e1s. Hicimos 167 obras en 56 universidades nacionales, muchas en construcci\u00f3n, y vamos a hacer 300 m\u00e1s. <strong>La Argentina necesita eso, no necesita ni ajuste ni sacrificio<\/strong>\u00ab.<\/p>\n<p>\u00abNo hay que explicar m\u00e1s la sequ\u00eda y c\u00f3mo conseguiremos los d\u00f3lares, hay que explicarle y decirle a la gente que en el futuro vamos a estar bien, darles confianza y promesas hacia d\u00f3nde queremos llevar al pa\u00eds\u00bb, a\u00f1adi\u00f3.<\/p>\n<p>En ese sentido, consider\u00f3 que \u00abhay que salir de vuelta a la calle, al mano a mano, una campa\u00f1a donde cada militante tiene una tarea fundamental, es el Scaloni del momento\u00bb, refiri\u00f3 en alusi\u00f3n a Massa.<\/p>\n<p>\u00abHay que plantear que somos peronistas, ya no es entrar al balotaje sino que vamos a ganar, que hay esperanza, que podemos cambiar la realidad\u00bb, enfatiz\u00f3 el ministro de Obras P\u00fablicas.<\/p>\n<p>Respecto a los intentos de robos a comercios que sucedieron la semana pasada, Katopodis consider\u00f3 que \u00abnuestro pueblo es pac\u00edfico, tiene muy en claro lo que pas\u00f3 en el 2001 y est\u00e1 alejado de eso. <strong>Lo que sucedi\u00f3 el otro d\u00eda fue una banda de delincuentes, de un grupo de pibes y fue un mensaje direccionado por alguien<\/strong>\u00ab.<\/p>\n<p>\u00abNadie puede negar que la situaci\u00f3n est\u00e1 mal, pero la propuesta no es que cada uno se salva como puede, vamos a ir saliendo todos<\/p>\n<p>juntos, nadie se va a quedar atras\u00bb, indic\u00f3 y advirti\u00f3 que \u00abhay actores que van a seguir buscando que Argentina no se encamine\u00bb.<br \/>\n<strong>FUENTE: TELAM<\/strong><br \/>\n<strong>OPEARDOR: ANA PAULA CARRASCO<\/strong><\/p>\n<p>La entrada <a href=\"https:\/\/diariod3.com\/inicio\/katopodis-sobre-las-medidas-de-massa-son-una-senal-muy-clara-de-la-pelea-contra-el-fmi\/\" rel=\"noreferrer noopener\" target=\"_blank\">Katopodis sobre las medidas de Massa: \u00abSon una se\u00f1al muy clara de la pelea contra el FMI\u00bb<\/a> se public\u00f3 primero en <a href=\"https:\/\/diariod3.com\/inicio\" rel=\"noreferrer noopener\" target=\"_blank\">DIARIO D3 NOTICIAS<\/a>.<\/p>\n","protected":false},"excerpt":{"rendered":"<p>El ministro de Obras P\u00fablicas, Gabriel Katopodis, se\u00f1al\u00f3 que las medidas anunciadas este domingo por el titular de Econom\u00eda, Sergio Massa, son \u00abuna se\u00f1al muy clara de la pelea\u00bb que est\u00e1 dando contra el FMI y sectores empresarios, y consider\u00f3 que mientras \u00abalgunos sectores buscan que Argentina no se encamine\u00bb, de la mano de Uni\u00f3n [&hellip;]<\/p>\n","protected":false},"author":2,"featured_media":0,"comment_status":"closed","ping_status":"","sticky":false,"template":"","format":"standard","meta":{"footnotes":""},"categories":[12],"tags":[],"_links":{"self":[{"href":"https:\/\/maxradio923.com.ar\/index.php\/wp-json\/wp\/v2\/posts\/689"}],"collection":[{"href":"https:\/\/maxradio923.com.ar\/index.php\/wp-json\/wp\/v2\/posts"}],"about":[{"href":"https:\/\/maxradio923.com.ar\/index.php\/wp-json\/wp\/v2\/types\/post"}],"author":[{"embeddable":true,"href":"https:\/\/maxradio923.com.ar\/index.php\/wp-json\/wp\/v2\/users\/2"}],"replies":[{"embeddable":true,"href":"https:\/\/maxradio923.com.ar\/index.php\/wp-json\/wp\/v2\/comments?post=689"}],"version-history":[{"count":0,"href":"https:\/\/maxradio923.com.ar\/index.php\/wp-json\/wp\/v2\/posts\/689\/revisions"}],"wp:attachment":[{"href":"https:\/\/maxradio923.com.ar\/index.php\/wp-json\/wp\/v2\/media?parent=689"}],"wp:term":[{"taxonomy":"category","embeddable":true,"href":"https:\/\/maxradio923.com.ar\/index.php\/wp-json\/wp\/v2\/categories?post=689"},{"taxonomy":"post_tag","embeddable":true,"href":"https:\/\/maxradio923.com.ar\/index.php\/wp-json\/wp\/v2\/tags?post=689"}],"curies":[{"name":"wp","href":"https:\/\/api.w.org\/{rel}","templated":true}]}}