{"id":6860,"date":"2023-10-10T17:54:48","date_gmt":"2023-10-10T20:54:48","guid":{"rendered":"https:\/\/maxradio923.com\/index.php\/2023\/10\/10\/acusan-a-milei-de-hacer-terrorismo-economico-para-desestabilizar-el-sistema\/"},"modified":"2023-10-10T22:04:11","modified_gmt":"2023-10-11T01:04:11","slug":"acusan-a-milei-de-hacer-terrorismo-economico-para-desestabilizar-el-sistema","status":"publish","type":"post","link":"https:\/\/maxradio923.com.ar\/index.php\/2023\/10\/10\/acusan-a-milei-de-hacer-terrorismo-economico-para-desestabilizar-el-sistema\/","title":{"rendered":"Acusan a Milei de hacer \u00abterrorismo econ\u00f3mico\u00bb para desestabilizar el sistema"},"content":{"rendered":"<p><img decoding=\"async\" src=\"https:\/\/diariod3.com\/inicio\/wp-content\/uploads\/2023\/10\/64fbaad9b0041.jpg\"\/><\/p>\n<p>Desde Agust\u00edn Rossi y Axel Kicillof a Daniel Men\u00e9ndez, Myriam Bregman y Patricia Bullrich rechazaron las declaraciones del candidato de LLA sobre el peso, los plazos fijos y el funcionamiento del sistema financiero. \u00abTiene una clara intenci\u00f3n de generar zozobra y provocar una crisis financiera\u00bb, denunci\u00f3 la Asociaci\u00f3n Bancaria.<\/p>\n<p>Las declaraciones del candidato presidencial Javier Milei y de otros dirigentes de la Libertad Avanza (LLA), quienes despreciaron la moneda nacional y pusieron dudas sobre la estabilidad del sistema financiero, generaron este martes el repudio de economistas y de dirigentes, tanto de Uni\u00f3n por la Patria (UxP) como de Juntos por el Cambio (JxC), as\u00ed como del sector bancario, quienes consideraron que el espacio libertario ejerce <strong>\u00abterrorismo econ\u00f3mico\u00bb<\/strong>.<\/p>\n<p>\u00abEs de un grado de irresponsabilidad enorme. No creo que sea un loquito suelto, no da puntada sin hilo, lo que ve es una situaci\u00f3n complicada electoral y cree que un escenario de incertidumbre es m\u00e1s favorable para un candidato como \u00e9l. <strong>Es un canalla de candidato a presidente<\/strong>, no le preocupa absolutamente nada, ni Argentina, ni los argentinos\u00bb, opin\u00f3 el jefe de Gabinete y candidato a vicepresidente de Uni\u00f3n por la Patria (UxP) <strong>Agust\u00edn Rossi<\/strong>, en declaraciones a Radio Delta.<\/p>\n<p>Milei se refiri\u00f3 ayer al peso argentino como \u00abexcremento\u00bb y ante una pregunta sobre si era conveniente renovar -o no- los plazos fijos bancarios respondi\u00f3: \u00abJam\u00e1s\u00bb.<\/p>\n<p>A esta pol\u00e9mica posici\u00f3n se sum\u00f3 lo expresado por el postulante libertario a jefe de Gobierno porte\u00f1o, Ramiro Marra, quien se pronunci\u00f3 en clave electoral sobre la reciente subida del d\u00f3lar blue: \u00abHoy m\u00e1s que nunca: NO AHORRES EN PESOS. Cuida tu dinero, te cost\u00f3 mucho ganarlo\u00bb.<\/p>\n<p>Para la <strong>Asociaci\u00f3n Bancaria<\/strong>, las declaraciones de Milei son <strong>\u00abterrorismo electoral\u00bb<\/strong> y aseguraron que el economista \u00abtiene una clara intenci\u00f3n de generar zozobra en la sociedad y provocar una crisis financiera\u00bb.<\/p>\n<p>\u00abNo al terrorismo electoral. Los dichos por parte de Javier Milei sobre el sistema financiero tienen una clara intencionalidad: generar zozobras en la sociedad y provocar deliberadamente una crisis financiera de proporciones, lo que afectar\u00eda no solo los puestos de trabajo de miles de trabajadoras y trabajadores bancarios, as\u00ed como tambi\u00e9n generar una crisis en el sistema financiero\u00bb, denunciaron a trav\u00e9s de un comunicado.<\/p>\n<p>Remarcaron que el candidato tiene un af\u00e1n de \u00abgenerar incertidumbre financiera y econ\u00f3mica por meras especulaciones electorales\u00bb, lo que lleva a <strong>\u00abfomentar acciones que promueven la desestabilizaci\u00f3n del sistema financiero y meterse con los ahorros de los argentinos\u00bb.<\/strong><\/p>\n<p>Esta misma preocupaci\u00f3n fue expresada por la <strong>Asociaci\u00f3n de la Banca Especializada<\/strong>, que llam\u00f3 a LLA a tener \u00abresponsabilidad democr\u00e1tica\u00bb y argument\u00f3 que en pocos d\u00edas la Argentina cumplir\u00e1 \u00ab40 a\u00f1os de democracia\u00bb, un hecho que \u00abrequiere de instituciones s\u00f3lidas y de una dirigencia pol\u00edtica madura y responsable\u00bb.<\/p>\n<p>\u00abEn el marco de los 40 a\u00f1os de Democracia en pocos d\u00edas se celebrar\u00e1n las elecciones presidenciales. Una Democracia fuerte requiere de instituciones s\u00f3lidas y de una dirigencia pol\u00edtica madura y responsable. Es por ello que los candidatos que aspiran a gobernar la cosa p\u00fablica tienen que mostrar responsabilidad en sus campa\u00f1as y declaraciones p\u00fablicas\u00bb, indic\u00f3 la Asociaci\u00f3n a trav\u00e9s de un comunicado.<\/p>\n<p>Para el sector, los candidatos \u00abdeben evitar hacer declaraciones infundadas que generan incertidumbre y volatilidad sobre las variables financieras\u00bb y aclararon que recomendar no renovar los dep\u00f3sitos \u00abno hace otra cosa que generar preocupaci\u00f3n en la poblaci\u00f3n\u00bb.<\/p>\n<p>\u00abLa carrera a la presidencia debe basarse en las competencias de ideas y capacidad de implementaci\u00f3n de las mismas\u00bb, advirtieron.<\/p>\n<p>Desde UxP, el gobernador bonaerense<strong> Axel Kicillof<\/strong>, al hablar en un acto en la Universidad de Lan\u00fas, sostuvo que <strong>\u00abla corrida o la situaci\u00f3n de presi\u00f3n sobre el d\u00f3lar es hist\u00f3ricamente algo bastante frecuente cuando se aproximan elecciones, incluso cuando ganaba (Mauricio) Macri\u00bb.<\/strong><\/p>\n<p>Por su parte, su ministro de Hacienda y Finanzas, <strong>Pablo L\u00f3pez<\/strong>, consider\u00f3 que Milei <strong>\u00abclaramente est\u00e1 fogoneando\u00bb<\/strong> cierta inestabilidad en el sistema financiero y plante\u00f3 que \u00aben lugar de traer calma o actuar de forma responsable (el candidato de LLA) hace todo lo contrario, genera mayor incertidumbre\u00bb.<\/p>\n<p>Por su parte, el coordinador nacional de Barrios de Pie, <strong>Daniel Men\u00e9ndez<\/strong>, reclam\u00f3 que act\u00fae \u00abun fiscal de oficio\u00bb porque las declaraciones constituyen <strong>\u00abun acto de terrorismo financiero\u00bb<\/strong>, en un posteo en su cuenta de X.<\/p>\n<p>El ministro de Transporte, <strong>Diego Giuliano<\/strong>, evalu\u00f3 que \u00ablas declaraciones irresponsables se pagan en las urnas\u00bb y grafic\u00f3: <strong>\u00abEs una maniobra electoral de manual\u00bb.<\/strong><\/p>\n<p>\u00abLa sociedad tiene que ver esto, tiene que observar esto, porque cada proceso democr\u00e1tico requiere que la sociedad pueda elegir libremente y sin estas acciones que no tienen ninguna razonabilidad, que no tiene ninguna excusa t\u00e9cnica para provocar ni corridas financieras\u00bb, subray\u00f3 Giuliano en declaraciones para T\u00e9lam Radio.<\/p>\n<p>Desde la oposici\u00f3n, la candidata a presidenta de JxC, <strong>Patricia Bullrich<\/strong>, le puso tono electoral a sus cr\u00edticas: \u00abEntre el pir\u00f3mano de Massa, que nos est\u00e1 llevando a la hiperinflaci\u00f3n, y la irresponsabilidad de Milei, que fomenta la corrida cambiaria, est\u00e1n los argentinos angustiados por el presente y el futuro\u00bb.<\/p>\n<p>En tanto, la diputada nacional y candidata a presidenta del Frente de Izquierda y Trabajadores-Unidad, <strong>Myriam Bregman<\/strong>, opin\u00f3 que Milei <strong>\u00abjuega para los intereses m\u00e1s concentrados de la econom\u00eda\u00bb<\/strong> y juzg\u00f3 que su estrategia apunta a promover \u00ablas devaluaciones que siempre paga el pueblo\u00bb.<\/p>\n<p>\u00abLa dolarizaci\u00f3n requiere primero de una megadevaluacion del peso; \u00e9l sigue en su l\u00ednea, diciendo lo que deber\u00eda suceder para avanzar luego hacia una dolarizaci\u00f3n\u00bb, expres\u00f3 Bregman al ingresar a la C\u00e1mara de Diputados.<\/p>\n<p>Milei, tras recibir innumerables cuestionamientos, adjudic\u00f3 esas cr\u00edticas a un intento por \u00abobtener r\u00e9dito pol\u00edtico\u00bb y trasladarle a \u00e9l responsabilidades.<\/p>\n<p>Fuente: T\u00c9LAM<br \/>\nPor: Graciela Herrera<\/p>\n<p>La entrada <a href=\"https:\/\/diariod3.com\/inicio\/acusan-a-milei-de-hacer-terrorismo-economico-para-desestabilizar-el-sistema\/\" rel=\"noreferrer noopener\" target=\"_blank\">Acusan a Milei de hacer \u00abterrorismo econ\u00f3mico\u00bb para desestabilizar el sistema<\/a> se public\u00f3 primero en <a href=\"https:\/\/diariod3.com\/inicio\" rel=\"noreferrer noopener\" target=\"_blank\">DIARIO D3 NOTICIAS<\/a>.<\/p>\n","protected":false},"excerpt":{"rendered":"<p>Desde Agust\u00edn Rossi y Axel Kicillof a Daniel Men\u00e9ndez, Myriam Bregman y Patricia Bullrich rechazaron las declaraciones del candidato de LLA sobre el peso, los plazos fijos y el funcionamiento del sistema financiero. \u00abTiene una clara intenci\u00f3n de generar zozobra y provocar una crisis financiera\u00bb, denunci\u00f3 la Asociaci\u00f3n Bancaria. Las declaraciones del candidato presidencial Javier [&hellip;]<\/p>\n","protected":false},"author":2,"featured_media":6896,"comment_status":"closed","ping_status":"","sticky":false,"template":"","format":"standard","meta":{"footnotes":""},"categories":[12],"tags":[],"_links":{"self":[{"href":"https:\/\/maxradio923.com.ar\/index.php\/wp-json\/wp\/v2\/posts\/6860"}],"collection":[{"href":"https:\/\/maxradio923.com.ar\/index.php\/wp-json\/wp\/v2\/posts"}],"about":[{"href":"https:\/\/maxradio923.com.ar\/index.php\/wp-json\/wp\/v2\/types\/post"}],"author":[{"embeddable":true,"href":"https:\/\/maxradio923.com.ar\/index.php\/wp-json\/wp\/v2\/users\/2"}],"replies":[{"embeddable":true,"href":"https:\/\/maxradio923.com.ar\/index.php\/wp-json\/wp\/v2\/comments?post=6860"}],"version-history":[{"count":1,"href":"https:\/\/maxradio923.com.ar\/index.php\/wp-json\/wp\/v2\/posts\/6860\/revisions"}],"predecessor-version":[{"id":6880,"href":"https:\/\/maxradio923.com.ar\/index.php\/wp-json\/wp\/v2\/posts\/6860\/revisions\/6880"}],"wp:featuredmedia":[{"embeddable":true,"href":"https:\/\/maxradio923.com.ar\/index.php\/wp-json\/wp\/v2\/media\/6896"}],"wp:attachment":[{"href":"https:\/\/maxradio923.com.ar\/index.php\/wp-json\/wp\/v2\/media?parent=6860"}],"wp:term":[{"taxonomy":"category","embeddable":true,"href":"https:\/\/maxradio923.com.ar\/index.php\/wp-json\/wp\/v2\/categories?post=6860"},{"taxonomy":"post_tag","embeddable":true,"href":"https:\/\/maxradio923.com.ar\/index.php\/wp-json\/wp\/v2\/tags?post=6860"}],"curies":[{"name":"wp","href":"https:\/\/api.w.org\/{rel}","templated":true}]}}