{"id":6749,"date":"2023-10-09T22:44:21","date_gmt":"2023-10-10T01:44:21","guid":{"rendered":"https:\/\/maxradio923.com\/index.php\/2023\/10\/09\/preparativos-en-jachal-para-una-fiesta-de-la-tradicion-inolvidable-homenaje-a-don-buenaventura-luna\/"},"modified":"2023-10-09T22:44:21","modified_gmt":"2023-10-10T01:44:21","slug":"preparativos-en-jachal-para-una-fiesta-de-la-tradicion-inolvidable-homenaje-a-don-buenaventura-luna","status":"publish","type":"post","link":"https:\/\/maxradio923.com.ar\/index.php\/2023\/10\/09\/preparativos-en-jachal-para-una-fiesta-de-la-tradicion-inolvidable-homenaje-a-don-buenaventura-luna\/","title":{"rendered":"Preparativos en J\u00e1chal para una Fiesta de la Tradici\u00f3n inolvidable: Homenaje a Don Buenaventura Luna"},"content":{"rendered":"<p><img decoding=\"async\" src=\"https:\/\/diariod3.com\/inicio\/wp-content\/uploads\/2023\/10\/jachal.jpg\"\/><\/p>\n<p>A medida que se acerca la Fiesta de la Tradici\u00f3n 2023 en la hermosa localidad de J\u00e1chal, la emoci\u00f3n crece entre los jachalleros, quienes han comenzado los ensayos para una obra teatral que promete conmover a todos los ciudadanos de la provincia. El evento est\u00e1 marcado para el s\u00e1bado 4 de noviembre en la Plaza General San Mart\u00edn, y continuar\u00e1 los d\u00edas viernes 10 y s\u00e1bado 11 de noviembre en el Anfiteatro Buenaventura Luna.<\/p>\n<p>El coordinador general del Fog\u00f3n de los Arrieros, Mario Echegaray, revel\u00f3 detalles emocionantes sobre la obra teatral que rendir\u00e1 homenaje al ilustre sanjuanino, Buenaventura Luna. Esta producci\u00f3n promete llevar a los espectadores en un viaje a la \u00e9poca de los arrieros y revivir el legado de Don Buena de una manera \u00fanica.<\/p>\n<p>Uno de los aspectos destacados de este a\u00f1o en el Fog\u00f3n es la puesta en escena realista que recrear\u00e1 los paisajes y escenarios tradicionales de la Argentina rural. Los actores y actrices, tanto profesionales como aficionados, han sido meticulosamente seleccionados para dar vida a los personajes y transmitir la pasi\u00f3n y el amor por la tradici\u00f3n gaucha.<\/p>\n<p>Adem\u00e1s de las actuaciones en vivo, la obra incorporar\u00e1 proyecciones audiovisuales que enriquecer\u00e1n la historia y sumergir\u00e1n al p\u00fablico a\u00fan m\u00e1s en la trama. Tambi\u00e9n se contar\u00e1 con m\u00fasicos en vivo que interpretar\u00e1n las emblem\u00e1ticas canciones de Buenaventura Luna, como \u00abLa Laucha\u00bb y \u00abEl Alero\u00bb.<\/p>\n<p>El Fog\u00f3n de los Arrieros promete ser un evento destacado con m\u00e1s de 200 actores en escena, y se esperan varias sorpresas en el escenario Vicente Tito Capdevila, que sin duda har\u00e1n que esta edici\u00f3n de la Fiesta de la Tradici\u00f3n sea inolvidable.<\/p>\n<p>Los jachalleros est\u00e1n ansiosos por compartir este festejo popular y cultural con todos los habitantes de la provincia y visitantes. Ser\u00e1 una oportunidad \u00fanica para celebrar la rica tradici\u00f3n cultural de la regi\u00f3n y rendir homenaje a Don Buenaventura Luna, una figura querida y respetada en la historia de San Juan y de Argentina en general. La Fiesta de la Tradici\u00f3n 2023 promete ser un evento imperdible para todos los amantes de la cultura gaucha y la tradici\u00f3n argentina.<\/p>\n<p>La entrada <a href=\"https:\/\/diariod3.com\/inicio\/preparativos-en-jachal-para-una-fiesta-de-la-tradicion-inolvidable-homenaje-a-don-buenaventura-luna\/\" rel=\"noreferrer noopener\" target=\"_blank\">Preparativos en J\u00e1chal para una Fiesta de la Tradici\u00f3n inolvidable: Homenaje a Don Buenaventura Luna<\/a> se public\u00f3 primero en <a href=\"https:\/\/diariod3.com\/inicio\" rel=\"noreferrer noopener\" target=\"_blank\">DIARIO D3 NOTICIAS<\/a>.<\/p>\n","protected":false},"excerpt":{"rendered":"<p>A medida que se acerca la Fiesta de la Tradici\u00f3n 2023 en la hermosa localidad de J\u00e1chal, la emoci\u00f3n crece entre los jachalleros, quienes han comenzado los ensayos para una obra teatral que promete conmover a todos los ciudadanos de la provincia. El evento est\u00e1 marcado para el s\u00e1bado 4 de noviembre en la Plaza [&hellip;]<\/p>\n","protected":false},"author":1,"featured_media":6750,"comment_status":"","ping_status":"","sticky":false,"template":"","format":"standard","meta":{"footnotes":""},"categories":[10],"tags":[],"_links":{"self":[{"href":"https:\/\/maxradio923.com.ar\/index.php\/wp-json\/wp\/v2\/posts\/6749"}],"collection":[{"href":"https:\/\/maxradio923.com.ar\/index.php\/wp-json\/wp\/v2\/posts"}],"about":[{"href":"https:\/\/maxradio923.com.ar\/index.php\/wp-json\/wp\/v2\/types\/post"}],"author":[{"embeddable":true,"href":"https:\/\/maxradio923.com.ar\/index.php\/wp-json\/wp\/v2\/users\/1"}],"replies":[{"embeddable":true,"href":"https:\/\/maxradio923.com.ar\/index.php\/wp-json\/wp\/v2\/comments?post=6749"}],"version-history":[{"count":0,"href":"https:\/\/maxradio923.com.ar\/index.php\/wp-json\/wp\/v2\/posts\/6749\/revisions"}],"wp:featuredmedia":[{"embeddable":true,"href":"https:\/\/maxradio923.com.ar\/index.php\/wp-json\/wp\/v2\/media\/6750"}],"wp:attachment":[{"href":"https:\/\/maxradio923.com.ar\/index.php\/wp-json\/wp\/v2\/media?parent=6749"}],"wp:term":[{"taxonomy":"category","embeddable":true,"href":"https:\/\/maxradio923.com.ar\/index.php\/wp-json\/wp\/v2\/categories?post=6749"},{"taxonomy":"post_tag","embeddable":true,"href":"https:\/\/maxradio923.com.ar\/index.php\/wp-json\/wp\/v2\/tags?post=6749"}],"curies":[{"name":"wp","href":"https:\/\/api.w.org\/{rel}","templated":true}]}}