{"id":6745,"date":"2023-10-09T22:44:17","date_gmt":"2023-10-10T01:44:17","guid":{"rendered":"https:\/\/maxradio923.com\/index.php\/2023\/10\/09\/convocan-acto-por-la-democracia-contra-neofascismos-que-proponen-milei-y-bullrich\/"},"modified":"2023-10-10T09:24:13","modified_gmt":"2023-10-10T12:24:13","slug":"convocan-acto-por-la-democracia-contra-neofascismos-que-proponen-milei-y-bullrich","status":"publish","type":"post","link":"https:\/\/maxradio923.com.ar\/index.php\/2023\/10\/09\/convocan-acto-por-la-democracia-contra-neofascismos-que-proponen-milei-y-bullrich\/","title":{"rendered":"Convocan acto \u00abpor la democracia\u00bb contra \u00abneofascismos\u00bb que proponen Milei y Bullrich"},"content":{"rendered":"<p><img decoding=\"async\" src=\"https:\/\/diariod3.com\/inicio\/wp-content\/uploads\/2023\/10\/milei-y-bullrich.jpg\"\/><\/p>\n<p>Referentes y organizaciones de derechos humanos, sindicales, sociales y pol\u00edticas convocaron a un acto  para el 16 de octubre, con el objetivo manifestar una postura concluyente acerca de los \u00abneofascismos que adoptan formas nuevas y se venden como la novedad\u00bb.<\/p>\n<figure><img decoding=\"async\" src=\"https:\/\/www.telam.com.ar\/thumbs\/bluesteel\/advf\/imagenes\/2023\/10\/651c2b5178653_1200.jpg\" alt=\"Patricia Bullrich y Javier Milei\"\/><figcaption>Patricia Bullrich y Javier Milei<\/figcaption><\/figure>\n<p>Referentes y organizaciones de derechos humanos, sindicales, sociales y pol\u00edticas convocaron a un acto <strong>\u00abPor la Democracia, No Votamos Derecha\u00bb<\/strong> para el pr\u00f3ximo 16 de octubre, con el objetivo de <strong>\u00abunirnos en defensa de la democracia\u00bb contra los \u00abneofascismos que adoptan formas nuevas y se venden como la novedad\u00bb<\/strong>.<\/p>\n<p><strong>\u00abEstos neofascismos que adoptan formas nuevas y se venden como la novedad, representan las mismas ideas de odio y muerte que condujeron a los m\u00e1s terribles genocidios en el mundo\u00bb<\/strong>, afirmaron las organizaciones en el documento de convocatoria, y agregaron que ante el crecimiento de estas ideas<strong> \u00abno podemos permitir que avancen en la Argentina\u00bb<\/strong>.<\/p>\n<p><strong>\u00abA 40 a\u00f1os de la restauraci\u00f3n de la democracia, la elecci\u00f3n presidencial del 2023 puede ser una bisagra en la historia argentina, que signifique un retroceso a los peores tiempos\u00bb,<\/strong> alerta el documento que se invita a firmar.<\/p>\n<p>La convocatoria asegura que <strong>\u00abel primer lugar ocupado por (el candidato presidencial de La Libertad Avanza) Javier Milei en las PASO instala una gran preocupaci\u00f3n para todos los sectores democr\u00e1ticos y progresistas de nuestro pa\u00eds\u00bb <\/strong>y en ese sentido advierten que a dos semanas de las elecciones generales <strong>\u00abest\u00e1n en juego los valores y el consenso democr\u00e1tico del 83\u00bb<\/strong>.<\/p>\n<p>Bajo el lema <strong>\u00abPor la Democracia, No Votamos Derecha\u00bb<\/strong>, organizaciones pol\u00edticas y sociales de pensamiento progresista se dar\u00e1n cita en un acto el pr\u00f3ximo 16 de octubre a las 16.30 en la Sala Pablo Neruda del Paseo La Plaza, Corrientes al 1600 de la ciudad de Buenos Aires.<\/p>\n<p>El documento que difundieron para quien quiera firmarlo critica al candidato libertario por <strong>\u00absu discurso agresivo; su negacionismo del genocidio perpetrado por la \u00faltima dictadura militar; su desinter\u00e9s por los efectos de la crisis clim\u00e1tica y el calentamiento global\u00bb as\u00ed como su \u00abmanifiesta misoginia, sus propuestas privatizadoras de la salud, la educaci\u00f3n y la ciencia\u00bb entre otras propuestas que \u00absuponen un riesgo cierto para la sociedad y la Naci\u00f3n misma\u00bb.<\/strong><\/p>\n<p>Tambi\u00e9n consideran la propuesta de Juntos por el Cambio y su candidata presidencial, Patricia Bullrich, como <strong>\u00abotra de las alternativas que plantea la derecha\u00bb <\/strong>y destacan respecto al gobierno del expresidente Mauricio Macri que<strong> \u00abesa alianza que destartal\u00f3 la econom\u00eda nacional y fragment\u00f3 la sociedad argentina a partir de 2015, comprometiendo por un siglo los recursos del pa\u00eds a trav\u00e9s de un endeudamiento brutal\u00bb<\/strong> con el Fondo Monetario Internacional.<\/p>\n<p><strong>\u00abEn ese sentido, la candidatura de Patricia Bullrich, pese a las diferencias que presenta con el ultraliberalismo violento de Milei, se inclina por un ajuste ortodoxo en lo econ\u00f3mico, con recorte de derechos y una orientaci\u00f3n punitiva y confrontativa, en lo pol\u00edtico\u00bb<\/strong>, explicaron.<\/p>\n<p>Entre los dirigentes y organizaciones firmantes del documento figuran las <strong>Madres de Plaza de Mayo L\u00ednea Fundadora Taty Almeida y Vera Jarach, el dirigente de Libres del Sur Humberto Tumini, el secretario general de la CTA Aut\u00f3noma, Hugo Godoy; el abogado de la Asamblea Permanente por los Derechos Humanos (APDH) Eduardo Tavani, el presidente de la Asociaci\u00f3n Argentina de la Democracia Participativa, Oscar Gonz\u00e1lez; la exgobernadora de Tierra del Fuego Fabiana R\u00edos; la directora ejecutiva de Mujeres de la Matria Latinoamericana, Gabriela Sosa; el exsenador Nito Artaza y las organizaciones Juventud Sur, Convergencia Bases Socialista (PS Nacional), el Movimiento Nacional Reformista (MNR), el Frente Amplio por la Soberan\u00eda (Santa Fe), PARES (Santa Fe) y el Partido Social de la Ciudad (CABA)<\/strong>.<\/p>\n<p>La entrada <a href=\"https:\/\/diariod3.com\/inicio\/convocan-acto-por-la-democracia-contra-neofascismos-que-proponen-milei-y-bullrich\/\" rel=\"noreferrer noopener\" target=\"_blank\">Convocan acto \u00abpor la democracia\u00bb contra \u00abneofascismos\u00bb que proponen Milei y Bullrich<\/a> se public\u00f3 primero en <a href=\"https:\/\/diariod3.com\/inicio\" rel=\"noreferrer noopener\" target=\"_blank\">DIARIO D3 NOTICIAS<\/a>.<\/p>\n","protected":false},"excerpt":{"rendered":"<p>Referentes y organizaciones de derechos humanos, sindicales, sociales y pol\u00edticas convocaron a un acto para el 16 de octubre, con el objetivo manifestar una postura concluyente acerca de los \u00abneofascismos que adoptan formas nuevas y se venden como la novedad\u00bb. Patricia Bullrich y Javier Milei Referentes y organizaciones de derechos humanos, sindicales, sociales y pol\u00edticas [&hellip;]<\/p>\n","protected":false},"author":2,"featured_media":6780,"comment_status":"closed","ping_status":"","sticky":false,"template":"","format":"standard","meta":{"footnotes":""},"categories":[12],"tags":[],"_links":{"self":[{"href":"https:\/\/maxradio923.com.ar\/index.php\/wp-json\/wp\/v2\/posts\/6745"}],"collection":[{"href":"https:\/\/maxradio923.com.ar\/index.php\/wp-json\/wp\/v2\/posts"}],"about":[{"href":"https:\/\/maxradio923.com.ar\/index.php\/wp-json\/wp\/v2\/types\/post"}],"author":[{"embeddable":true,"href":"https:\/\/maxradio923.com.ar\/index.php\/wp-json\/wp\/v2\/users\/2"}],"replies":[{"embeddable":true,"href":"https:\/\/maxradio923.com.ar\/index.php\/wp-json\/wp\/v2\/comments?post=6745"}],"version-history":[{"count":1,"href":"https:\/\/maxradio923.com.ar\/index.php\/wp-json\/wp\/v2\/posts\/6745\/revisions"}],"predecessor-version":[{"id":6757,"href":"https:\/\/maxradio923.com.ar\/index.php\/wp-json\/wp\/v2\/posts\/6745\/revisions\/6757"}],"wp:featuredmedia":[{"embeddable":true,"href":"https:\/\/maxradio923.com.ar\/index.php\/wp-json\/wp\/v2\/media\/6780"}],"wp:attachment":[{"href":"https:\/\/maxradio923.com.ar\/index.php\/wp-json\/wp\/v2\/media?parent=6745"}],"wp:term":[{"taxonomy":"category","embeddable":true,"href":"https:\/\/maxradio923.com.ar\/index.php\/wp-json\/wp\/v2\/categories?post=6745"},{"taxonomy":"post_tag","embeddable":true,"href":"https:\/\/maxradio923.com.ar\/index.php\/wp-json\/wp\/v2\/tags?post=6745"}],"curies":[{"name":"wp","href":"https:\/\/api.w.org\/{rel}","templated":true}]}}