{"id":67112,"date":"2025-12-27T14:58:04","date_gmt":"2025-12-27T17:58:04","guid":{"rendered":"https:\/\/maxradio923.com.ar\/index.php\/2025\/12\/27\/comenzo-el-cruce-masivo-de-turistas-argentinos-hacia-chile-mas-de-tres-horas-de-espera-en-el-paso-fronterizo\/"},"modified":"2025-12-27T14:58:04","modified_gmt":"2025-12-27T17:58:04","slug":"comenzo-el-cruce-masivo-de-turistas-argentinos-hacia-chile-mas-de-tres-horas-de-espera-en-el-paso-fronterizo","status":"publish","type":"post","link":"https:\/\/maxradio923.com.ar\/index.php\/2025\/12\/27\/comenzo-el-cruce-masivo-de-turistas-argentinos-hacia-chile-mas-de-tres-horas-de-espera-en-el-paso-fronterizo\/","title":{"rendered":"Comenz\u00f3 el cruce masivo de turistas argentinos hacia Chile: m\u00e1s de tres horas de espera en el paso fronterizo"},"content":{"rendered":"<p><\/p>\n<h2 class=\"article-subheadline text_align_left\">En la previa del fin de a\u00f1o, miles de personas intentan cruzar hacia el pa\u00eds vecino. Se registran grandes demoras en el paso por Mendoza<\/h2>\n<p><\/p>\n<p class=\"paragraph\">En el inicio de la temporada de verano, en Chile esperan la llegada masiva de argentinos, que aprovechar\u00e1n el \u201c<b>d\u00f3lar barato<\/b>\u201d y los precios accesibles comparados con los destinos nacionales. Desde este s\u00e1bado, el <b>Paso Internacional Cristo Redentor <\/b>est\u00e1 habilitado en ambos sentidos, pero se registran <b>demoras <\/b>de hasta <b>cuatro horas <\/b>para quienes intentan ingresar desde Argentina.<\/p>\n<p><\/p>\n<p class=\"paragraph\">Se espera el paso de turistas argentinos, especialmente con destino a las playas de <b>Re\u00f1aca<\/b>, <b>Vi\u00f1a del Mar <\/b>y<b> La Serena<\/b>, lugares elegidos especialmente por sanjuaninos, cordobeses y mendocinos para recibir el A\u00f1o Nuevo y disfrutar las primeras semanas del 2026.<\/p>\n<p><\/p>\n<p class=\"paragraph\">Seg\u00fan la informaci\u00f3n operativa, hasta el viernes las esperas m\u00e1ximas no superaban los 90 minutos, mientras que <b>este s\u00e1bado los tiempos de demora se duplicaron<\/b>, como consecuencia del fuerte incremento del flujo vehicular propio del recambio tur\u00edstico de fin de a\u00f1o.<\/p>\n<p><\/p>\n<p class=\"paragraph\">Con el objetivo de ordenar el avance de los autos y descomprimir el \u00e1rea del Complejo Los Libertadores, <b>las autoridades implementaron un pulm\u00f3n de estacionamiento <\/b>para veh\u00edculos livianos en el sector <b>Penitentes<\/b>.<\/p>\n<p><\/p>\n<p class=\"paragraph\">La medida permite regular el <b>ingreso por tandas<\/b> y evitar que los veh\u00edculos queden detenidos en sectores sin servicios pr\u00f3ximos al complejo chileno. Esta acci\u00f3n se complementa con la liberaci\u00f3n controlada de veh\u00edculos encapsulados, prevista dentro del protocolo de contingencia para situaciones de alta congesti\u00f3n en alta monta\u00f1a.<\/p>\n<p><\/p>\n<p class=\"paragraph\">Atento a la demanda vehicular, el gobernador de Mendoza, <b>Alfredo Cornejo<\/b>, visit\u00f3 las zonas de <b>Penitentes<\/b> y <b>Uspallata<\/b> en el inicio de la temporada de verano, con el objetivo de supervisar los servicios y dispositivos implementados por la provincia ante el incremento del tr\u00e1nsito hacia Chile. \u201cAnticiparnos es clave para ordenar, dar previsibilidad y mejorar la experiencia de quienes viajan\u201d, sostuvo, en su cuenta personal de X. <\/p>\n","protected":false},"excerpt":{"rendered":"<p>En la previa del fin de a\u00f1o, miles de personas intentan cruzar hacia el pa\u00eds vecino. Se registran grandes demoras en el paso por Mendoza En el inicio de la temporada de verano, en Chile esperan la llegada masiva de argentinos, que aprovechar\u00e1n el \u201cd\u00f3lar barato\u201d y los precios accesibles comparados con los destinos nacionales. [&hellip;]<\/p>\n","protected":false},"author":2,"featured_media":67113,"comment_status":"","ping_status":"","sticky":false,"template":"","format":"standard","meta":{"footnotes":""},"categories":[12],"tags":[],"_links":{"self":[{"href":"https:\/\/maxradio923.com.ar\/index.php\/wp-json\/wp\/v2\/posts\/67112"}],"collection":[{"href":"https:\/\/maxradio923.com.ar\/index.php\/wp-json\/wp\/v2\/posts"}],"about":[{"href":"https:\/\/maxradio923.com.ar\/index.php\/wp-json\/wp\/v2\/types\/post"}],"author":[{"embeddable":true,"href":"https:\/\/maxradio923.com.ar\/index.php\/wp-json\/wp\/v2\/users\/2"}],"replies":[{"embeddable":true,"href":"https:\/\/maxradio923.com.ar\/index.php\/wp-json\/wp\/v2\/comments?post=67112"}],"version-history":[{"count":0,"href":"https:\/\/maxradio923.com.ar\/index.php\/wp-json\/wp\/v2\/posts\/67112\/revisions"}],"wp:featuredmedia":[{"embeddable":true,"href":"https:\/\/maxradio923.com.ar\/index.php\/wp-json\/wp\/v2\/media\/67113"}],"wp:attachment":[{"href":"https:\/\/maxradio923.com.ar\/index.php\/wp-json\/wp\/v2\/media?parent=67112"}],"wp:term":[{"taxonomy":"category","embeddable":true,"href":"https:\/\/maxradio923.com.ar\/index.php\/wp-json\/wp\/v2\/categories?post=67112"},{"taxonomy":"post_tag","embeddable":true,"href":"https:\/\/maxradio923.com.ar\/index.php\/wp-json\/wp\/v2\/tags?post=67112"}],"curies":[{"name":"wp","href":"https:\/\/api.w.org\/{rel}","templated":true}]}}