{"id":67111,"date":"2025-12-27T14:40:09","date_gmt":"2025-12-27T17:40:09","guid":{"rendered":"https:\/\/maxradio923.com.ar\/index.php\/2025\/12\/27\/quien-era-el-hombre-que-murio-tras-un-enfrentamiento-con-la-policia-de-la-ciudad-en-villa-lugano\/"},"modified":"2025-12-27T14:40:09","modified_gmt":"2025-12-27T17:40:09","slug":"quien-era-el-hombre-que-murio-tras-un-enfrentamiento-con-la-policia-de-la-ciudad-en-villa-lugano","status":"publish","type":"post","link":"https:\/\/maxradio923.com.ar\/index.php\/2025\/12\/27\/quien-era-el-hombre-que-murio-tras-un-enfrentamiento-con-la-policia-de-la-ciudad-en-villa-lugano\/","title":{"rendered":"Qui\u00e9n era el hombre que muri\u00f3 tras un enfrentamiento con la Polic\u00eda de la Ciudad en Villa Lugano"},"content":{"rendered":"<p><\/p>\n<h2 class=\"article-subheadline text_align_left\">Se trata de Juan Gabriel Gonz\u00e1lez, de 45 a\u00f1os. Era pintor y padre de dos chicos. La principal sospecha es que fue asesinado por un disparo policial<\/h2>\n<p><\/p>\n<p class=\"paragraph\">La Justicia investiga por estas horas las circunstancias en las que muri\u00f3 Juan Gabriel Gonz\u00e1lez, el hombre de 45 a\u00f1os que <b>fue presuntamente asesinado de un disparo policial en Villa Lugano. <\/b>El hecho ocurri\u00f3 el jueves de Navidad, cuando agentes de la Polic\u00eda de la Ciudad se desplazaron al barrio 20 para supuestamente frenar una disputa vecinal. En ese contexto, protagonizaron un violento enfrentamiento que termin\u00f3 con un vecino muerto de una herida en el t\u00f3rax.<\/p>\n<p><\/p>\n<p class=\"paragraph\">Y agreg\u00f3: \u201cTen\u00eda dos hijos, uno pr\u00e1cticamente adolescente, que lo necesita much\u00edsimo porque es un pibe que est\u00e1 viviendo en un barrio muy peligroso y su pap\u00e1 siempre estaba ah\u00ed para protegerlo, para cuidarlo, junto con su mam\u00e1\u201d.<\/p>\n<p><\/p>\n<p class=\"paragraph\">El viernes, en horas de la tarde, familiares, amigos y vecinos realizaron una marcha para reclamar justicia. <b>La movilizaci\u00f3n estuvo liderada por la propia Nelly, pese a que por las heridas no pod\u00eda estar de pie.<\/b> No obstante, brind\u00f3 algunas declaraciones, en las que cont\u00f3 el dram\u00e1tico momento que vivi\u00f3. <\/p>\n<p><\/p>\n<p class=\"paragraph\">\u201cLos polic\u00edas incitaban, pegaban, hasta que se escuch\u00f3 la detonaci\u00f3n. Tambi\u00e9n me hirieron, no me dejaban a acercar a Gabriel, a nadie para asistirlo y la ambulancia se demor\u00f3. Qued\u00e9 herida y detenida por resistir a la autoridad, me dijeron, yo solo intent\u00e9 separar\u201d, relat\u00f3 la mujer.<\/p>\n<p><\/p>\n<p class=\"paragraph\">Seg\u00fan las primeras informaciones policiales, el hecho ocurri\u00f3 cerca de las 13 del jueves pasado en la intersecci\u00f3n de <b>Chilavert <\/b>y <b>Araujo<\/b>, donde intervino personal de la <b>Divisi\u00f3n Unidad T\u00e1ctica de Pacificaci\u00f3n <\/b>ante un llamado que alert\u00f3 sobre supuestos disturbios en la zona del Barrio 20. <\/p>\n<p><\/p>\n<p class=\"paragraph\">El caso qued\u00f3 a cargo de la jueza Laura Bruniard, titular del <b>Juzgado Nacional en lo Criminal y Correccional N\u00b0 20<\/b>, quien deleg\u00f3 las actuaciones en la <b>Divisi\u00f3n Homicidios de<\/b> <b>Polic\u00eda Federal Argentina (PFA)<\/b>. <\/p>\n","protected":false},"excerpt":{"rendered":"<p>Se trata de Juan Gabriel Gonz\u00e1lez, de 45 a\u00f1os. Era pintor y padre de dos chicos. La principal sospecha es que fue asesinado por un disparo policial La Justicia investiga por estas horas las circunstancias en las que muri\u00f3 Juan Gabriel Gonz\u00e1lez, el hombre de 45 a\u00f1os que fue presuntamente asesinado de un disparo policial [&hellip;]<\/p>\n","protected":false},"author":2,"featured_media":67074,"comment_status":"","ping_status":"","sticky":false,"template":"","format":"standard","meta":{"footnotes":""},"categories":[12],"tags":[],"_links":{"self":[{"href":"https:\/\/maxradio923.com.ar\/index.php\/wp-json\/wp\/v2\/posts\/67111"}],"collection":[{"href":"https:\/\/maxradio923.com.ar\/index.php\/wp-json\/wp\/v2\/posts"}],"about":[{"href":"https:\/\/maxradio923.com.ar\/index.php\/wp-json\/wp\/v2\/types\/post"}],"author":[{"embeddable":true,"href":"https:\/\/maxradio923.com.ar\/index.php\/wp-json\/wp\/v2\/users\/2"}],"replies":[{"embeddable":true,"href":"https:\/\/maxradio923.com.ar\/index.php\/wp-json\/wp\/v2\/comments?post=67111"}],"version-history":[{"count":0,"href":"https:\/\/maxradio923.com.ar\/index.php\/wp-json\/wp\/v2\/posts\/67111\/revisions"}],"wp:featuredmedia":[{"embeddable":true,"href":"https:\/\/maxradio923.com.ar\/index.php\/wp-json\/wp\/v2\/media\/67074"}],"wp:attachment":[{"href":"https:\/\/maxradio923.com.ar\/index.php\/wp-json\/wp\/v2\/media?parent=67111"}],"wp:term":[{"taxonomy":"category","embeddable":true,"href":"https:\/\/maxradio923.com.ar\/index.php\/wp-json\/wp\/v2\/categories?post=67111"},{"taxonomy":"post_tag","embeddable":true,"href":"https:\/\/maxradio923.com.ar\/index.php\/wp-json\/wp\/v2\/tags?post=67111"}],"curies":[{"name":"wp","href":"https:\/\/api.w.org\/{rel}","templated":true}]}}