{"id":6705,"date":"2023-10-09T18:34:53","date_gmt":"2023-10-09T21:34:53","guid":{"rendered":"https:\/\/maxradio923.com\/index.php\/2023\/10\/09\/recta-final-como-sigue-la-campana-despues-del-debate-presidencial\/"},"modified":"2023-10-09T18:34:53","modified_gmt":"2023-10-09T21:34:53","slug":"recta-final-como-sigue-la-campana-despues-del-debate-presidencial","status":"publish","type":"post","link":"https:\/\/maxradio923.com.ar\/index.php\/2023\/10\/09\/recta-final-como-sigue-la-campana-despues-del-debate-presidencial\/","title":{"rendered":"Recta final: c\u00f3mo sigue la campa\u00f1a despu\u00e9s del debate presidencial"},"content":{"rendered":"<p><img decoding=\"async\" src=\"https:\/\/diariod3.com\/inicio\/wp-content\/uploads\/2023\/10\/debate-generaljpg.jpg\"\/><\/p>\n<h2>Superada la contienda discursiva entre los candidatos a presidente, se aceleran las actividades de campa\u00f1a en las fuerzas pol\u00edticas.<\/h2>\n<p>El <strong>segundo debate<\/strong> entre los candidatos a presidente <strong>volvi\u00f3 a mostrar a los pol\u00edticos atados a su <\/strong>guion. Si bien mejoraron su performance, lo cierto es que una vez m\u00e1s no hubo un claro ganador y la campa\u00f1a dej\u00f3 atr\u00e1s la contienda discursiva para abordar el sprint final de cara a las <strong>elecciones generales<\/strong>. Superada dicha instancia, las distintas fuerzas pol\u00edticas saben que no hay tiempo que perder y es por eso que <strong>esta semana se aceleran las actividades proselitistas<\/strong>.<\/p>\n<p>En el peronismo ya hubo muestras de ello el fin de semana, cuando en una caravana bonaerense en La Matanza se mostraron el candidato de <strong>Uni\u00f3n por la Patria Sergio Massa<\/strong>, junto al gobernador local Axel Kicillof y el presidente del PJ bonaerense, M\u00e1ximo Kirchner. La organizaci\u00f3n territorial tambi\u00e9n se extiende a las provincias. En el b\u00fanker de la calle Mitre aseguraron a este medio que<strong> los gobernadores \u201cse est\u00e1n moviendo\u201d para dar vuelta los resultados electorales<\/strong>.<\/p>\n<p>En el comando de <strong>Uni\u00f3n por la Patria <\/strong>consideran que \u201cya es un hecho que se instal\u00f3 un escenario de balotaje\u201d entre el tigrense y Javier Milei y lo ven como algo \u201cpositivo\u201d. En tanto, siguen de cerca lo que pasa en la vereda de enfrente. Con una candidata que cae en las encuestas, <strong>Juntos por el Cambio<\/strong> asiste a un escenario que podr\u00eda ponerlo en jaque: la necesidad de elegir entre el peronista o el libertario y, sobre todo, <strong>qui\u00e9n conducir\u00e1 a la coalici\u00f3n opositora ante una derrota de Patricia Bullrich.<\/strong><\/p>\n<p>Ya son varios los dirigentes radicales que se despegaron de la exministra de Seguridad, tales como <strong>Mart\u00edn Lousteau, Facundo Manes o Gustavo Posse<\/strong>, mientras gobernadores de dicho partido compartieron hace poco una foto con Sergio Massa. A esto se suma que el radicalismo acumul\u00f3 poder en los \u00faltimos meses debido a las victorias provinciales, y son varios los dirigentes que ya mantienen comunicaci\u00f3n con las terminales massistas, aunque todav\u00eda no quieren cerrar acuerdos hasta despu\u00e9s del 22 de octubre.<\/p>\n<p>En tanto, Massa empez\u00f3 este lunes un raid medi\u00e1tico que continuar\u00e1 en la semana, seg\u00fan aseguran en su entorno. La idea para las pr\u00f3ximas semanas es, fiel al estilo peronista, <strong>reforzar bajadas al territorio, pero tambi\u00e9n, incrementar presencia en las redes sociales.<\/strong><\/p>\n<p>En agenda ya hay anotadas recorridas por Mendoza, Bah\u00eda Blanca, San Juan y la Patagonia. Confiados en un escenario de balotaje,<strong> su equipo tambi\u00e9n agend\u00f3 una visita para C\u00f3rdoba luego del 22 de octubre.<\/strong><\/p>\n<p>Sabiendo que se trata de un terreno dominado por <strong>La Libertad Avanza<\/strong>, las redes sociales tambi\u00e9n ser\u00e1n campo de batalla en los d\u00edas por venir. A la cuenta @agstmassa (Archivo General Sergio Massa), donde se puede ver al ministro y candidato transformado en diferentes personajes hist\u00f3ricos gracias a la inteligencia artificial, se sum\u00f3 el sitio (por sugerencia de la nueva asesor\u00eda brasile\u00f1a en materia de comunicaci\u00f3n) https:\/\/loquedicemilei.com\/, que muestra \u201clo que de verdad\u201d piensa el candidato libertario.<\/p>\n<p>Por su parte, <strong>Mauricio Macri reapareci\u00f3 en Juntos por el Cambio en los \u00faltimos d\u00edas<\/strong>. El exmandatario se mostr\u00f3 en una foto junto a Patricia Bullrich en la previa al debate, buscando dar muestras de unidad tras la rencilla que los enfrent\u00f3 por su coqueteo con Javier Milei. No conforme con eso, activ\u00f3 el lunes el modo militante en recorridas por Vicente L\u00f3pez y San Isidro.<\/p>\n<p>Fuentes del entorno de <strong>Patricia Bullrich<\/strong> aseguraron a este medio que esta semana la candidata tambi\u00e9n recorrer\u00e1 esos municipios, mientras que su candidato a la gobernaci\u00f3n bonaerense, <strong>N\u00e9stor Grindetti<\/strong>, har\u00e1 lo propio este martes en Tres de Febrero y La Matanza.<\/p>\n<p>Otro que encara la recta final de la campa\u00f1a es el l\u00edder de La Libertad Avanza, <strong>Javier Milei<\/strong>. El economista tiene pensado visitar en los pr\u00f3ximos d\u00edas la provincia de Salta, que<strong> hasta el momento no visit\u00f3 y en la que cosech\u00f3 buenos resultados electorales.<\/strong><\/p>\n<p>En tanto, el pr\u00f3ximo 16 de octubre, el dirigente opositor se mostrar\u00e1 en el partido bonaerense de Moreno acompa\u00f1ando a su candidata en suelo bonaerense, Carolina P\u00edparo.<\/p>\n<p>El libertario fue el \u00fanico candidato que, hasta el momento, confirm\u00f3 su cierre de campa\u00f1a. Ser\u00e1 el 18 de octubre, en el <strong>estadio Movistar Arena.<\/strong><\/p>\n<p>Fuente: \u00c1MBITO<\/p>\n<p>Por: Graciela Herrera<\/p>\n<p>La entrada <a href=\"https:\/\/diariod3.com\/inicio\/recta-final-como-sigue-la-campana-despues-del-debate-presidencial\/\" rel=\"noreferrer noopener\" target=\"_blank\">Recta final: c\u00f3mo sigue la campa\u00f1a despu\u00e9s del debate presidencial<\/a> se public\u00f3 primero en <a href=\"https:\/\/diariod3.com\/inicio\" rel=\"noreferrer noopener\" target=\"_blank\">DIARIO D3 NOTICIAS<\/a>.<\/p>\n","protected":false},"excerpt":{"rendered":"<p>Superada la contienda discursiva entre los candidatos a presidente, se aceleran las actividades de campa\u00f1a en las fuerzas pol\u00edticas. El segundo debate entre los candidatos a presidente volvi\u00f3 a mostrar a los pol\u00edticos atados a su guion. Si bien mejoraron su performance, lo cierto es que una vez m\u00e1s no hubo un claro ganador y [&hellip;]<\/p>\n","protected":false},"author":2,"featured_media":6706,"comment_status":"","ping_status":"","sticky":false,"template":"","format":"standard","meta":{"footnotes":""},"categories":[12],"tags":[],"_links":{"self":[{"href":"https:\/\/maxradio923.com.ar\/index.php\/wp-json\/wp\/v2\/posts\/6705"}],"collection":[{"href":"https:\/\/maxradio923.com.ar\/index.php\/wp-json\/wp\/v2\/posts"}],"about":[{"href":"https:\/\/maxradio923.com.ar\/index.php\/wp-json\/wp\/v2\/types\/post"}],"author":[{"embeddable":true,"href":"https:\/\/maxradio923.com.ar\/index.php\/wp-json\/wp\/v2\/users\/2"}],"replies":[{"embeddable":true,"href":"https:\/\/maxradio923.com.ar\/index.php\/wp-json\/wp\/v2\/comments?post=6705"}],"version-history":[{"count":0,"href":"https:\/\/maxradio923.com.ar\/index.php\/wp-json\/wp\/v2\/posts\/6705\/revisions"}],"wp:featuredmedia":[{"embeddable":true,"href":"https:\/\/maxradio923.com.ar\/index.php\/wp-json\/wp\/v2\/media\/6706"}],"wp:attachment":[{"href":"https:\/\/maxradio923.com.ar\/index.php\/wp-json\/wp\/v2\/media?parent=6705"}],"wp:term":[{"taxonomy":"category","embeddable":true,"href":"https:\/\/maxradio923.com.ar\/index.php\/wp-json\/wp\/v2\/categories?post=6705"},{"taxonomy":"post_tag","embeddable":true,"href":"https:\/\/maxradio923.com.ar\/index.php\/wp-json\/wp\/v2\/tags?post=6705"}],"curies":[{"name":"wp","href":"https:\/\/api.w.org\/{rel}","templated":true}]}}