{"id":6703,"date":"2023-10-09T18:34:51","date_gmt":"2023-10-09T21:34:51","guid":{"rendered":"https:\/\/maxradio923.com\/index.php\/2023\/10\/09\/ataque-a-cristina-para-el-tribunal-de-juicio-capuchetti-debe-tramitar-el-exhorto-a-eeuu\/"},"modified":"2023-10-09T18:34:51","modified_gmt":"2023-10-09T21:34:51","slug":"ataque-a-cristina-para-el-tribunal-de-juicio-capuchetti-debe-tramitar-el-exhorto-a-eeuu","status":"publish","type":"post","link":"https:\/\/maxradio923.com.ar\/index.php\/2023\/10\/09\/ataque-a-cristina-para-el-tribunal-de-juicio-capuchetti-debe-tramitar-el-exhorto-a-eeuu\/","title":{"rendered":"Ataque a Cristina: para el tribunal de juicio, Capuchetti debe tramitar el exhorto a EEUU"},"content":{"rendered":"<p><img decoding=\"async\" src=\"https:\/\/diariod3.com\/inicio\/wp-content\/uploads\/2023\/10\/partida-atentado-cfk-finaljpg.jpg\"\/><\/p>\n<p>Seg\u00fan la resoluci\u00f3n, los jueces del Tribunal Oral Federal 6 sostuvieron que la medida \u00abfue ordenada inicialmente por el juzgado instructor cuando todav\u00eda la investigaci\u00f3n se encontraba a su cargo\u00bb.<\/p>\n<p>El Tribunal que prepara el juicio a los tres detenidos por el intento de asesinato de la vicepresidenta <strong>Cristina Fern\u00e1ndez de Kirchner<\/strong> reiter\u00f3 que el tr\u00e1mite de un exhorto enviado a Estados Unidos en busca de informaci\u00f3n sobre contenido de redes sociales vinculadas a los acusados debe seguir en el juzgado de la jueza <strong>Mar\u00eda Eugenia Capuchetti<\/strong>.<\/p>\n<p>Los jueces del Tribunal Oral Federal 6 (TOF 6)<strong> Sabrina Namer<\/strong>, <strong>Daniel Obligado<\/strong> e <strong>Ignacio Fornari<\/strong> sostuvieron que \u00abla medida probatoria consistente en requerir al Departamento de Justicia de EEUU informaci\u00f3n transaccional y de contenido de las cuentas de redes sociales vinculadas a los imputados en autos fue ordenada inicialmente por el juzgado instructor cuando todav\u00eda la investigaci\u00f3n se encontraba a su cargo\u00bb, seg\u00fan la resoluci\u00f3n.<\/p>\n<blockquote>\n<p>\u00abLa medida probatoria consistente en requerir al Departamento de Justicia de EEUU informaci\u00f3n transaccional y de contenido de las cuentas de redes sociales vinculadas a los imputados en autos fue ordenada inicialmente por el juzgado instructor cuando todav\u00eda la investigaci\u00f3n se encontraba a su cargo\u00bb<\/p>\n<\/blockquote>\n<p><strong>Los jueces respondieron as\u00ed a un planteo de la fiscal de juicio Gabriela Baig\u00fan<\/strong>, luego que en septiembre pasado se negaron a seguir con el tr\u00e1mite de ese exhorto, iniciado por Capuchetti cuando el caso no hab\u00eda sido enviado a\u00fan de manera parcial a juicio.<\/p>\n<p>El TOF 6 qued\u00f3 a cargo de juzgar a los detenidos por el intento de magnicidio contra Cristina Fern\u00e1ndez de Kirchner el 1 de septiembre del a\u00f1o pasado <strong>Fernando Sabag Montiel<\/strong>,<strong> Brenda Uliarte<\/strong> y <strong>Gabriel Carrizo<\/strong>.<\/p>\n<p>Los jueces evaluaron que \u00abno obstante tratarse de una medida probatoria de car\u00e1cter internacional inconclusa y con un plazo de vencimiento pr\u00f3ximo\u00bb, la jueza Capuchetti \u00abconsider\u00f3 completa la instrucci\u00f3n y elev\u00f3 a juicio la presente causa\u00bb.<\/p>\n<blockquote>\n<p>Los jueces evaluaron que \u00abno obstante tratarse de una medida probatoria de car\u00e1cter internacional inconclusa y con un plazo de vencimiento pr\u00f3ximo\u00bb, la jueza Capuchetti \u00abconsider\u00f3 completa la instrucci\u00f3n y elev\u00f3 a juicio la presente causa\u00bb<\/p>\n<\/blockquote>\n<p>Ante ello,<strong> la magistrada de instrucci\u00f3n sostiene que debe ser el Tribunal Oral el que culmine con esa prueba y responda un pedido<\/strong> de aclaratoria cursado desde Estados Unidos \u00aba pesar de que la etapa plenaria posee rasgos totalmente distintos a la instrucci\u00f3n, que el presente proceso todav\u00eda no se encuentra abierto a prueba\u00bb.<\/p>\n<p><strong>El Tribunal decidi\u00f3 \u00abno hacer lugar por improcedente\u00bb a un recurso de la fiscal\u00eda a la espera de una decisi\u00f3n sobre el tema de la C\u00e1mara Federal porte\u00f1a.<\/strong><\/p>\n<p>Los jueces del TOF 6 reiteraron as\u00ed que \u00ab<strong>no corresponde que este Tribunal Oral en lo Criminal Federal N\u00b0 6 responda o se expida respecto del pedido de aclaraciones o precisiones efectuado por el Departamento de Justicia de los Estados Unidos<\/strong>, por intermedio del Ministerio de Justicia y Derechos Humanos, en raz\u00f3n de tratarse de una prueba cuya producci\u00f3n qued\u00f3 pendiente en la etapa instructoria\u00bb.<\/p>\n<p>Ante ello \u00abdeber\u00e1 ser dicha judicatura quien \u00able haga saber a la autoridad extranjera si ha cesado su inter\u00e9s en aquella por haber clausurado y elevado a juicio la presente causa, o si contin\u00faa su utilidad en el marco de los testimonios extra\u00eddos\u00bb, concluy\u00f3 la resoluci\u00f3n.<\/p>\n<p>Fuente: T\u00c9LAM<br \/>\nPor: Graciela Herrera<\/p>\n<p>La entrada <a href=\"https:\/\/diariod3.com\/inicio\/ataque-a-cristina-para-el-tribunal-de-juicio-capuchetti-debe-tramitar-el-exhorto-a-eeuu\/\" rel=\"noreferrer noopener\" target=\"_blank\">Ataque a Cristina: para el tribunal de juicio, Capuchetti debe tramitar el exhorto a EEUU<\/a> se public\u00f3 primero en <a href=\"https:\/\/diariod3.com\/inicio\" rel=\"noreferrer noopener\" target=\"_blank\">DIARIO D3 NOTICIAS<\/a>.<\/p>\n","protected":false},"excerpt":{"rendered":"<p>Seg\u00fan la resoluci\u00f3n, los jueces del Tribunal Oral Federal 6 sostuvieron que la medida \u00abfue ordenada inicialmente por el juzgado instructor cuando todav\u00eda la investigaci\u00f3n se encontraba a su cargo\u00bb. El Tribunal que prepara el juicio a los tres detenidos por el intento de asesinato de la vicepresidenta Cristina Fern\u00e1ndez de Kirchner reiter\u00f3 que el [&hellip;]<\/p>\n","protected":false},"author":2,"featured_media":6704,"comment_status":"","ping_status":"","sticky":false,"template":"","format":"standard","meta":{"footnotes":""},"categories":[12],"tags":[],"_links":{"self":[{"href":"https:\/\/maxradio923.com.ar\/index.php\/wp-json\/wp\/v2\/posts\/6703"}],"collection":[{"href":"https:\/\/maxradio923.com.ar\/index.php\/wp-json\/wp\/v2\/posts"}],"about":[{"href":"https:\/\/maxradio923.com.ar\/index.php\/wp-json\/wp\/v2\/types\/post"}],"author":[{"embeddable":true,"href":"https:\/\/maxradio923.com.ar\/index.php\/wp-json\/wp\/v2\/users\/2"}],"replies":[{"embeddable":true,"href":"https:\/\/maxradio923.com.ar\/index.php\/wp-json\/wp\/v2\/comments?post=6703"}],"version-history":[{"count":0,"href":"https:\/\/maxradio923.com.ar\/index.php\/wp-json\/wp\/v2\/posts\/6703\/revisions"}],"wp:featuredmedia":[{"embeddable":true,"href":"https:\/\/maxradio923.com.ar\/index.php\/wp-json\/wp\/v2\/media\/6704"}],"wp:attachment":[{"href":"https:\/\/maxradio923.com.ar\/index.php\/wp-json\/wp\/v2\/media?parent=6703"}],"wp:term":[{"taxonomy":"category","embeddable":true,"href":"https:\/\/maxradio923.com.ar\/index.php\/wp-json\/wp\/v2\/categories?post=6703"},{"taxonomy":"post_tag","embeddable":true,"href":"https:\/\/maxradio923.com.ar\/index.php\/wp-json\/wp\/v2\/tags?post=6703"}],"curies":[{"name":"wp","href":"https:\/\/api.w.org\/{rel}","templated":true}]}}