{"id":6576,"date":"2023-10-08T21:54:01","date_gmt":"2023-10-09T00:54:01","guid":{"rendered":"https:\/\/maxradio923.com\/index.php\/2023\/10\/08\/el-oficialismo-avanza-sobre-los-miembros-de-la-corte-en-causas-por-mal-desempeno\/"},"modified":"2023-10-08T21:54:01","modified_gmt":"2023-10-09T00:54:01","slug":"el-oficialismo-avanza-sobre-los-miembros-de-la-corte-en-causas-por-mal-desempeno","status":"publish","type":"post","link":"https:\/\/maxradio923.com.ar\/index.php\/2023\/10\/08\/el-oficialismo-avanza-sobre-los-miembros-de-la-corte-en-causas-por-mal-desempeno\/","title":{"rendered":"El oficialismo avanza sobre los miembros de la Corte en causas por mal desempe\u00f1o"},"content":{"rendered":"<p><img decoding=\"async\" src=\"https:\/\/diariod3.com\/inicio\/wp-content\/uploads\/2023\/10\/651d43de41929_1200.jpg\"\/><\/p>\n<p>La presidenta de la comisi\u00f3n, Carolina Gaillard (Frente de Todos), convoc\u00f3 para el mi\u00e9rcoles 11 a las 15 a los diputados y diputadas que integran ese cuerpo parlamentario para poner a disposici\u00f3n de los legisladores un informe con las principales causales del juicio pol\u00edtico a los integrantes del m\u00e1ximo Tribunal de Justicia.<\/p>\n<p>POR SILVINA ANGIONO<\/p>\n<figure><img decoding=\"async\" src=\"https:\/\/www.telam.com.ar\/thumbs\/bluesteel\/advf\/imagenes\/2023\/10\/651d43de41929_1200.jpg\" alt=\"Si se aprueba el informe en comisin se dar traslado a los jueces Rosatti Rosenkrantz Maqueda y Lorenzetti para que hagan su descargo Foto Alfredo Luna Archivo\"\/><figcaption>Si se aprueba el informe en comisi\u00f3n, se dar\u00e1 traslado a los jueces Rosatti, Rosenkrantz, Maqueda y Lorenzetti para que hagan su descargo. (Foto: Alfredo Luna\/ Archivo)<\/figcaption><\/figure>\n<p>El oficialismo de la Comisi\u00f3n de Juicio Pol\u00edtico de la C\u00e1mara de Diputados expondr\u00e1 el mi\u00e9rcoles pr\u00f3ximo el informe con la formulaci\u00f3n de cargos <strong>contra los integrantes de la Corte Suprema<\/strong> por las causales de los fallos del 2\u00d71 en favor de represores, del Consejo de la Magistratura y de coparticipaci\u00f3n que benefici\u00f3 a la ciudad de Buenos Aires, tras considerar que la etapa de investigaci\u00f3n por mal desempe\u00f1o contra los magistrados ya est\u00e1 concluida.<\/p>\n<p>La presidenta de la comisi\u00f3n, <strong>Carolina Gaillard (Frente de Todos)<\/strong>, convoc\u00f3 para el mi\u00e9rcoles 11 a las 15 a los diputados y diputadas que integran ese cuerpo parlamentario para poner a disposici\u00f3n de los legisladores ese informe con las principales causales del juicio pol\u00edtico a los miembros de la Corte Suprema.<\/p>\n<p>Tras aprobar el informe en la comisi\u00f3n -donde el oficialismo tiene mayor\u00eda- se dar\u00e1 traslado a<strong> los jueces Horacio Rosatti, Carlos Rosenkrantz, Juan Carlos Maqueda y Ricardo Lorenzetti <\/strong>para que tengan la posibilidad de hacer su descargo si as\u00ed lo decidieran.<\/p>\n<p>La necesidad de avanzar en la elaboraci\u00f3n del informe fue planteada la semana pasada por el diputado Rodolfo Tailhade (FdT), tras lo cual el oficialismo lo puso a votaci\u00f3n en la \u00faltima reuni\u00f3n y el FdT impuso su mayor\u00eda para avanzar en la elaboraci\u00f3n de esos cargos por las causales que el cuerpo parlamentario investiga desde el pasado 26 de enero.<\/p>\n<p>En la oportunidad, Gaillard sostuvo que la intenci\u00f3n de la comisi\u00f3n es \u00abir concluyendo cada una de las investigaciones y si ya est\u00e1n todas las constancias probatorias darles la posibilidad a los jueces, seg\u00fan lo establece el art\u00edculo 13 del reglamento interno, de que puedan presentar el oportuno descargo\u00bb.<\/p>\n<p><strong>La propuesta de Tailhade fue planteada tras haber agotado la etapa sumarial de acumulaci\u00f3n de pruebas<\/strong> por los cuales se investiga el accionar de los integrantes de la Corte Suprema en los casos del fallo 2\u00d71 que benefici\u00f3 a un represor de la dictadura militar; el que orden\u00f3 restituir fondos de coparticipaci\u00f3n a la ciudad de Buenos Aires y el que volvi\u00f3 a reformar el Consejo de la Magistratura. Tambi\u00e9n est\u00e1 la acusaci\u00f3n por manejo supuestamente irregular de la Obra Social del Poder Judicial de la Naci\u00f3n.<\/p>\n<p>Sobre el tema de <strong>connivencia entre la CSJN con JXC que dirige el Gobierno de la Ciudad de Buenos Aires<\/strong>, el oficialismo dice que esa situaci\u00f3n se comprueba con los chats filtrados entre el Director General de la vocal\u00eda de Rosatti, Silvio Robles y el ex Ministro de Justicia y Seguridad Marcelo D\u2019Alessandro realizados el 9\/11\/ 2022 y el fallo que dictamina la medida cautelar a favor de la Ciudad del 21\/12\/2022.<\/p>\n<p>De esta manera, en la pr\u00f3xima reuni\u00f3n los diputados expondr\u00e1n los cargos contra los magistrados y se les correr\u00e1 traslado para que puedan hacer su descargo, aunque podr\u00edan no utilizar ese mecanismo. En el caso de Maqueda y la obra social de los judiciales, el ministro de la Corte, si bien hab\u00eda sido citado, no respondi\u00f3 ni hizo uso de la posibilidad de descargo.<\/p>\n<p>Otras de las cuestiones a resolverse es el pedido de juicio pol\u00edtico de la Corte presentado a\u00f1os atr\u00e1s por la Coalici\u00f3n C\u00edvica por la ex titular de la CC, <strong>Elisa Carri\u00f3, contra Ricardo Lorenzetti<\/strong> por abuso de poder, y a que el bloque pidi\u00f3 una pr\u00f3rroga de tiempo para ampliar las causales y la lista de testigos.<\/p>\n<p>De todos modos, Carri\u00f3 realiz\u00f3 distintas presentaciones de juicio pol\u00edtico contra Lorenzetti durante el \u00faltimo gobierno de Cristina Fern\u00e1ndez de Kirchner y tambi\u00e9n en la presidencia de Mauricio Macri; sin embargo, ninguna de esas iniciativas prosperaron en el Congreso.<\/p>\n<p>Hasta el momento y en las m\u00e1s de 23 reuniones que se desarrollaron, la Comisi\u00f3n analiz\u00f3 la mayor\u00eda de los expedientes sobre los pedidos de juicio pol\u00edtico contra la Corte, con lo cual quedar\u00eda en condiciones de pasar a <strong>la firma del dictamen de acusaci\u00f3n, que luego deber\u00e1 ser aprobado en el recinto con dos tercios de los presentes.<\/strong><\/p>\n<p>En la reuni\u00f3n de la semana pasada, el oficialismo busc\u00f3 probar que el juez Rosenkrantz cometi\u00f3 abuso de poder al no haberse excusado de intervenir en causas en las que estaban involucrados ex clientes de su estudio de abogados, antes de ser miembro del m\u00e1ximo tribunal.<\/p>\n<p>En ese sentido,<strong> se analiz\u00f3 su rol en 69 sentencias de ex clientes <\/strong>y se cuestion\u00f3 que el juez haya reclamado la regulaci\u00f3n de honorarios a la Corte, cuando ya integraba el m\u00e1ximo tribunal, por $18.000 millones en un juicio en el que represent\u00f3 a la provincia de Santa Fe, por un reclamo de coparticipaci\u00f3n contra el Estado nacional.<\/p>\n<p>Respecto al accionar de los magistrados en el Consejo de la Magistratura, los diputados consideran que \u00abse arrogaron, con arbitrariedad manifiesta, la administraci\u00f3n del Poder Judicial y la selecci\u00f3n y control disciplinario de jueces y juezas de instancias inferiores\u00bb, Seg\u00fan el informe, destacan \u00abla asunci\u00f3n de manera irregular de la Presidencia de la CSJN por parte de Rosatti\u00bb y<strong> la \u00abmanipulaci\u00f3n de la conformaci\u00f3n del Consejo de la Magistratura a trav\u00e9s de fallos y acordadas (<\/strong>Atribuci\u00f3n de facultades legislativas)\u00bb.<\/p>\n<p>Ahora, se deber\u00e1n poner a disposici\u00f3n de los integrantes de la comisi\u00f3n todas la causales por las que se acusa a los integrantes del m\u00e1ximo tribunal y ponerla a consideraci\u00f3n de sus pares para trasladarla a los magistrados, qui\u00e9nes podr\u00e1n hacer su descargo pertinente.<\/p>\n<p>El proceso de inici\u00f3 el 26 de enero pasado a partir de una decisi\u00f3n del oficialismo que luego se plasm\u00f3 puntualmente en un pedido impulsado por <strong>el propio presidente Alberto Fern\u00e1ndez junto a un grupo de funcionarios<\/strong>, gobernadores y legisladores del FDT, al considerar que existen \u00absobrados elementos como para avanzar\u00bb en ese proceso.<\/p>\n<p>Luego del encuentro que el jefe de Estado mantuvo con mandatarios provinciales en la Casa de Gobierno, donde firmaron la iniciativa, el gobernador de La Rioja, Ricardo Quintela, remarc\u00f3 que \u00abson escandalosos los chats entre (el estrecho colaborador de Rosatti) Silvio Robles y el ministro de Justicia y Seguridad porte\u00f1o, Marcelo D\u2019Alessandro\u00bb, quien luego pidi\u00f3 licencia.<\/p>\n<p>En el pedido de juicio pol\u00edtico, <strong>el Presidente y los gobernadores advirtieron sobre el riesgo de que haya un \u00abgobierno de los jueces\u00bb <\/strong>y acusaron a los integrantes de la Corte de \u00abinvadir arbitrariamente las esferas de las competencias exclusivas y excluyentes de los restantes poderes\u00bb del Estado, afectando \u00abseriamente la gobernabilidad y la estabilidad institucional\u00bb.<\/p>\n<p>Por todas estas causales, el oficialismo con la oposici\u00f3n en contra en cada una de las audiencias y los m\u00e1s de 50 testigos citados, avanza ahora en pulir la elaboraci\u00f3n de ese informe que los diputados podr\u00e1n analizar antes de emitir un documento definitivo, para ser puesto en consideraci\u00f3n en el recinto.<\/p>\n<p>La entrada <a href=\"https:\/\/diariod3.com\/inicio\/el-oficialismo-avanza-sobre-los-miembros-de-la-corte-en-causas-por-mal-desempeno\/\" rel=\"noreferrer noopener\" target=\"_blank\">El oficialismo avanza sobre los miembros de la Corte en causas por mal desempe\u00f1o<\/a> se public\u00f3 primero en <a href=\"https:\/\/diariod3.com\/inicio\" rel=\"noreferrer noopener\" target=\"_blank\">DIARIO D3 NOTICIAS<\/a>.<\/p>\n","protected":false},"excerpt":{"rendered":"<p>La presidenta de la comisi\u00f3n, Carolina Gaillard (Frente de Todos), convoc\u00f3 para el mi\u00e9rcoles 11 a las 15 a los diputados y diputadas que integran ese cuerpo parlamentario para poner a disposici\u00f3n de los legisladores un informe con las principales causales del juicio pol\u00edtico a los integrantes del m\u00e1ximo Tribunal de Justicia. POR SILVINA ANGIONO [&hellip;]<\/p>\n","protected":false},"author":2,"featured_media":6577,"comment_status":"","ping_status":"","sticky":false,"template":"","format":"standard","meta":{"footnotes":""},"categories":[12],"tags":[],"_links":{"self":[{"href":"https:\/\/maxradio923.com.ar\/index.php\/wp-json\/wp\/v2\/posts\/6576"}],"collection":[{"href":"https:\/\/maxradio923.com.ar\/index.php\/wp-json\/wp\/v2\/posts"}],"about":[{"href":"https:\/\/maxradio923.com.ar\/index.php\/wp-json\/wp\/v2\/types\/post"}],"author":[{"embeddable":true,"href":"https:\/\/maxradio923.com.ar\/index.php\/wp-json\/wp\/v2\/users\/2"}],"replies":[{"embeddable":true,"href":"https:\/\/maxradio923.com.ar\/index.php\/wp-json\/wp\/v2\/comments?post=6576"}],"version-history":[{"count":0,"href":"https:\/\/maxradio923.com.ar\/index.php\/wp-json\/wp\/v2\/posts\/6576\/revisions"}],"wp:featuredmedia":[{"embeddable":true,"href":"https:\/\/maxradio923.com.ar\/index.php\/wp-json\/wp\/v2\/media\/6577"}],"wp:attachment":[{"href":"https:\/\/maxradio923.com.ar\/index.php\/wp-json\/wp\/v2\/media?parent=6576"}],"wp:term":[{"taxonomy":"category","embeddable":true,"href":"https:\/\/maxradio923.com.ar\/index.php\/wp-json\/wp\/v2\/categories?post=6576"},{"taxonomy":"post_tag","embeddable":true,"href":"https:\/\/maxradio923.com.ar\/index.php\/wp-json\/wp\/v2\/tags?post=6576"}],"curies":[{"name":"wp","href":"https:\/\/api.w.org\/{rel}","templated":true}]}}