{"id":65554,"date":"2025-12-20T18:03:02","date_gmt":"2025-12-20T21:03:02","guid":{"rendered":"https:\/\/maxradio923.com.ar\/index.php\/2025\/12\/20\/otro-mensaje-de-maximo-kirchner-a-la-interna-del-pj-bonaerense-mas-que-administrar-berretines-me-gusta-construir-politicamente\/"},"modified":"2025-12-20T18:03:02","modified_gmt":"2025-12-20T21:03:02","slug":"otro-mensaje-de-maximo-kirchner-a-la-interna-del-pj-bonaerense-mas-que-administrar-berretines-me-gusta-construir-politicamente","status":"publish","type":"post","link":"https:\/\/maxradio923.com.ar\/index.php\/2025\/12\/20\/otro-mensaje-de-maximo-kirchner-a-la-interna-del-pj-bonaerense-mas-que-administrar-berretines-me-gusta-construir-politicamente\/","title":{"rendered":"Otro mensaje de M\u00e1ximo Kirchner a la interna del PJ bonaerense: \u201cM\u00e1s que administrar berretines, me gusta construir pol\u00edticamente\u201d"},"content":{"rendered":"<p><\/p>\n<h2 class=\"article-subheadline text_align_left\">Tras dejar la conducci\u00f3n del partido, el diputado defendi\u00f3 su gesti\u00f3n al frente de esa fuerza y dej\u00f3 varias frases en clave pol\u00edtica. <\/h2>\n<p><\/p>\n<p class=\"paragraph\">En su despedida como presidente del <b>Partido Justicialista bonaerense<\/b>, <b>M\u00e1ximo Kirchner<\/b> volvi\u00f3 a enviar mensajes directos a la dirigencia y militancia peronista, en medio de la fuerte interna que mantiene con el sector que lidera el gobernador Axel Kicillof.<\/p>\n<p><\/p>\n<p class=\"paragraph\">\u201cCreo que lo que vendr\u00e1 para el peronismo bonaerense es una etapa de debate y discusi\u00f3n, porque m\u00e1s que tratarse de la cuesti\u00f3n nominal de qui\u00e9n est\u00e1 ah\u00ed o qui\u00e9n no est\u00e1, si hay cuestiones de las que yo estoy contento, es de no haber arrastrado al peronismo bonaerense como presidente a votar un acuerdo con el <b>Fondo Monetario Internacional<\/b> que impacta en toda la provincia de Buenos Aires, en todos los sectores y fundamentalmente tambi\u00e9n en el conurbano\u201d, sostuvo.<\/p>\n<p><\/p>\n<p class=\"paragraph\">Durante la entrevista, que se dio este viernes luego de la cumbre partidaria realizada en el partido de Malvinas Argentinas, el dirigente enfatiz\u00f3 la necesidad de que el <b>peronismo bonaerense<\/b> represente los intereses de la naci\u00f3n y de los trabajadores. \u201cCuando uno asume un lugar o est\u00e1 en un lugar y esa responsabilidad se la confieren compa\u00f1eros y compa\u00f1eras, porque finalmente nadie puede solo. Vieron que hay gente que cree mucho en la autosuficiencia y yo creo m\u00e1s en la cuesti\u00f3n de saber que cuando uno cree en lo colectivo, precisamente tiene que ver en complementarnos. Nadie sabe de todo\u201d, afirm\u00f3 Kirchner, destacando la importancia de la experiencia compartida y la colaboraci\u00f3n.<\/p>\n<p><\/p>\n<p class=\"paragraph\">En su balance de gesti\u00f3n, Kirchner reconoci\u00f3 que los a\u00f1os 2022 y 2023 resultaron satisfactorios, aunque admiti\u00f3 que en 2024 surgieron dificultades y tensiones internas. \u201cDespu\u00e9s ya en el 24 empezaron los dimes, diretes, las idas y las vueltas. Nos trabamos un poco, lamentablemente. Uno hubiera querido hacer otro tipo de gesti\u00f3n al frente, pero tambi\u00e9n sab\u00eda que pod\u00eda generar rispideces. O hay gente que piensa que cuando uno hace algo, lo hacen en contra de, nunca en funci\u00f3n de entender que suma, que construye\u201d, relat\u00f3.<\/p>\n<p><\/p>\n<p class=\"paragraph\">El dirigente tambi\u00e9n diferenci\u00f3 entre los liderazgos pol\u00edticos y los meramente electorales, en lo que pareci\u00f3 otra frase con referencia a la interna del partido. \u201cPasa que cada vez hay m\u00e1s dirigentes electorales y cada vez hay menos dirigentes pol\u00edticos. Incluso, en ese crecimiento de la dirigencia electoral, tambi\u00e9n hay un decrecimiento de aquellos que son m\u00e1s abocados a temas m\u00e1s t\u00e9cnicos y espec\u00edficos de la gesti\u00f3n. Entonces, el electoralismo est\u00e1 yendo por sobre la gesti\u00f3n y la pol\u00edtica\u201d, se\u00f1al\u00f3. <\/p>\n<p><\/p>\n<p class=\"paragraph\">En relaci\u00f3n al acuerdo con el <b>Fondo Monetario Internacional<\/b> (<b>FMI<\/b>), Kirchner reivindic\u00f3 su decisi\u00f3n de no comprometer al <b>PJ bonaerense<\/b> en la aprobaci\u00f3n del entendimiento. \u201cNo haber arrastrado al peronismo bonaerense como presidente a votar un acuerdo con el Fondo Monetario&#8230; que impacta en toda la provincia de Buenos Aires, en todos los sectores y fundamentalmente tambi\u00e9n en el conurbano\u201d, reiter\u00f3. Adem\u00e1s, advirti\u00f3 sobre los efectos negativos del endeudamiento y del comercio digital no regulado en la industria y el comercio local: \u201cLa Argentina pierde entre noventa o cien millones de d\u00f3lares mensuales, que argentinos y argentinas compran cosas afuera sin intermediaci\u00f3n. No solo da\u00f1a a la industria local, sino tambi\u00e9n da\u00f1a a los que tienen comercios en la avenida Mitre, en <b>Quilmes<\/b> o donde sea, el comercio no vende tampoco\u201d.<\/p>\n","protected":false},"excerpt":{"rendered":"<p>Tras dejar la conducci\u00f3n del partido, el diputado defendi\u00f3 su gesti\u00f3n al frente de esa fuerza y dej\u00f3 varias frases en clave pol\u00edtica. En su despedida como presidente del Partido Justicialista bonaerense, M\u00e1ximo Kirchner volvi\u00f3 a enviar mensajes directos a la dirigencia y militancia peronista, en medio de la fuerte interna que mantiene con el [&hellip;]<\/p>\n","protected":false},"author":2,"featured_media":65555,"comment_status":"","ping_status":"","sticky":false,"template":"","format":"standard","meta":{"footnotes":""},"categories":[12],"tags":[],"_links":{"self":[{"href":"https:\/\/maxradio923.com.ar\/index.php\/wp-json\/wp\/v2\/posts\/65554"}],"collection":[{"href":"https:\/\/maxradio923.com.ar\/index.php\/wp-json\/wp\/v2\/posts"}],"about":[{"href":"https:\/\/maxradio923.com.ar\/index.php\/wp-json\/wp\/v2\/types\/post"}],"author":[{"embeddable":true,"href":"https:\/\/maxradio923.com.ar\/index.php\/wp-json\/wp\/v2\/users\/2"}],"replies":[{"embeddable":true,"href":"https:\/\/maxradio923.com.ar\/index.php\/wp-json\/wp\/v2\/comments?post=65554"}],"version-history":[{"count":0,"href":"https:\/\/maxradio923.com.ar\/index.php\/wp-json\/wp\/v2\/posts\/65554\/revisions"}],"wp:featuredmedia":[{"embeddable":true,"href":"https:\/\/maxradio923.com.ar\/index.php\/wp-json\/wp\/v2\/media\/65555"}],"wp:attachment":[{"href":"https:\/\/maxradio923.com.ar\/index.php\/wp-json\/wp\/v2\/media?parent=65554"}],"wp:term":[{"taxonomy":"category","embeddable":true,"href":"https:\/\/maxradio923.com.ar\/index.php\/wp-json\/wp\/v2\/categories?post=65554"},{"taxonomy":"post_tag","embeddable":true,"href":"https:\/\/maxradio923.com.ar\/index.php\/wp-json\/wp\/v2\/tags?post=65554"}],"curies":[{"name":"wp","href":"https:\/\/api.w.org\/{rel}","templated":true}]}}