{"id":65552,"date":"2025-12-20T17:47:02","date_gmt":"2025-12-20T20:47:02","guid":{"rendered":"https:\/\/maxradio923.com.ar\/index.php\/2025\/12\/20\/las-9-recetas-mas-emblematicas-de-los-mercados-navidenos-del-mundo\/"},"modified":"2025-12-20T17:47:02","modified_gmt":"2025-12-20T20:47:02","slug":"las-9-recetas-mas-emblematicas-de-los-mercados-navidenos-del-mundo","status":"publish","type":"post","link":"https:\/\/maxradio923.com.ar\/index.php\/2025\/12\/20\/las-9-recetas-mas-emblematicas-de-los-mercados-navidenos-del-mundo\/","title":{"rendered":"Las 9 recetas m\u00e1s emblem\u00e1ticas de los mercados navide\u00f1os del mundo"},"content":{"rendered":"<p><\/p>\n<h2 class=\"article-subheadline text_align_left\">Una gu\u00eda publicada por Taste Atlas destac\u00f3 las especialidades dulces y saladas de Alemania, Austria, Croacia y otros pa\u00edses. Una invitaci\u00f3n a recrear la tradici\u00f3n desde la cocina  <\/h2>\n<p><\/p>\n<p class=\"paragraph\">La <b>temporada navide\u00f1a<\/b> convierte las plazas del mundo en escenarios festivos donde los <b>mercados navide\u00f1os<\/b> despliegan una oferta gastron\u00f3mica que atrae tanto a locales como a visitantes. Entre luces, m\u00fasica y aromas caracter\u00edsticos, estos mercados se han consolidado como un s\u00edmbolo de la cultura festiva. <\/p>\n<p><\/p>\n<p class=\"paragraph\">Las <b>N\u00fcrnberger Lebkuchen<\/b> son emblem\u00e1ticas de la ciudad de N\u00faremberg y destacan entre los cl\u00e1sicos dulces de los mercados navide\u00f1os alemanes. Se trata de<b> galletas de jengibre <\/b>enriquecidas con una generosa cantidad de frutos secos y especias arom\u00e1ticas. La denominaci\u00f3n \u201cN\u00fcrnberger\u201d est\u00e1 protegida: solo los productos elaborados dentro de los l\u00edmites de N\u00faremberg pueden llevar este nombre; fuera de la ciudad, simplemente se llaman<b> \u201clebkuchen\u201d. <\/b><\/p>\n<p><\/p>\n<p class=\"paragraph\">Estas galletas, reconocidas por sus intensos aromas a canela, clavo y nuez moscada, forman parte esencial de la tradici\u00f3n navide\u00f1a de la regi\u00f3n.<\/p>\n<p><\/p>\n<p class=\"paragraph\"><b>Ingredientes:<\/b><\/p>\n<p><\/p>\n<p class=\"paragraph\"><b>Paso a paso:<\/b><\/p>\n<p><\/p>\n<p class=\"paragraph\">El <b>germkn\u00f6del <\/b>es un gran <b>dumpling de masa fermentada al vapor<\/b>, con un relleno de <b>mermelada de ciruela<\/b>, conocido como \u201cpowidl\u201d. En los mercados navide\u00f1os austr\u00edacos, es com\u00fan encontrarlo servido de dos formas: la variante tradicional, que se ba\u00f1a con mantequilla derretida y se espolvorea con semillas de amapola molidas y az\u00facar glass, y la versi\u00f3n moderna, acompa\u00f1ada de salsa de vainilla. <\/p>\n","protected":false},"excerpt":{"rendered":"<p>Una gu\u00eda publicada por Taste Atlas destac\u00f3 las especialidades dulces y saladas de Alemania, Austria, Croacia y otros pa\u00edses. Una invitaci\u00f3n a recrear la tradici\u00f3n desde la cocina La temporada navide\u00f1a convierte las plazas del mundo en escenarios festivos donde los mercados navide\u00f1os despliegan una oferta gastron\u00f3mica que atrae tanto a locales como a visitantes. [&hellip;]<\/p>\n","protected":false},"author":2,"featured_media":65553,"comment_status":"","ping_status":"","sticky":false,"template":"","format":"standard","meta":{"footnotes":""},"categories":[12],"tags":[],"_links":{"self":[{"href":"https:\/\/maxradio923.com.ar\/index.php\/wp-json\/wp\/v2\/posts\/65552"}],"collection":[{"href":"https:\/\/maxradio923.com.ar\/index.php\/wp-json\/wp\/v2\/posts"}],"about":[{"href":"https:\/\/maxradio923.com.ar\/index.php\/wp-json\/wp\/v2\/types\/post"}],"author":[{"embeddable":true,"href":"https:\/\/maxradio923.com.ar\/index.php\/wp-json\/wp\/v2\/users\/2"}],"replies":[{"embeddable":true,"href":"https:\/\/maxradio923.com.ar\/index.php\/wp-json\/wp\/v2\/comments?post=65552"}],"version-history":[{"count":0,"href":"https:\/\/maxradio923.com.ar\/index.php\/wp-json\/wp\/v2\/posts\/65552\/revisions"}],"wp:featuredmedia":[{"embeddable":true,"href":"https:\/\/maxradio923.com.ar\/index.php\/wp-json\/wp\/v2\/media\/65553"}],"wp:attachment":[{"href":"https:\/\/maxradio923.com.ar\/index.php\/wp-json\/wp\/v2\/media?parent=65552"}],"wp:term":[{"taxonomy":"category","embeddable":true,"href":"https:\/\/maxradio923.com.ar\/index.php\/wp-json\/wp\/v2\/categories?post=65552"},{"taxonomy":"post_tag","embeddable":true,"href":"https:\/\/maxradio923.com.ar\/index.php\/wp-json\/wp\/v2\/tags?post=65552"}],"curies":[{"name":"wp","href":"https:\/\/api.w.org\/{rel}","templated":true}]}}