{"id":65550,"date":"2025-12-20T17:31:02","date_gmt":"2025-12-20T20:31:02","guid":{"rendered":"https:\/\/maxradio923.com.ar\/index.php\/2025\/12\/20\/tragedia-en-una-carcel-de-cordoba-una-presa-murio-y-otra-esta-grave-tras-una-pelea-que-provoco-un-incendio-en-el-penal\/"},"modified":"2025-12-20T17:31:02","modified_gmt":"2025-12-20T20:31:02","slug":"tragedia-en-una-carcel-de-cordoba-una-presa-murio-y-otra-esta-grave-tras-una-pelea-que-provoco-un-incendio-en-el-penal","status":"publish","type":"post","link":"https:\/\/maxradio923.com.ar\/index.php\/2025\/12\/20\/tragedia-en-una-carcel-de-cordoba-una-presa-murio-y-otra-esta-grave-tras-una-pelea-que-provoco-un-incendio-en-el-penal\/","title":{"rendered":"Tragedia en una c\u00e1rcel de C\u00f3rdoba: una presa muri\u00f3 y otra est\u00e1 grave tras una pelea que provoc\u00f3 un incendio en el penal"},"content":{"rendered":"<p><\/p>\n<h2 class=\"article-subheadline text_align_left\">Sucedi\u00f3 en la madrugada del s\u00e1bado. El episodio se suma a una serie de hechos violentos y esc\u00e1ndalos recientes en la instituci\u00f3n<\/h2>\n<p><\/p>\n<p class=\"paragraph\">Una nueva tragedia sacudi\u00f3 al <b>penal de mujeres de Bouwer<\/b>, en la provincia de<b> C\u00f3rdoba, <\/b>donde una presa muri\u00f3 y otra permanece hospitalizada en <b>estado grave <\/b>tras una pelea que deriv\u00f3 en un incendio dentro del establecimiento. <\/p>\n<p><\/p>\n<p class=\"paragraph\">Como resultado, <b>la interna P.G.A. falleci\u00f3<\/b> y <b>R.M.F. fue trasladada a un hospital externo<\/b> en estado delicado, seg\u00fan consign\u00f3 <i>La Voz del Interior<\/i>. <\/p>\n<p><\/p>\n<p class=\"paragraph\">Las autoridades penitenciarias consignaron que se entreg\u00f3 el procedimiento de rigor a la Fiscal\u00eda correspondiente, aportando todos los elementos probatorios vinculados al caso. Adem\u00e1s, el incidente se remiti\u00f3 al Organismo de Control Disciplinario de las Fuerzas de Seguridad P\u00fablica y Ciudadana de la Provincia de C\u00f3rdoba, seg\u00fan inform\u00f3 el Servicio Penitenciario de C\u00f3rdoba.<\/p>\n<p><\/p>\n<p class=\"paragraph\">Este episodio se produce en un contexto de reiterados hechos de violencia en el penal de Bouwer. Apenas dos semanas antes, <b>ocho guardiac\u00e1rceles<\/b> de ese centro fueron suspendidas y detenidas por orden judicial, luego de que se conociera que el 23 de noviembre hab\u00edan <b>golpeado a una interna con identidad sexual trans<\/b>. La denuncia fue realizada por una detenida que ingres\u00f3 como persona de sexo femenino, pero que posteriormente comenz\u00f3 a autopercibirse hombre. <\/p>\n<p><\/p>\n<p class=\"paragraph\">El ataque, perpetrado por personal del Servicio Penitenciario de C\u00f3rdoba, qued\u00f3 registrado en las c\u00e1maras de seguridad del pabell\u00f3n, aunque la v\u00edctima a\u00fan permanec\u00eda en el sector femenino al momento de la agresi\u00f3n. <\/p>\n<p><\/p>\n<p class=\"paragraph\">El grupo fue acusado por los delitos de <b>violencia institucional<\/b> y <b>abuso de autoridad<\/b>. Las <b>imputaciones<\/b> actuales, presentadas en el marco de una <b>investigaci\u00f3n judicial<\/b> que a\u00fan contin\u00faa abierta, podr\u00edan agravarse si se logra comprobar que hubo una actuaci\u00f3n colectiva en la agresi\u00f3n, seg\u00fan las fuentes judiciales consultadas.<\/p>\n","protected":false},"excerpt":{"rendered":"<p>Sucedi\u00f3 en la madrugada del s\u00e1bado. El episodio se suma a una serie de hechos violentos y esc\u00e1ndalos recientes en la instituci\u00f3n Una nueva tragedia sacudi\u00f3 al penal de mujeres de Bouwer, en la provincia de C\u00f3rdoba, donde una presa muri\u00f3 y otra permanece hospitalizada en estado grave tras una pelea que deriv\u00f3 en un [&hellip;]<\/p>\n","protected":false},"author":2,"featured_media":65551,"comment_status":"","ping_status":"","sticky":false,"template":"","format":"standard","meta":{"footnotes":""},"categories":[12],"tags":[],"_links":{"self":[{"href":"https:\/\/maxradio923.com.ar\/index.php\/wp-json\/wp\/v2\/posts\/65550"}],"collection":[{"href":"https:\/\/maxradio923.com.ar\/index.php\/wp-json\/wp\/v2\/posts"}],"about":[{"href":"https:\/\/maxradio923.com.ar\/index.php\/wp-json\/wp\/v2\/types\/post"}],"author":[{"embeddable":true,"href":"https:\/\/maxradio923.com.ar\/index.php\/wp-json\/wp\/v2\/users\/2"}],"replies":[{"embeddable":true,"href":"https:\/\/maxradio923.com.ar\/index.php\/wp-json\/wp\/v2\/comments?post=65550"}],"version-history":[{"count":0,"href":"https:\/\/maxradio923.com.ar\/index.php\/wp-json\/wp\/v2\/posts\/65550\/revisions"}],"wp:featuredmedia":[{"embeddable":true,"href":"https:\/\/maxradio923.com.ar\/index.php\/wp-json\/wp\/v2\/media\/65551"}],"wp:attachment":[{"href":"https:\/\/maxradio923.com.ar\/index.php\/wp-json\/wp\/v2\/media?parent=65550"}],"wp:term":[{"taxonomy":"category","embeddable":true,"href":"https:\/\/maxradio923.com.ar\/index.php\/wp-json\/wp\/v2\/categories?post=65550"},{"taxonomy":"post_tag","embeddable":true,"href":"https:\/\/maxradio923.com.ar\/index.php\/wp-json\/wp\/v2\/tags?post=65550"}],"curies":[{"name":"wp","href":"https:\/\/api.w.org\/{rel}","templated":true}]}}