{"id":65536,"date":"2025-12-20T16:17:03","date_gmt":"2025-12-20T19:17:03","guid":{"rendered":"https:\/\/maxradio923.com.ar\/index.php\/2025\/12\/20\/los-nueve-elencos-estables-de-la-nacion-despidieron-el-ano-en-el-palacio-libertad\/"},"modified":"2025-12-20T16:17:03","modified_gmt":"2025-12-20T19:17:03","slug":"los-nueve-elencos-estables-de-la-nacion-despidieron-el-ano-en-el-palacio-libertad","status":"publish","type":"post","link":"https:\/\/maxradio923.com.ar\/index.php\/2025\/12\/20\/los-nueve-elencos-estables-de-la-nacion-despidieron-el-ano-en-el-palacio-libertad\/","title":{"rendered":"Los nueve elencos estables de La Naci\u00f3n despidieron el a\u00f1o en el Palacio Libertad"},"content":{"rendered":"<p><\/p>\n<div>\n<p class=\"com-paragraph  --capital --s\">Reunidos por el t\u00edtulo <strong>Argentina en escena: un homenaje a la libertad y al talento<\/strong>, se reunieron el \u00faltimo viernes, en la Explanada del Palacio Libertad, casi 600 artistas que integran los elencos estables pertenecientes a la Secretar\u00eda de Cultura de La Naci\u00f3n.<\/p>\n<p class=\"com-paragraph   --s\">El Ballet Folkl\u00f3rico Nacional, la Compa\u00f1\u00eda Nacional de Danza Contempor\u00e1nea, la Orquesta Sinf\u00f3nica Nacional, el Coro Polif\u00f3nico Nacional, la Orquesta Nacional de M\u00fasica Argentina Juan de Dios Filiberto, el Coro Nacional de Ni\u00f1os, el Coro Nacional de M\u00fasica Argentina, la Banda Sinf\u00f3nica Nacional de Ciegos Pascual Grisol\u00eda y el Coro Polif\u00f3nico Nacional de Ciegos Carlos Roberto Larrimbe fueron los organismos participantes en <strong>la gala que se realiz\u00f3 a cielo abierto<\/strong>, con entrada libre y gratuita.<\/p>\n<div class=\"content-media\">\n<section role=\"button\" class=\"mod-media   \">\n<figure role=\"button\" class=\"mod-figure \"><figcaption class=\"mod-figcaption\"><span class=\"com-text --caption --twoxs\"> Argentina en escena: Un homenaje a la libertad y al talento<\/span><span class=\"com-text --credit --twoxs\">Luna Chapur &#8211; Cultura de la Naci\u00f3n<\/span><\/figcaption><\/figure>\n<\/section>\n<\/div>\n<p class=\"com-paragraph   --s\">El acto fue una iniciativa de la Direcci\u00f3n Nacional de Elencos Estables, a cargo de Mariela Bolatti, \u00e1rea dependiente de la Subsecretar\u00eda de Promoci\u00f3n Cultural, que dirige Luis Blanco en el marco de las pol\u00edticas culturales impulsadas por la Secretar\u00eda de Cultura de la Naci\u00f3n.<\/p>\n<p class=\"com-paragraph   --s\">\u201cEsta noche disfrutamos de un evento verdaderamente hist\u00f3rico porque por primera vez los Elencos Estables de la Secretar\u00eda de Cultura de la Naci\u00f3n se presentaron juntos compartiendo un mismo escenario. M\u00e1s de 600 artistas, entre cantantes, m\u00fasicos y bailarines, llenaron de magia la Explanada del Palacio Libertad\u201d, explic\u00f3 el secretario de Cultura <strong>Leonardo Cifelli.<\/strong> \u201cNos llen\u00f3 el coraz\u00f3n escuchar los aplausos y ovaciones del p\u00fablico en esta celebraci\u00f3n de la libertad y el talento con la que cerramos este a\u00f1o ofreciendo la excelencia de nuestros cuerpos art\u00edsticos en un espect\u00e1culo para toda la familia\u201d, agreg\u00f3.<\/p>\n<p class=\"com-paragraph   --s\">Con la conducci\u00f3n de Nora Briozzo, el espect\u00e1culo tambi\u00e9n sum\u00f3 a la Escuela de Canto Coral y la Escuela de Formaci\u00f3n Nacional en Danzas, con la participaci\u00f3n de j\u00f3venes int\u00e9rpretes en formaci\u00f3n.<\/p>\n<div class=\"content-media\">\n<section role=\"button\" class=\"mod-media   \">\n<figure role=\"button\" class=\"mod-figure \"><figcaption class=\"mod-figcaption\"><span class=\"com-text --caption --twoxs\">Organismos estables de Cultura de la Naci\u00f3n<\/span><span class=\"com-text --credit --twoxs\">Luna Chapur &#8211; Cultura de la Naci\u00f3n<\/span><\/figcaption><\/figure>\n<\/section>\n<\/div>\n<p class=\"com-paragraph   --s\">El programa musical y coreogr\u00e1fico propuso un recorrido amplio y diverso, que integr\u00f3 obras del repertorio cl\u00e1sico universal con piezas emblem\u00e1ticas de la m\u00fasica argentina. La apertura incluy\u00f3 la <em>Marcha triunfal<\/em> y fragmentos de <em><strong>Aida<\/strong><\/em><strong> y <\/strong><em><strong>Nabucco<\/strong><\/em><strong> de Giuseppe Verdi<\/strong>, seguidos por composiciones de Claude Debussy y piezas corales de <strong>Ariel Ram\u00edrez, <\/strong>como el <em>Kirie<\/em> y el <em>Gloria<\/em> de la <em>Misa criolla<\/em>.<\/p>\n<p class=\"com-paragraph   --s\">Adem\u00e1s, durante el espect\u00e1culo, se realiz\u00f3 la entrega de reconocimientos institucionales. En ese contexto, la Secretar\u00eda de Cultura destac\u00f3 el car\u00e1cter \u00fanico de \u201cArgentina en escena\u201d como un encuentro de orquestas, coros, ballets y compa\u00f1\u00edas nacionales que se re\u00fanen para ofrecer una experiencia irrepetible, recorrer distintas tradiciones musicales y coreogr\u00e1ficas y poner en valor el talento federal que representa al pa\u00eds dentro y fuera de sus fronteras.<\/p>\n<section class=\"container-center-100 mb-40 border border-bottom border-thin border-neutral-light-700\">\n<hr\/>\n<\/section>\n<\/div>\n","protected":false},"excerpt":{"rendered":"<p>Reunidos por el t\u00edtulo Argentina en escena: un homenaje a la libertad y al talento, se reunieron el \u00faltimo viernes, en la Explanada del Palacio Libertad, casi 600 artistas que integran los elencos estables pertenecientes a la Secretar\u00eda de Cultura de La Naci\u00f3n. El Ballet Folkl\u00f3rico Nacional, la Compa\u00f1\u00eda Nacional de Danza Contempor\u00e1nea, la Orquesta [&hellip;]<\/p>\n","protected":false},"author":2,"featured_media":65537,"comment_status":"","ping_status":"","sticky":false,"template":"","format":"standard","meta":{"footnotes":""},"categories":[14],"tags":[],"_links":{"self":[{"href":"https:\/\/maxradio923.com.ar\/index.php\/wp-json\/wp\/v2\/posts\/65536"}],"collection":[{"href":"https:\/\/maxradio923.com.ar\/index.php\/wp-json\/wp\/v2\/posts"}],"about":[{"href":"https:\/\/maxradio923.com.ar\/index.php\/wp-json\/wp\/v2\/types\/post"}],"author":[{"embeddable":true,"href":"https:\/\/maxradio923.com.ar\/index.php\/wp-json\/wp\/v2\/users\/2"}],"replies":[{"embeddable":true,"href":"https:\/\/maxradio923.com.ar\/index.php\/wp-json\/wp\/v2\/comments?post=65536"}],"version-history":[{"count":0,"href":"https:\/\/maxradio923.com.ar\/index.php\/wp-json\/wp\/v2\/posts\/65536\/revisions"}],"wp:featuredmedia":[{"embeddable":true,"href":"https:\/\/maxradio923.com.ar\/index.php\/wp-json\/wp\/v2\/media\/65537"}],"wp:attachment":[{"href":"https:\/\/maxradio923.com.ar\/index.php\/wp-json\/wp\/v2\/media?parent=65536"}],"wp:term":[{"taxonomy":"category","embeddable":true,"href":"https:\/\/maxradio923.com.ar\/index.php\/wp-json\/wp\/v2\/categories?post=65536"},{"taxonomy":"post_tag","embeddable":true,"href":"https:\/\/maxradio923.com.ar\/index.php\/wp-json\/wp\/v2\/tags?post=65536"}],"curies":[{"name":"wp","href":"https:\/\/api.w.org\/{rel}","templated":true}]}}