{"id":65534,"date":"2025-12-20T16:11:02","date_gmt":"2025-12-20T19:11:02","guid":{"rendered":"https:\/\/maxradio923.com.ar\/index.php\/2025\/12\/20\/con-fotos-ineditas-malena-alterio-recordo-a-su-padre-hector-a-una-semana-de-su-muerte-se-fue-de-la-mejor-manera\/"},"modified":"2025-12-20T16:11:02","modified_gmt":"2025-12-20T19:11:02","slug":"con-fotos-ineditas-malena-alterio-recordo-a-su-padre-hector-a-una-semana-de-su-muerte-se-fue-de-la-mejor-manera","status":"publish","type":"post","link":"https:\/\/maxradio923.com.ar\/index.php\/2025\/12\/20\/con-fotos-ineditas-malena-alterio-recordo-a-su-padre-hector-a-una-semana-de-su-muerte-se-fue-de-la-mejor-manera\/","title":{"rendered":"Con fotos in\u00e9ditas, Malena Alterio record\u00f3 a su padre H\u00e9ctor a una semana de su muerte: \u201cSe fue de la mejor manera\u201d"},"content":{"rendered":"<p><\/p>\n<h2 class=\"article-subheadline text_align_left\">La actriz agradeci\u00f3 el afecto y el respeto del p\u00fablico y lo hizo part\u00edcipe de sus palabras de despedida. El video de la \u00faltima actuaci\u00f3n y un legado que se agiganta cada d\u00eda<\/h2>\n<p><\/p>\n<p class=\"paragraph\">A una semana de la muerte de <b>H\u00e9ctor Alterio<\/b>, su leyenda se agiganta a cada minuto en el recuerdo y en su legado. En este sentido, y retomando de a poco su ritmo cotidiano post duelo, su hija <b>Malena<\/b> comparti\u00f3 un mensaje p\u00fablico que se transform\u00f3 en un homenaje \u00edntimo y agradecido. La actriz transmiti\u00f3 la huella profunda que deja su padre, tanto en la familia como en el mundo del arte, y el modo en que el cari\u00f1o colectivo ha acompa\u00f1ado el duelo. <b>\u201cImposible abarcar el inmenso amor que nos mand\u00e1is. GRACIAS por vuestras palabras, vuestro aliento y vuestro cari\u00f1o<\/b>\u201d, expres\u00f3 <b>Malena<\/b>, abriendo as\u00ed un testimonio cargado de emoci\u00f3n y gratitud.<\/p>\n<p><\/p>\n<p class=\"paragraph\">El legado de <b>H\u00e9ctor Alterio<\/b> trasciende la memoria personal y se inscribe en la historia del cine y el teatro. Su carrera, marcada por el exilio, el reconocimiento internacional y una vigencia art\u00edstica que se mantuvo hasta sus \u00faltimos d\u00edas, dej\u00f3 una huella indeleble en la cultura hispanoamericana. Con roles en t\u00edtulos claves como <i>La tregua, La Patagonia rebelde, La historia oficial y Caballos salvajes<\/i>, construy\u00f3 una carrera que combin\u00f3 prestigio y popularidad y le vali\u00f3 reconocimientos colectivos como el Oscar a la pel\u00edcula de Luis Puenzo e individuales, como el <b>Goya de honor<\/b> y el <b>C\u00f3ndor de Plata<\/b>. <\/p>\n<p><\/p>\n<p class=\"paragraph\">Su influencia se extendi\u00f3 a varias generaciones de int\u00e9rpretes, y su familia, con <b>Malena<\/b> y <b>Ernesto<\/b> siguiendo sus pasos, continu\u00f3 su v\u00ednculo con la actuaci\u00f3n. El \u00faltimo adi\u00f3s en <b>Madrid<\/b> reuni\u00f3 a figuras del mundo art\u00edstico y cultural, reflejando el respeto y la admiraci\u00f3n que despert\u00f3 su figura.<\/p>\n<p><\/p>\n<p class=\"paragraph\">El v\u00ednculo familiar, sin embargo, ocup\u00f3 un lugar central en el homenaje de <b>Malena, quien durante la semana particip\u00f3 de la despedida formal a su padre en Madrid<\/b>. \u201cEra mi pap\u00e1, pero s\u00e9 que hay muchos que lo sintieron como tal. As\u00ed que tambi\u00e9n va mi p\u00e9same para vosotros\u201d, reconoci\u00f3, abriendo su dolor y su consuelo a quienes, desde la distancia, tambi\u00e9n sintieron la p\u00e9rdida. La dimensi\u00f3n p\u00fablica del actor de carrera se entrelaz\u00f3 as\u00ed con la intimidad del padre de familia, en un gesto de empat\u00eda y comunidad.<\/p>\n<p><\/p>\n<p class=\"paragraph\">La sabidur\u00eda y el ejemplo de Alterio, seg\u00fan su hija, se manifestaron a trav\u00e9s de las peque\u00f1as muestras. \u201c\u00c9l era maestro y sabio sin pretenderlo, solo hab\u00eda que observar, escuchar su silencio\u201d, comparti\u00f3 Malena, resaltando la ense\u00f1anza que dej\u00f3 su padre m\u00e1s all\u00e1 de las palabras y los escenarios. A modo de despedida, eligi\u00f3 una cita de Le\u00f3n Felipe que su padre recitaba a menudo: <b>\u201c\u2018Solo el virtuoso puede ver un d\u00eda la cara de Dios\u2019&#8230; y yo s\u00e9 que \u00e9l se la vio\u201d.<\/b> <\/p>\n<p><\/p>\n<p class=\"paragraph\">Con estas palabras, la actriz dej\u00f3 entrever la certeza de que su padre alcanz\u00f3 una plenitud espiritual y art\u00edstica que trasciende la despedida. Y como regalo a sus seguidores, entendidos como familiares, seg\u00fan sus palabras, <b>dej\u00f3 algunas postales de la \u00faltima actuaci\u00f3n en vivo de H\u00e9ctor Alterio, en un teatro de Oviedo un mes antes de su muerte<\/b>. Y all\u00ed se ve a un hombre feliz. Abrazando a su hija, disfrutando de una cerveza y viendo c\u00f3mo se baja el tel\u00f3n por \u00faltima vez, acaso sin saberlo. Pero sintiendo que la vida hab\u00eda valido la pena. <\/p>\n","protected":false},"excerpt":{"rendered":"<p>La actriz agradeci\u00f3 el afecto y el respeto del p\u00fablico y lo hizo part\u00edcipe de sus palabras de despedida. El video de la \u00faltima actuaci\u00f3n y un legado que se agiganta cada d\u00eda A una semana de la muerte de H\u00e9ctor Alterio, su leyenda se agiganta a cada minuto en el recuerdo y en su [&hellip;]<\/p>\n","protected":false},"author":2,"featured_media":65535,"comment_status":"","ping_status":"","sticky":false,"template":"","format":"standard","meta":{"footnotes":""},"categories":[12],"tags":[],"_links":{"self":[{"href":"https:\/\/maxradio923.com.ar\/index.php\/wp-json\/wp\/v2\/posts\/65534"}],"collection":[{"href":"https:\/\/maxradio923.com.ar\/index.php\/wp-json\/wp\/v2\/posts"}],"about":[{"href":"https:\/\/maxradio923.com.ar\/index.php\/wp-json\/wp\/v2\/types\/post"}],"author":[{"embeddable":true,"href":"https:\/\/maxradio923.com.ar\/index.php\/wp-json\/wp\/v2\/users\/2"}],"replies":[{"embeddable":true,"href":"https:\/\/maxradio923.com.ar\/index.php\/wp-json\/wp\/v2\/comments?post=65534"}],"version-history":[{"count":0,"href":"https:\/\/maxradio923.com.ar\/index.php\/wp-json\/wp\/v2\/posts\/65534\/revisions"}],"wp:featuredmedia":[{"embeddable":true,"href":"https:\/\/maxradio923.com.ar\/index.php\/wp-json\/wp\/v2\/media\/65535"}],"wp:attachment":[{"href":"https:\/\/maxradio923.com.ar\/index.php\/wp-json\/wp\/v2\/media?parent=65534"}],"wp:term":[{"taxonomy":"category","embeddable":true,"href":"https:\/\/maxradio923.com.ar\/index.php\/wp-json\/wp\/v2\/categories?post=65534"},{"taxonomy":"post_tag","embeddable":true,"href":"https:\/\/maxradio923.com.ar\/index.php\/wp-json\/wp\/v2\/tags?post=65534"}],"curies":[{"name":"wp","href":"https:\/\/api.w.org\/{rel}","templated":true}]}}