{"id":65532,"date":"2025-12-20T15:55:02","date_gmt":"2025-12-20T18:55:02","guid":{"rendered":"https:\/\/maxradio923.com.ar\/index.php\/2025\/12\/20\/el-comunicado-del-colegio-palermo-chico-sobre-el-caso-del-empresario-acusado-de-abusar-a-los-companeros-de-su-hijo\/"},"modified":"2025-12-20T15:55:02","modified_gmt":"2025-12-20T18:55:02","slug":"el-comunicado-del-colegio-palermo-chico-sobre-el-caso-del-empresario-acusado-de-abusar-a-los-companeros-de-su-hijo","status":"publish","type":"post","link":"https:\/\/maxradio923.com.ar\/index.php\/2025\/12\/20\/el-comunicado-del-colegio-palermo-chico-sobre-el-caso-del-empresario-acusado-de-abusar-a-los-companeros-de-su-hijo\/","title":{"rendered":"El comunicado del colegio Palermo Chico sobre el caso del empresario acusado de abusar a los compa\u00f1eros de su hijo"},"content":{"rendered":"<p><\/p>\n<h2 class=\"article-subheadline text_align_left\">En el escrito al que accedi\u00f3 Infobae, las autoridades informaron que su familia fue desvinculada de la instituci\u00f3n. El denunciado es Marcelo Porcel, que ya no pod\u00eda acercarse al establecimiento por una medida cautelar para proteger a las v\u00edctimas<\/h2>\n<p><\/p>\n<p class=\"paragraph\">La Direcci\u00f3n General del emblem\u00e1tico<b> <\/b>colegio Palermo Chico <b>desvincul\u00f3 de la instituci\u00f3n <\/b>a la familia del empresario <b>Marcelo Porcel<\/b>, acusado de abusar a los compa\u00f1eros de clase de su hijo entre 2022 y 2024. La decisi\u00f3n fue notificada en las \u00faltimas horas a los miembros de su comunidad educativa, quienes recibieron un escrito luego de que el caso tuviera repercusi\u00f3n p\u00fablica.<\/p>\n<p><\/p>\n<p class=\"paragraph\">En este contexto, detallaron: \u201cTan pronto fue informado, el Colegio actu\u00f3 de manera inmediata, <b>activando los protocolos vigentes,<\/b> dando intervenci\u00f3n al Consejo de Derechos de Ni\u00f1as, Ni\u00f1os y Adolescentes, y poniendo los hechos en conocimiento de las autoridades educativas jurisdiccionales\u201d. <\/p>\n<p><\/p>\n<p class=\"paragraph\">Finalmente, concluyeron con la novedad: \u201cQueremos, asimismo, informar que la familia involucrada<b> ya no forma parte de nuestra comunidad educativa<\/b>. Desde nuestro Colegio, reafirmamos que el cuidado integral de nuestros alumnos constituye una prioridad institucional y agradecemos a las familias la confianza permanente depositada en la instituci\u00f3n. Los saludamos cordialmente. Direcci\u00f3n General Colegio Palermo Chico\u201d.<\/p>\n<p><\/p>\n<p class=\"paragraph\">La causa contra Marcelo Porcel tiene al menos <b>10 denuncias <\/b>de compa\u00f1eros del <b>Colegio Palermo Chico <\/b>de su hijo. Los relatos de los denunciantes, que se sumaron progresivamente desde mediados de 2024, detallan un patr\u00f3n de conductas que se habr\u00edan repetido durante los \u00faltimos dos o tres a\u00f1os, en distintos escenarios: el domicilio familiar del acusado en Palermo, un departamento vac\u00edo de su madre en la Torre Le Parc de Puerto Madero y oficinas de su propiedad.<\/p>\n<p><\/p>\n<p class=\"paragraph\">Seg\u00fan los testimonios, las reuniones <b>eran organizadas por el empresario y ten\u00edan caracter\u00edsticas particulares<\/b>. Los adolescentes eran invitados a pasar la noche y se les ped\u00eda absoluta discreci\u00f3n, comunic\u00e1ndose principalmente a trav\u00e9s de mensajes de WhatsApp. En estos encuentros, el acusado,<b> apodado \u201cel capit\u00e1n\u201d, propon\u00eda desaf\u00edos y actividades <\/b>que inclu\u00edan el consumo de alcohol y la realizaci\u00f3n de apuestas en l\u00ednea. <\/p>\n<p><\/p>\n<p class=\"paragraph\">Para incentivar la participaci\u00f3n, ofrec\u00eda premios como figuritas del Mundial Qatar 2022, transferencias de dinero y, en algunos casos, sumas en efectivo para que los chicos apostaran en plataformas digitales, incluso cuando uno de los menores ya presentaba problemas de ludopat\u00eda.<\/p>\n","protected":false},"excerpt":{"rendered":"<p>En el escrito al que accedi\u00f3 Infobae, las autoridades informaron que su familia fue desvinculada de la instituci\u00f3n. El denunciado es Marcelo Porcel, que ya no pod\u00eda acercarse al establecimiento por una medida cautelar para proteger a las v\u00edctimas La Direcci\u00f3n General del emblem\u00e1tico colegio Palermo Chico desvincul\u00f3 de la instituci\u00f3n a la familia del [&hellip;]<\/p>\n","protected":false},"author":2,"featured_media":65533,"comment_status":"","ping_status":"","sticky":false,"template":"","format":"standard","meta":{"footnotes":""},"categories":[12],"tags":[],"_links":{"self":[{"href":"https:\/\/maxradio923.com.ar\/index.php\/wp-json\/wp\/v2\/posts\/65532"}],"collection":[{"href":"https:\/\/maxradio923.com.ar\/index.php\/wp-json\/wp\/v2\/posts"}],"about":[{"href":"https:\/\/maxradio923.com.ar\/index.php\/wp-json\/wp\/v2\/types\/post"}],"author":[{"embeddable":true,"href":"https:\/\/maxradio923.com.ar\/index.php\/wp-json\/wp\/v2\/users\/2"}],"replies":[{"embeddable":true,"href":"https:\/\/maxradio923.com.ar\/index.php\/wp-json\/wp\/v2\/comments?post=65532"}],"version-history":[{"count":0,"href":"https:\/\/maxradio923.com.ar\/index.php\/wp-json\/wp\/v2\/posts\/65532\/revisions"}],"wp:featuredmedia":[{"embeddable":true,"href":"https:\/\/maxradio923.com.ar\/index.php\/wp-json\/wp\/v2\/media\/65533"}],"wp:attachment":[{"href":"https:\/\/maxradio923.com.ar\/index.php\/wp-json\/wp\/v2\/media?parent=65532"}],"wp:term":[{"taxonomy":"category","embeddable":true,"href":"https:\/\/maxradio923.com.ar\/index.php\/wp-json\/wp\/v2\/categories?post=65532"},{"taxonomy":"post_tag","embeddable":true,"href":"https:\/\/maxradio923.com.ar\/index.php\/wp-json\/wp\/v2\/tags?post=65532"}],"curies":[{"name":"wp","href":"https:\/\/api.w.org\/{rel}","templated":true}]}}