{"id":65530,"date":"2025-12-20T15:39:02","date_gmt":"2025-12-20T18:39:02","guid":{"rendered":"https:\/\/maxradio923.com.ar\/index.php\/2025\/12\/20\/el-saludo-de-navidad-para-la-argentina-de-juan-jose-campanella-y-mariska-hargitay-la-actriz-de-la-ley-y-el-orden\/"},"modified":"2025-12-20T15:39:02","modified_gmt":"2025-12-20T18:39:02","slug":"el-saludo-de-navidad-para-la-argentina-de-juan-jose-campanella-y-mariska-hargitay-la-actriz-de-la-ley-y-el-orden","status":"publish","type":"post","link":"https:\/\/maxradio923.com.ar\/index.php\/2025\/12\/20\/el-saludo-de-navidad-para-la-argentina-de-juan-jose-campanella-y-mariska-hargitay-la-actriz-de-la-ley-y-el-orden\/","title":{"rendered":"El saludo de Navidad para la Argentina de Juan Jos\u00e9 Campanella y Mariska Hargitay, la actriz de La Ley y el Orden"},"content":{"rendered":"<p><\/p>\n<h2 class=\"article-subheadline text_align_left\">El director argentino termin\u00f3 de filmar un nuevo cap\u00edtulo de la serie La Ley y el Orden en Nueva York y celebr\u00f3 el ambiente positivo de la serie estadounidense junto a su protagonista<\/h2>\n<p><\/p>\n<p class=\"paragraph\">El saludo navide\u00f1o de <b>Juan Jos\u00e9 Campanella<\/b> y <b>Mariska Hargitay<\/b>, grabado en el set de <b>La Ley y el Orden: Unidad de V\u00edctimas Especiales<\/b> en <b>Nueva York<\/b>, ofreci\u00f3 un momento de cercan\u00eda y orgullo para la audiencia argentina. En medio de la filmaci\u00f3n de un nuevo episodio de la hist\u00f3rica serie, el director argentino y la protagonista compartieron un mensaje festivo que reflej\u00f3 tanto el v\u00ednculo emocional con su pa\u00eds como el reconocimiento internacional de su trabajo.<\/p>\n<p><\/p>\n<p class=\"paragraph\">En medio de la vor\u00e1gine laboral y tras sufrir un esguince de tobillo, <b>Campanella<\/b> no ocult\u00f3 su deseo de regresar a la <b>Argentina<\/b>. \u201cHola, \u00bfqu\u00e9 tal? Soy Juan Campanella. Estoy aqu\u00ed en el fr\u00edo de Nueva York filmando otro cap\u00edtulo de \u2018La ley y el orden\u2019. Estuvimos ensayando a full para mantenernos frescos para ustedes. Lamentablemente, me tuve que esguinzar el tobillo porque&#8230; No, no me tuve que esguinzar el tobillo,<b> me esguinc\u00e9 el tobillo. <\/b>Lamentablemente, no estoy en el calorcito de Buenos Aires, pero pronto voy a estar con ustedes en enero, porque en enero reponemos \u2018Empieza con De siete letras\u2019 en el Politeama. La obra que fue entre las cinco m\u00e1s vistas del 2025, ganadora del Mart\u00edn Fierro a la mejor dramaturgia, con unas actuaciones espectaculares de <b>Eduardo Blanco<\/b>, <b>Victoria Almeida<\/b>, <b>Gast\u00f3n Kochar\u00e1lez<\/b>. Los esperamos ah\u00ed desde el 9 de enero en el Politeama. Se van a re\u00edr, se van a emocionar y van a ver una buena historia de amor y que nos va a mostrar que las segundas oportunidades siempre fueron buenas.\u201d<\/p>\n<p><\/p>\n<p class=\"paragraph\">El director tambi\u00e9n destac\u00f3 el impacto global de la serie y su experiencia personal dentro del equipo, en el que se involucr\u00f3 desde el a\u00f1o 2000 hasta hoy. \u201cLa verdad me siento un privilegiado de ser parte del equipo chico de la serie. Twitteo algo, cualquier cosa de la Ley y el Orden y la reacci\u00f3n es inmediata. Tiene fan\u00e1ticos en todo el mundo. Es una serie hist\u00f3rica. Es un \u00edcono, porque es la serie de m\u00e1s duraci\u00f3n de la historia de la televisi\u00f3n.\u201d<\/p>\n<p><\/p>\n<p class=\"paragraph\"><b>La Ley y el Orden: UVE<\/b> contin\u00faa su recorrido como la serie dram\u00e1tica m\u00e1s longeva de la televisi\u00f3n, con veintis\u00e9is temporadas y una proyecci\u00f3n internacional que la ha convertido en un fen\u00f3meno cultural. <b>Campanella<\/b>, ganador del \u00d3scar, ha dirigido m\u00e1s de quince episodios, incluido el n\u00famero quinientos y cap\u00edtulos de alto impacto tem\u00e1tico, consolidando su presencia en una producci\u00f3n que desaf\u00eda las convenciones del g\u00e9nero policial y mantiene su relevancia a trav\u00e9s de historias que conmueven a la audiencia global.<\/p>\n<p><\/p>\n<p class=\"paragraph\">Mientras la ciudad de <b>Nueva York<\/b> enfrenta el rigor del invierno, <b>Campanella<\/b> invit\u00f3 a los argentinos a valorar el clima c\u00e1lido y a esperar su regreso, con la promesa de reencontrarse pronto en los escenarios porte\u00f1os.<\/p>\n","protected":false},"excerpt":{"rendered":"<p>El director argentino termin\u00f3 de filmar un nuevo cap\u00edtulo de la serie La Ley y el Orden en Nueva York y celebr\u00f3 el ambiente positivo de la serie estadounidense junto a su protagonista El saludo navide\u00f1o de Juan Jos\u00e9 Campanella y Mariska Hargitay, grabado en el set de La Ley y el Orden: Unidad de [&hellip;]<\/p>\n","protected":false},"author":2,"featured_media":65531,"comment_status":"","ping_status":"","sticky":false,"template":"","format":"standard","meta":{"footnotes":""},"categories":[12],"tags":[],"_links":{"self":[{"href":"https:\/\/maxradio923.com.ar\/index.php\/wp-json\/wp\/v2\/posts\/65530"}],"collection":[{"href":"https:\/\/maxradio923.com.ar\/index.php\/wp-json\/wp\/v2\/posts"}],"about":[{"href":"https:\/\/maxradio923.com.ar\/index.php\/wp-json\/wp\/v2\/types\/post"}],"author":[{"embeddable":true,"href":"https:\/\/maxradio923.com.ar\/index.php\/wp-json\/wp\/v2\/users\/2"}],"replies":[{"embeddable":true,"href":"https:\/\/maxradio923.com.ar\/index.php\/wp-json\/wp\/v2\/comments?post=65530"}],"version-history":[{"count":0,"href":"https:\/\/maxradio923.com.ar\/index.php\/wp-json\/wp\/v2\/posts\/65530\/revisions"}],"wp:featuredmedia":[{"embeddable":true,"href":"https:\/\/maxradio923.com.ar\/index.php\/wp-json\/wp\/v2\/media\/65531"}],"wp:attachment":[{"href":"https:\/\/maxradio923.com.ar\/index.php\/wp-json\/wp\/v2\/media?parent=65530"}],"wp:term":[{"taxonomy":"category","embeddable":true,"href":"https:\/\/maxradio923.com.ar\/index.php\/wp-json\/wp\/v2\/categories?post=65530"},{"taxonomy":"post_tag","embeddable":true,"href":"https:\/\/maxradio923.com.ar\/index.php\/wp-json\/wp\/v2\/tags?post=65530"}],"curies":[{"name":"wp","href":"https:\/\/api.w.org\/{rel}","templated":true}]}}