{"id":65524,"date":"2025-12-20T15:13:03","date_gmt":"2025-12-20T18:13:03","guid":{"rendered":"https:\/\/maxradio923.com.ar\/index.php\/2025\/12\/20\/como-se-prepara-pity-alvarez-para-volver-este-fin-de-semana-a-los-escenarios\/"},"modified":"2025-12-20T15:13:03","modified_gmt":"2025-12-20T18:13:03","slug":"como-se-prepara-pity-alvarez-para-volver-este-fin-de-semana-a-los-escenarios","status":"publish","type":"post","link":"https:\/\/maxradio923.com.ar\/index.php\/2025\/12\/20\/como-se-prepara-pity-alvarez-para-volver-este-fin-de-semana-a-los-escenarios\/","title":{"rendered":"C\u00f3mo se prepara Pity \u00c1lvarez para volver este fin de semana a los escenarios"},"content":{"rendered":"<p><\/p>\n<div>\n<p class=\"com-paragraph  --capital --s\">Tras el fallido anuncio de un regreso triunfal a un estadio porte\u00f1o, <strong>Pity \u00c1lvarez<\/strong> se prepara para volver a los escenarios<strong> este s\u00e1bado 20 de diciembre, en el Kempes de C\u00f3rdoba.<\/strong> Las puertas del predio se abrir\u00e1n a las 18. La presentaci\u00f3n de la banda de apertura, <em>Los Mentidores, <\/em>est\u00e1 pautada para las<em> <\/em>19:30 y el show de El Pity est\u00e1 previsto para comenzar a las 21.<\/p>\n<p class=\"com-paragraph   --s\">Como aperitivo, la productora del recital comparti\u00f3 videos del m\u00fasico probando sonido y recorriendo las instalaciones del predio junto a su equipo durante la tarde del jueves.<\/p>\n<div class=\"content-media cursor-pointer container-center-100\">\n<section class=\"media-container relative ratio-16-9 mod-media pb-32\">\n<figure class=\"mod-video\">\n<div class=\"video-player bg-black ratio-16-9\" data-has-jwplayer=\"true\" data-video-id-jw=\"7KejiAbU\" data-config=\"{&quot;title&quot;:&quot;El Pity en C\u00f3rdoba &quot;,&quot;mediaId&quot;:&quot;7KejiAbU&quot;,&quot;playerId&quot;:&quot;ih0086X3&quot;,&quot;playlist&quot;:[{&quot;mediaid&quot;:&quot;7KejiAbU&quot;,&quot;sources&quot;:[{&quot;file&quot;:&quot;https:\/\/cdn.jwplayer.com\/manifests\/7KejiAbU.m3u8&quot;,&quot;type&quot;:&quot;application\/vnd.apple.mpegurl&quot;},{&quot;bitrate&quot;:486712,&quot;file&quot;:&quot;https:\/\/cdn.jwplayer.com\/videos\/7KejiAbU-kTExGaWf.mp4&quot;,&quot;filesize&quot;:4076221,&quot;framerate&quot;:32,&quot;height&quot;:320,&quot;label&quot;:&quot;180p&quot;,&quot;type&quot;:&quot;video\/mp4&quot;,&quot;width&quot;:180},{&quot;bitrate&quot;:693584,&quot;file&quot;:&quot;https:\/\/cdn.jwplayer.com\/videos\/7KejiAbU-K8B0kybS.mp4&quot;,&quot;filesize&quot;:5808767,&quot;framerate&quot;:32,&quot;height&quot;:480,&quot;label&quot;:&quot;270p&quot;,&quot;type&quot;:&quot;video\/mp4&quot;,&quot;width&quot;:270},{&quot;bitrate&quot;:2275174,&quot;file&quot;:&quot;https:\/\/cdn.jwplayer.com\/videos\/7KejiAbU-46NIuRKO.mp4&quot;,&quot;filesize&quot;:19054588,&quot;framerate&quot;:32,&quot;height&quot;:1280,&quot;label&quot;:&quot;720p&quot;,&quot;type&quot;:&quot;video\/mp4&quot;,&quot;width&quot;:720},{&quot;bitrate&quot;:114586,&quot;file&quot;:&quot;https:\/\/cdn.jwplayer.com\/videos\/7KejiAbU-hz5z2Tv4.m4a&quot;,&quot;filesize&quot;:959666,&quot;label&quot;:&quot;AAC Audio&quot;,&quot;type&quot;:&quot;audio\/mp4&quot;},{&quot;bitrate&quot;:810075,&quot;file&quot;:&quot;https:\/\/cdn.jwplayer.com\/videos\/7KejiAbU-FnZGUVnC.mp4&quot;,&quot;filesize&quot;:6784383,&quot;framerate&quot;:32,&quot;height&quot;:640,&quot;label&quot;:&quot;360p&quot;,&quot;type&quot;:&quot;video\/mp4&quot;,&quot;width&quot;:360},{&quot;bitrate&quot;:1406461,&quot;file&quot;:&quot;https:\/\/cdn.jwplayer.com\/videos\/7KejiAbU-0G6Pwvlw.mp4&quot;,&quot;filesize&quot;:11779114,&quot;framerate&quot;:32,&quot;height&quot;:960,&quot;label&quot;:&quot;540p&quot;,&quot;type&quot;:&quot;video\/mp4&quot;,&quot;width&quot;:540}]}],&quot;hasAutoplay&quot;:false,&quot;autostart&quot;:true,&quot;tagsUrl&quot;:&quot;https:\/\/pubads.g.doubleclick.net\/gampad\/ads?slotname=\/133919216\/la_nacion_video\/nota\/preroll&amp;sz=640x480|400x300&amp;ciu_szs=300x250&amp;unviewed_position_start=1&amp;output=vast&amp;impl=s&amp;env=vp&amp;gdfp_req=1&amp;ad_rule=0&amp;vad_type=linear&amp;vpos=preroll&amp;cust_params=tags_nuevos%3Dte_pity_alvarez%2Cte_musica_en_vivo%2Cte_musica%2Cte_rock%2Cte_salud_mental%2Cca_musica%2Cca_espectaculos%2C%2C32JT4RGEYRCRBOFQHJVLGVOHJA&amp;pod=3&amp;ppos=1&amp;lip=true&amp;min_ad_duration=0&amp;max_ad_duration=30000&amp;vrid=6256&amp;url=https%3A%2F%2Fwww.lanacion.com.ar%2Fespectaculos%2Fmusica%2Fcomo-se-prepara-pity-alvarez-para-volver-a-los-escenarios-nid20122025%2F%3Fvariant%3DA&amp;description_url=https%3A%2F%2Fwww.lanacion.com.ar%2Fespectaculos%2Fmusica%2Fcomo-se-prepara-pity-alvarez-para-volver-a-los-escenarios-nid20122025%2F%3Fvariant%3DA&amp;video_doc_id=short_onecue&amp;cmsid=496&amp;kfa=0&amp;tfcd=0&amp;correlator=1766253890282&quot;,&quot;arcSite&quot;:&quot;la-nacion-ar&quot;}\">\n<div id=\"facade-7KejiAbU\" class=\"content-facade-jw relative bg-black ratio-16-9\"><picture><source media=\"(max-width: 767px)\" srcset=\"https:\/\/resizer.glanacion.com\/resizer\/v2\/https%3A%2F%2Fcdn.jwplayer.com%2Fv2%2Fmedia%2F7KejiAbU%2Fposter.jpg%3Fwidth%3D720?auth=cf9ba61d9754db761c89edcd2c53bc4d6a8c725f2778b388bd0600074f1b1796&amp;width=480&amp;quality=70&amp;smart=false\"\/><img class=\"image flex com-image --cover\" decoding=\"async\" fetchpriority=\"low\" loading=\"lazy\" src=\"https:\/\/resizer.glanacion.com\/resizer\/v2\/https%3A%2F%2Fcdn.jwplayer.com%2Fv2%2Fmedia%2F7KejiAbU%2Fposter.jpg%3Fwidth%3D720?auth=cf9ba61d9754db761c89edcd2c53bc4d6a8c725f2778b388bd0600074f1b1796&amp;width=720&amp;quality=70&amp;smart=false\" alt=\"El Pity en C\u00f3rdoba \"\/><\/picture><\/div>\n<\/div><figcaption class=\"border border-1 border-bottom border-light-300 relative px-16 py-8 min-h-36 w-100_md px-0_l mb-8 bg-white\"><span class=\"text ln-text text-16 block\">El Pity en C\u00f3rdoba <\/span><\/figcaption><\/figure>\n<\/section>\n<\/div>\n<p class=\"com-paragraph   --s\">M\u00e1s all\u00e1 de algunas apariciones informales, su vida sobre los escenarios qued\u00f3 interrumpida hace casi siete a\u00f1os y medio, cuando le dispar\u00f3 a su vecino <strong>Cristian D\u00edaz<\/strong>, en el barrio porte\u00f1o Cardenal Samor\u00e9. La de C\u00f3rdoba ser\u00e1 la primera ficha importante que se juega, tras a\u00f1os de mantener un perfil bajo. <\/p>\n<p class=\"com-paragraph   --s\">\u201c\u00c9l est\u00e1 b\u00e1rbaro, con muchas pilas, ensayando mucho y sin dejar nada librado al azar. Es muy profesional y se encarga personalmente de todo\u201d, cont\u00f3 en una entrevista con <strong>LA NACION<\/strong><strong> <\/strong>el pianista y tecladista <strong>Mat\u00edas Mango<\/strong>, quien particip\u00f3 en el regreso de Viejas Locas y hoy <strong>integra la nueva banda de Pity<\/strong> junto a Gabriel Prajsnar en bajo, Juan Colonna en bater\u00eda, Hern\u00e1n Salas en guitarra y B\u00e1rbara Corval\u00e1n en coros. <\/p>\n<div class=\"content-media cursor-pointer container-center-100\">\n<section class=\"media-container relative ratio-16-9 mod-media pb-32\">\n<figure class=\"mod-video\">\n<div class=\"video-player bg-black ratio-16-9\" data-has-jwplayer=\"true\" data-video-id-jw=\"zEM0Me6Y\" data-config=\"{&quot;title&quot;:&quot;El Pity en C\u00f3rdoba &quot;,&quot;mediaId&quot;:&quot;zEM0Me6Y&quot;,&quot;playerId&quot;:&quot;ih0086X3&quot;,&quot;playlist&quot;:[{&quot;mediaid&quot;:&quot;zEM0Me6Y&quot;,&quot;sources&quot;:[{&quot;file&quot;:&quot;https:\/\/cdn.jwplayer.com\/manifests\/zEM0Me6Y.m3u8&quot;,&quot;type&quot;:&quot;application\/vnd.apple.mpegurl&quot;},{&quot;bitrate&quot;:530653,&quot;file&quot;:&quot;https:\/\/cdn.jwplayer.com\/videos\/zEM0Me6Y-kTExGaWf.mp4&quot;,&quot;filesize&quot;:2454271,&quot;framerate&quot;:32,&quot;height&quot;:320,&quot;label&quot;:&quot;180p&quot;,&quot;type&quot;:&quot;video\/mp4&quot;,&quot;width&quot;:182},{&quot;bitrate&quot;:730354,&quot;file&quot;:&quot;https:\/\/cdn.jwplayer.com\/videos\/zEM0Me6Y-K8B0kybS.mp4&quot;,&quot;filesize&quot;:3377890,&quot;framerate&quot;:32,&quot;height&quot;:480,&quot;label&quot;:&quot;270p&quot;,&quot;type&quot;:&quot;video\/mp4&quot;,&quot;width&quot;:272},{&quot;bitrate&quot;:114623,&quot;file&quot;:&quot;https:\/\/cdn.jwplayer.com\/videos\/zEM0Me6Y-hz5z2Tv4.m4a&quot;,&quot;filesize&quot;:530133,&quot;label&quot;:&quot;AAC Audio&quot;,&quot;type&quot;:&quot;audio\/mp4&quot;},{&quot;bitrate&quot;:879872,&quot;file&quot;:&quot;https:\/\/cdn.jwplayer.com\/videos\/zEM0Me6Y-FnZGUVnC.mp4&quot;,&quot;filesize&quot;:4069409,&quot;framerate&quot;:32,&quot;height&quot;:640,&quot;label&quot;:&quot;360p&quot;,&quot;type&quot;:&quot;video\/mp4&quot;,&quot;width&quot;:362}]}],&quot;hasAutoplay&quot;:false,&quot;autostart&quot;:true,&quot;tagsUrl&quot;:&quot;https:\/\/pubads.g.doubleclick.net\/gampad\/ads?slotname=\/133919216\/la_nacion_video\/nota\/preroll&amp;sz=640x480|400x300&amp;ciu_szs=300x250&amp;unviewed_position_start=1&amp;output=vast&amp;impl=s&amp;env=vp&amp;gdfp_req=1&amp;ad_rule=0&amp;vad_type=linear&amp;vpos=preroll&amp;cust_params=tags_nuevos%3Dte_pity_alvarez%2Cte_musica_en_vivo%2Cte_musica%2Cte_rock%2Cte_salud_mental%2Cca_musica%2Cca_espectaculos%2C%2C32JT4RGEYRCRBOFQHJVLGVOHJA&amp;pod=3&amp;ppos=1&amp;lip=true&amp;min_ad_duration=0&amp;max_ad_duration=30000&amp;vrid=6256&amp;url=https%3A%2F%2Fwww.lanacion.com.ar%2Fespectaculos%2Fmusica%2Fcomo-se-prepara-pity-alvarez-para-volver-a-los-escenarios-nid20122025%2F%3Fvariant%3DA&amp;description_url=https%3A%2F%2Fwww.lanacion.com.ar%2Fespectaculos%2Fmusica%2Fcomo-se-prepara-pity-alvarez-para-volver-a-los-escenarios-nid20122025%2F%3Fvariant%3DA&amp;video_doc_id=short_onecue&amp;cmsid=496&amp;kfa=0&amp;tfcd=0&amp;correlator=1766253890283&quot;,&quot;arcSite&quot;:&quot;la-nacion-ar&quot;}\">\n<div id=\"facade-zEM0Me6Y\" class=\"content-facade-jw relative bg-black ratio-16-9\"><picture><source media=\"(max-width: 767px)\" srcset=\"https:\/\/resizer.glanacion.com\/resizer\/v2\/https%3A%2F%2Fcdn.jwplayer.com%2Fv2%2Fmedia%2FzEM0Me6Y%2Fposter.jpg%3Fwidth%3D720?auth=19ff800b16231f73ea0850b76a275fc10f67545f7c73c1d8449b8c03bbe0ef16&amp;width=480&amp;quality=70&amp;smart=false\"\/><img class=\"image flex com-image --cover\" decoding=\"async\" fetchpriority=\"low\" loading=\"lazy\" src=\"https:\/\/resizer.glanacion.com\/resizer\/v2\/https%3A%2F%2Fcdn.jwplayer.com%2Fv2%2Fmedia%2FzEM0Me6Y%2Fposter.jpg%3Fwidth%3D720?auth=19ff800b16231f73ea0850b76a275fc10f67545f7c73c1d8449b8c03bbe0ef16&amp;width=720&amp;quality=70&amp;smart=false\" alt=\"El Pity en C\u00f3rdoba \"\/><\/picture><\/div>\n<\/div><figcaption class=\"border border-1 border-bottom border-light-300 relative px-16 py-8 min-h-36 w-100_md px-0_l mb-8 bg-white\"><span class=\"text ln-text text-16 block\">El Pity en C\u00f3rdoba <\/span><\/figcaption><\/figure>\n<\/section>\n<\/div>\n<p class=\"com-paragraph   --s\">Adem\u00e1s, hace una semana su productora anunci\u00f3 que ya est\u00e1 en marcha tambi\u00e9n su regreso a las bateas virtuales con un nuevo \u00e1lbum, y anticiparon una canci\u00f3n que fue bautizada <strong>\u201cNo s\u00e9 cu\u00e1nto\u201d.<\/strong><\/p>\n<p class=\"com-paragraph   --s\">El estreno del tema tema vino acompa\u00f1ado por un video en el que se ve al artista m\u00e1s delgado que en los \u00faltimos tiempos. \u201cPity presenta su nueva canci\u00f3n, un punk rock fresco y desfachatado que celebra la vuelta de este emblema del rock barrial\u201d, dicen desde su productora.<\/p>\n<p><iframe loading=\"lazy\" title=\"Pity - No se\u0301 cua\u0301nto\" width=\"1170\" height=\"658\" src=\"https:\/\/www.youtube.com\/embed\/y1L8NWlhSRM?wmode=transparent&amp;rel=0&amp;feature=oembed\" frameborder=\"0\" allow=\"accelerometer; autoplay; clipboard-write; encrypted-media; gyroscope; picture-in-picture; web-share\" referrerpolicy=\"strict-origin-when-cross-origin\" allowfullscreen><\/iframe><\/p>\n<p class=\"com-paragraph   --s\">Y lo cierto que es que el pulso de su canci\u00f3n, con una letra muy breve, no va por el lado del rock barrial sino en la l\u00ednea de un punk rock setentista, con cierto halo \u201cclashero\u201d. En el video se lo ve, simplemente, frente a la c\u00e1mara, en medio de una edificaci\u00f3n abandonada (parece la torre de una iglesia), rodeado por los integrantes de su banda. Esas secuencias se mezclan con im\u00e1genes de archivo; convulsi\u00f3n social de principios de siglo. Seguramente tambi\u00e9n llamar\u00e1 la atenci\u00f3n la voz de Pity, fuera del registro que habitualmente se tiene de su garganta, en los discos que grab\u00f3 con<strong> Intoxicados y Viejas Locas<\/strong>, entre 1993 y 2011.<\/p>\n<p class=\"com-paragraph   --s\">La canci\u00f3n fue grabada por Gabriel Prajnar (bajo y coros), Hern\u00e1n Salas (guitarra y coros), Juan Manuel Colonna (bater\u00eda y coros), Mat\u00edas Mango (teclado y coros), adem\u00e1s de Pity en guitarra y voz. Fue registrada por el ingeniero Esteban Kahayan y mezclada por <strong>Eduardo Bergallo<\/strong>. Natalia Marinelli se encarg\u00f3 del arte de tapa y la direcci\u00f3n del videoclip estuvo a cargo de Dr. \u00c1lvarez.<\/p>\n<div class=\"content-media\">\n<section role=\"button\" class=\"mod-media   \">\n<figure role=\"button\" class=\"mod-figure \"><figcaption class=\"mod-figcaption\"><span class=\"com-text --caption --twoxs\">Pity Alvarez, en el video de su nueva canci\u00f3n, &#8220;No s\u00e9 cu\u00e1nto&#8221;<\/span><span class=\"com-text --credit --twoxs\">Captura<\/span><\/figcaption><\/figure>\n<\/section>\n<\/div>\n<p class=\"com-paragraph   --s\">En el video, quiz\u00e1 no sea casual que uno de los <em>outfits<\/em> sea una remera que dice: \u201cLa gente manda\u201d. Sin duda sus fans lo esperan con ansias, en plataformas digitales y en vivo. No hubo condena social tras el asesinato, ocurrido el 12 de julio de 2018, y si bien hubo un procesamiento por el crimen, debido a la salud mental del m\u00fasico no hubo juicio. Eso le permite embarcarse en proyectos, como el nuevo disco o el recital que tiene por delante.<\/p>\n<p class=\"com-paragraph   --s\">La \u00faltima vez que Pity convoc\u00f3 a miles de fans para que lo vieran en vivo fue en un <strong>frustrado recital de Viejas Locas, el 7 de abril de 2018 en Tucum\u00e1n<\/strong>, que termin\u00f3 en incidentes y desmanes por parte del p\u00fablico. <\/p>\n<section class=\"container-center-100 mb-40 border border-bottom border-thin border-neutral-light-700\">\n<hr\/>\n<\/section>\n<\/div>\n","protected":false},"excerpt":{"rendered":"<p>Tras el fallido anuncio de un regreso triunfal a un estadio porte\u00f1o, Pity \u00c1lvarez se prepara para volver a los escenarios este s\u00e1bado 20 de diciembre, en el Kempes de C\u00f3rdoba. Las puertas del predio se abrir\u00e1n a las 18. La presentaci\u00f3n de la banda de apertura, Los Mentidores, est\u00e1 pautada para las 19:30 y [&hellip;]<\/p>\n","protected":false},"author":2,"featured_media":65525,"comment_status":"","ping_status":"","sticky":false,"template":"","format":"standard","meta":{"footnotes":""},"categories":[14],"tags":[],"_links":{"self":[{"href":"https:\/\/maxradio923.com.ar\/index.php\/wp-json\/wp\/v2\/posts\/65524"}],"collection":[{"href":"https:\/\/maxradio923.com.ar\/index.php\/wp-json\/wp\/v2\/posts"}],"about":[{"href":"https:\/\/maxradio923.com.ar\/index.php\/wp-json\/wp\/v2\/types\/post"}],"author":[{"embeddable":true,"href":"https:\/\/maxradio923.com.ar\/index.php\/wp-json\/wp\/v2\/users\/2"}],"replies":[{"embeddable":true,"href":"https:\/\/maxradio923.com.ar\/index.php\/wp-json\/wp\/v2\/comments?post=65524"}],"version-history":[{"count":0,"href":"https:\/\/maxradio923.com.ar\/index.php\/wp-json\/wp\/v2\/posts\/65524\/revisions"}],"wp:featuredmedia":[{"embeddable":true,"href":"https:\/\/maxradio923.com.ar\/index.php\/wp-json\/wp\/v2\/media\/65525"}],"wp:attachment":[{"href":"https:\/\/maxradio923.com.ar\/index.php\/wp-json\/wp\/v2\/media?parent=65524"}],"wp:term":[{"taxonomy":"category","embeddable":true,"href":"https:\/\/maxradio923.com.ar\/index.php\/wp-json\/wp\/v2\/categories?post=65524"},{"taxonomy":"post_tag","embeddable":true,"href":"https:\/\/maxradio923.com.ar\/index.php\/wp-json\/wp\/v2\/tags?post=65524"}],"curies":[{"name":"wp","href":"https:\/\/api.w.org\/{rel}","templated":true}]}}