{"id":65520,"date":"2025-12-20T14:53:02","date_gmt":"2025-12-20T17:53:02","guid":{"rendered":"https:\/\/maxradio923.com.ar\/index.php\/2025\/12\/20\/todo-lo-que-hay-que-saber-sobre-parense-de-manos-iii-el-cronograma-de-peleas-hora-y-como-verlo-en-vivo\/"},"modified":"2025-12-20T14:53:02","modified_gmt":"2025-12-20T17:53:02","slug":"todo-lo-que-hay-que-saber-sobre-parense-de-manos-iii-el-cronograma-de-peleas-hora-y-como-verlo-en-vivo","status":"publish","type":"post","link":"https:\/\/maxradio923.com.ar\/index.php\/2025\/12\/20\/todo-lo-que-hay-que-saber-sobre-parense-de-manos-iii-el-cronograma-de-peleas-hora-y-como-verlo-en-vivo\/","title":{"rendered":"Todo lo que hay que saber sobre P\u00e1rense de Manos III: el cronograma de peleas, hora y c\u00f3mo verlo en vivo"},"content":{"rendered":"<p><\/p>\n<div xmlns:default=\"http:\/\/www.w3.org\/2000\/svg\">\n<div class=\"visual__image image-initial-width\"><picture><source srcset=\"https:\/\/www.infobae.com\/resizer\/v2\/GFJ5MDTWNNBGNCTVG65S27YVB4.jpg?auth=f04a26b33c2c7ed3b2bfdaef53b420864e5a780198ed07e1da94abdb294d0b53&amp;smart=true&amp;width=992&amp;height=1323&amp;quality=85\" media=\"(min-width: 1000px)\"\/><source srcset=\"https:\/\/www.infobae.com\/resizer\/v2\/GFJ5MDTWNNBGNCTVG65S27YVB4.jpg?auth=f04a26b33c2c7ed3b2bfdaef53b420864e5a780198ed07e1da94abdb294d0b53&amp;smart=true&amp;width=768&amp;height=1024&amp;quality=85\" media=\"(min-width: 768px)\"\/><source srcset=\"https:\/\/www.infobae.com\/resizer\/v2\/GFJ5MDTWNNBGNCTVG65S27YVB4.jpg?auth=f04a26b33c2c7ed3b2bfdaef53b420864e5a780198ed07e1da94abdb294d0b53&amp;smart=true&amp;width=577&amp;height=769&amp;quality=85\" media=\"(min-width: 580px)\"\/><source srcset=\"https:\/\/www.infobae.com\/resizer\/v2\/GFJ5MDTWNNBGNCTVG65S27YVB4.jpg?auth=f04a26b33c2c7ed3b2bfdaef53b420864e5a780198ed07e1da94abdb294d0b53&amp;smart=true&amp;width=420&amp;height=560&amp;quality=85\" media=\"(min-width: 350px)\"\/><source srcset=\"https:\/\/www.infobae.com\/resizer\/v2\/GFJ5MDTWNNBGNCTVG65S27YVB4.jpg?auth=f04a26b33c2c7ed3b2bfdaef53b420864e5a780198ed07e1da94abdb294d0b53&amp;smart=true&amp;width=350&amp;height=467&amp;quality=85\" media=\"(min-width: 80px)\"\/><img alt=\"P\u00e1rense de Manos III, el\" class=\"global-image\" decoding=\"async\" fetchpriority=\"high\" height=\"1440\" loading=\"eager\" src=\"https:\/\/www.infobae.com\/resizer\/v2\/GFJ5MDTWNNBGNCTVG65S27YVB4.jpg?auth=f04a26b33c2c7ed3b2bfdaef53b420864e5a780198ed07e1da94abdb294d0b53&amp;smart=true&amp;width=350&amp;height=467&amp;quality=85\" width=\"1080\"\/><\/picture><figcaption class=\"article-figcaption-img\">P\u00e1rense de Manos III, el evento de boxeo en el que participar\u00e1n importantes figuras del mundo del streaming y del deporte (@parensedemanosok)<\/figcaption><\/div>\n<p class=\"paragraph\">La tercera edici\u00f3n de <b>P\u00e1rense de Manos<\/b>, el evento que fusiona el boxeo amateur con el entretenimiento digital, se prepara para marcar un hito en Argentina este s\u00e1bado 20 de diciembre. Con una <b>cartelera repleta de combates<\/b>, la presencia de figuras como <b>Sergio <\/b><i><b>Maravilla <\/b><\/i><b>Mart\u00ednez<\/b> y una producci\u00f3n que incluye shows musicales y transmisi\u00f3n en vivo, la jornada promete consolidar este formato como uno de los m\u00e1s influyentes del a\u00f1o en el estadio <i>Tom\u00e1s Adolfo Duc\u00f3<\/i>, casa de <b>Hurac\u00e1n<\/b>.<\/p>\n<p class=\"paragraph\">La organizaci\u00f3n, liderada por <b>Lucas \u201cLuquita\u201d Rodr\u00edguez<\/b> junto a <i>Vorterix<\/i>, dise\u00f1\u00f3 una experiencia que va m\u00e1s all\u00e1 del ring, con alfombra roja, entrevistas y espect\u00e1culos en vivo, buscando atraer tanto a los asistentes en <i>Parque Patricios<\/i> como a quienes sigan la transmisi\u00f3n desde sus hogares.<b> El evento se podr\u00e1 ver completo por el canal de Lucas Rodr\u00edguez (LuquitaRodriguez) en la plataforma de streaming Kick y por Telef\u00e9.<\/b> Vale destacar que la transmisi\u00f3n por el canal de televisi\u00f3n ser\u00e1 limitada (17:00 a 19:00) y no abarcar\u00e1 todo el evento.<\/p>\n<p class=\"paragraph\"><b>Uno de los combates m\u00e1s esperados ser\u00e1 entre el hist\u00f3rico Sergio Mart\u00ednez y Laureano Pepi Staropoli<\/b>, luchador de Artes Marciales Mixtas que represent\u00f3 a la Argentina en la <b>UFC<\/b>. En la edici\u00f3n anterior, <i>Maravilla <\/i>se enfrent\u00f3 a <b>Pablo Migliore<\/b> y se impuso en las tarjetas de forma contundente. En esta oportunidad, a sus 50 a\u00f1os, tendr\u00e1 un duro duelo ante un peleador de <b>MMA <\/b>con pasado en <b>UFC<\/b>, de apenas 32 a\u00f1os, y que se destac\u00f3 en la importante empresa estadounidense con un r\u00e9cord de 2-4 (13-6 en el total de su carrera).<\/p>\n<p class=\"paragraph\"><b>La pelea estelar que cerrar\u00e1 la noche en Hurac\u00e1n estar\u00e1 a cargo del enfrentamiento entre Gero Arias y Tom\u00e1s Mazza<\/b>. El primero de estos se convirti\u00f3 en un fen\u00f3meno viral por cumplir el reto de realizar dominadas diarias a lo largo de todo un a\u00f1o, mientras que su contrincante es un reconocido streamer que ya pele\u00f3 en varias oportunidades. Otro choque esperado es el de <b>Flor Vigna y Mica Viciconte<\/b>, quienes arrastran una rivalidad desde el programa de TV <i>Combate<\/i>.<\/p>\n<div class=\"visual__image\"><picture><source srcset=\"https:\/\/www.infobae.com\/resizer\/v2\/HDUO5SHJR5CZDB2SZCZO5JC5TM.jpg?auth=3a32488d07b2a084446c009824951c00c4a9366c5a4f9d6dd6c9c6ea3dcfe6eb&amp;smart=true&amp;width=992&amp;height=1323&amp;quality=85\" media=\"(min-width: 1000px)\"\/><source srcset=\"https:\/\/www.infobae.com\/resizer\/v2\/HDUO5SHJR5CZDB2SZCZO5JC5TM.jpg?auth=3a32488d07b2a084446c009824951c00c4a9366c5a4f9d6dd6c9c6ea3dcfe6eb&amp;smart=true&amp;width=768&amp;height=1024&amp;quality=85\" media=\"(min-width: 768px)\"\/><source srcset=\"https:\/\/www.infobae.com\/resizer\/v2\/HDUO5SHJR5CZDB2SZCZO5JC5TM.jpg?auth=3a32488d07b2a084446c009824951c00c4a9366c5a4f9d6dd6c9c6ea3dcfe6eb&amp;smart=true&amp;width=577&amp;height=769&amp;quality=85\" media=\"(min-width: 580px)\"\/><source srcset=\"https:\/\/www.infobae.com\/resizer\/v2\/HDUO5SHJR5CZDB2SZCZO5JC5TM.jpg?auth=3a32488d07b2a084446c009824951c00c4a9366c5a4f9d6dd6c9c6ea3dcfe6eb&amp;smart=true&amp;width=420&amp;height=560&amp;quality=85\" media=\"(min-width: 350px)\"\/><source srcset=\"https:\/\/www.infobae.com\/resizer\/v2\/HDUO5SHJR5CZDB2SZCZO5JC5TM.jpg?auth=3a32488d07b2a084446c009824951c00c4a9366c5a4f9d6dd6c9c6ea3dcfe6eb&amp;smart=true&amp;width=350&amp;height=467&amp;quality=85\" media=\"(min-width: 80px)\"\/><img alt=\"Maravilla Mart\u00ednez vs. Pepi Staropoli,\" class=\"global-image\" decoding=\"async\" fetchpriority=\"low\" height=\"1136\" loading=\"lazy\" src=\"https:\/\/www.infobae.com\/resizer\/v2\/HDUO5SHJR5CZDB2SZCZO5JC5TM.jpg?auth=3a32488d07b2a084446c009824951c00c4a9366c5a4f9d6dd6c9c6ea3dcfe6eb&amp;smart=true&amp;width=350&amp;height=467&amp;quality=85\" width=\"852\"\/><\/picture><figcaption class=\"article-figcaption-img\">Maravilla Mart\u00ednez vs. Pepi Staropoli, una de las peleas que acapara los flashes del evento (@parensedemanosok)<\/figcaption><\/div>\n<p class=\"paragraph\"><b>Otro de los duelos m\u00e1s simb\u00f3licos ser\u00e1 el que enfrente a Agust\u00edn Monz\u00f3n y Franco Bonavena, nietos de dos leyendas del boxeo argentino: Carlos Monz\u00f3n y Ringo Bonavena.<\/b> Este combate, que abrir\u00e1 la serie de peleas a las 18, revive una rivalidad que se remonta a hace 51 a\u00f1os, cuando en diciembre de 1974 ambos abuelos protagonizaron un enfrentamiento verbal en el Gran Hotel Ciudad de M\u00e9xico, episodio que marc\u00f3 un antes y un despu\u00e9s en la historia del boxeo nacional.<\/p>\n<p class=\"paragraph\">Franco Bonavena, de 29 a\u00f1os, nieto de Ringo, lleg\u00f3 al boxeo tras un recorrido poco convencional: estudi\u00f3 dise\u00f1o multimedial, trabaj\u00f3 como programador y jug\u00f3 rugby, incluso durante seis meses en Irlanda, en 2018. No fue hasta los veintisiete a\u00f1os que se inici\u00f3 como boxeador amateur. Por su parte, Agust\u00edn Monz\u00f3n, de 24 a\u00f1os, nieto de Carlos Monz\u00f3n, transit\u00f3 un camino diferente, alternando oficios y persiguiendo su vocaci\u00f3n actoral en obras de teatro como F\u00e1jense y series como El Eternauta, Coppola y Monz\u00f3n, adem\u00e1s de participar en el reality Survivor.<\/p>\n<div class=\"visual__image\"><picture><source srcset=\"https:\/\/www.infobae.com\/resizer\/v2\/4JC4WYEPHVEKTIKZRBY3WHGXGE.jpg?auth=0a6a9412a857beacfbd4fb0c0cb2a27948b7dd7aba51a49f6f8afa0c457d078b&amp;smart=true&amp;width=992&amp;height=1323&amp;quality=85\" media=\"(min-width: 1000px)\"\/><source srcset=\"https:\/\/www.infobae.com\/resizer\/v2\/4JC4WYEPHVEKTIKZRBY3WHGXGE.jpg?auth=0a6a9412a857beacfbd4fb0c0cb2a27948b7dd7aba51a49f6f8afa0c457d078b&amp;smart=true&amp;width=768&amp;height=1024&amp;quality=85\" media=\"(min-width: 768px)\"\/><source srcset=\"https:\/\/www.infobae.com\/resizer\/v2\/4JC4WYEPHVEKTIKZRBY3WHGXGE.jpg?auth=0a6a9412a857beacfbd4fb0c0cb2a27948b7dd7aba51a49f6f8afa0c457d078b&amp;smart=true&amp;width=577&amp;height=769&amp;quality=85\" media=\"(min-width: 580px)\"\/><source srcset=\"https:\/\/www.infobae.com\/resizer\/v2\/4JC4WYEPHVEKTIKZRBY3WHGXGE.jpg?auth=0a6a9412a857beacfbd4fb0c0cb2a27948b7dd7aba51a49f6f8afa0c457d078b&amp;smart=true&amp;width=420&amp;height=560&amp;quality=85\" media=\"(min-width: 350px)\"\/><source srcset=\"https:\/\/www.infobae.com\/resizer\/v2\/4JC4WYEPHVEKTIKZRBY3WHGXGE.jpg?auth=0a6a9412a857beacfbd4fb0c0cb2a27948b7dd7aba51a49f6f8afa0c457d078b&amp;smart=true&amp;width=350&amp;height=467&amp;quality=85\" media=\"(min-width: 80px)\"\/><img alt=\"Agust\u00edn Monz\u00f3n y Franco Bonavena\" class=\"global-image\" decoding=\"async\" fetchpriority=\"low\" height=\"912\" loading=\"lazy\" src=\"https:\/\/www.infobae.com\/resizer\/v2\/4JC4WYEPHVEKTIKZRBY3WHGXGE.jpg?auth=0a6a9412a857beacfbd4fb0c0cb2a27948b7dd7aba51a49f6f8afa0c457d078b&amp;smart=true&amp;width=350&amp;height=467&amp;quality=85\" width=\"684\"\/><\/picture><figcaption class=\"article-figcaption-img\">Agust\u00edn Monz\u00f3n y Franco Bonavena abrir\u00e1n el evento a las 18 (@parensedemanosok)<\/figcaption><\/div>\n<p class=\"paragraph\">La programaci\u00f3n de <b>P\u00e1rense de Manos 3<\/b> contempla, adem\u00e1s del duelo Monz\u00f3n vs. Bonavena, combates como Flor <b>Vigna-Mica Viciconte<\/b>, <b>Mariano<\/b> <b>P\u00e9rez-Manu Jove<\/b>, <b>Dairi-Espe<\/b>, <b>Gabino Silva-Willy Banks<\/b>, <b>Coty Romero-Carito Muller<\/b>, <b>Mernuel-Cosmic Kid<\/b>, <b>Grego Rosello-Goncho Banzas<\/b>, <b>Perxitaa-Cocker<\/b> y el ya mencionado <b>Pepi-Maravilla<\/b>. La conducci\u00f3n del evento estar\u00e1 a cargo de Lucas Rodr\u00edguez, <b>Roberto Galati, Germ\u00e1n Beder, Joaqu\u00edn Cavanna y Alfredo Montes de Oca,<\/b> quienes son los organizadores.<\/p>\n<p class=\"paragraph\">El evento abrir\u00e1 sus puertas a las 16, y la transmisi\u00f3n en vivo comenzar\u00e1 a las 16.30 con un DJ set de <b>Vica Bah<\/b>. A las 17, la alfombra roja dar\u00e1 paso a la llegada de los protagonistas y celebridades invitadas, mientras que el inicio formal del espect\u00e1culo est\u00e1 previsto para las 17.45. La grilla incluye once peleas, intercaladas con presentaciones musicales de <b>Un Poco de Ruido<\/b>, <b>Lit Killah<\/b>, <b>Tussiwarriors<\/b> y <b>Gaspar Benegas<\/b>. Adem\u00e1s, cerca de la medianoche, se emitir\u00e1 un video homenaje con el Himno Argentino, reforzando el car\u00e1cter festivo y nacional del encuentro.<\/p>\n<div class=\"visual__image\"><picture><source srcset=\"https:\/\/www.infobae.com\/resizer\/v2\/4NKCRUAPUVF5TBRYHO3SWP7VK4.jpg?auth=1f8a941479f80d4ecd3cc16c72a50050aeeb7b8dc4c335b7e350460370386a68&amp;smart=true&amp;width=992&amp;height=1323&amp;quality=85\" media=\"(min-width: 1000px)\"\/><source srcset=\"https:\/\/www.infobae.com\/resizer\/v2\/4NKCRUAPUVF5TBRYHO3SWP7VK4.jpg?auth=1f8a941479f80d4ecd3cc16c72a50050aeeb7b8dc4c335b7e350460370386a68&amp;smart=true&amp;width=768&amp;height=1024&amp;quality=85\" media=\"(min-width: 768px)\"\/><source srcset=\"https:\/\/www.infobae.com\/resizer\/v2\/4NKCRUAPUVF5TBRYHO3SWP7VK4.jpg?auth=1f8a941479f80d4ecd3cc16c72a50050aeeb7b8dc4c335b7e350460370386a68&amp;smart=true&amp;width=577&amp;height=769&amp;quality=85\" media=\"(min-width: 580px)\"\/><source srcset=\"https:\/\/www.infobae.com\/resizer\/v2\/4NKCRUAPUVF5TBRYHO3SWP7VK4.jpg?auth=1f8a941479f80d4ecd3cc16c72a50050aeeb7b8dc4c335b7e350460370386a68&amp;smart=true&amp;width=420&amp;height=560&amp;quality=85\" media=\"(min-width: 350px)\"\/><source srcset=\"https:\/\/www.infobae.com\/resizer\/v2\/4NKCRUAPUVF5TBRYHO3SWP7VK4.jpg?auth=1f8a941479f80d4ecd3cc16c72a50050aeeb7b8dc4c335b7e350460370386a68&amp;smart=true&amp;width=350&amp;height=467&amp;quality=85\" media=\"(min-width: 80px)\"\/><img alt=\"La cartelera y el cronograma\" class=\"global-image\" decoding=\"async\" fetchpriority=\"low\" height=\"1440\" loading=\"lazy\" src=\"https:\/\/www.infobae.com\/resizer\/v2\/4NKCRUAPUVF5TBRYHO3SWP7VK4.jpg?auth=1f8a941479f80d4ecd3cc16c72a50050aeeb7b8dc4c335b7e350460370386a68&amp;smart=true&amp;width=350&amp;height=467&amp;quality=85\" width=\"1080\"\/><\/picture><figcaption class=\"article-figcaption-img\">La cartelera y el cronograma completo de P\u00e1rense de Manos III (@parensedemanosok)<\/figcaption><\/div>\n<ul data-icon=\"\u2b24\" class=\"list\">\n<li data-icon=\"\u2b24\"><span><i>17.00: Alfombra roja<\/i><\/span><\/li>\n<li data-icon=\"\u2b24\"><span><i>17.45: Apertura de evento<\/i><\/span><\/li>\n<li data-icon=\"\u2b24\"><span>18.00: Agust\u00edn Monz\u00f3n vs. Franco Bonavena.<\/span><\/li>\n<li data-icon=\"\u2b24\"><span>18.30: Flor Vigna vs. Mica Viciconte.<\/span><\/li>\n<li data-icon=\"\u2b24\"><span><i>19.00: Show de Un Poco de Ruido.<\/i><\/span><\/li>\n<li data-icon=\"\u2b24\"><span>19.20: Mariano P\u00e9rez vs. Manu Jove.<\/span><\/li>\n<li data-icon=\"\u2b24\"><span>19.50: Dairi vs. Espe<\/span><\/li>\n<li data-icon=\"\u2b24\"><span><i>20.15: Show de Lit Killah.<\/i><\/span><\/li>\n<li data-icon=\"\u2b24\"><span>20.30: Gabino Silva vs. Willy Banks<\/span><\/li>\n<li data-icon=\"\u2b24\"><span>21.00: Coty Romero vs. Carito Muller.<\/span><\/li>\n<li data-icon=\"\u2b24\"><span><i>21.30: show Tussiwarriors.<\/i><\/span><\/li>\n<li data-icon=\"\u2b24\"><span>21.50: Mernuel vs. Cosmic KID.<\/span><\/li>\n<li data-icon=\"\u2b24\"><span>22.20: Grego Rosello vs. Goncho Banzas<\/span><\/li>\n<li data-icon=\"\u2b24\"><span><i>22.50: Show Gaspar Benegas.<\/i><\/span><\/li>\n<li data-icon=\"\u2b24\"><span>23.10: Perxitaa vs. Coker<\/span><\/li>\n<li data-icon=\"\u2b24\"><span>23.50: Laureano Pepi Staropoli vs. Sergio Maravilla Mart\u00ednez<\/span><\/li>\n<li data-icon=\"\u2b24\"><span>00.30: Gero Arias vs. Tom\u00e1s Mazza<\/span><\/li>\n<\/ul>\n<p class=\"paragraph\"><i>*Los horarios son aproximados<\/i><\/p>\n<p class=\"paragraph\">16.30: Canal de Kick de Lucas Rodr\u00edguez (LuquitaRodriguez)<\/p>\n<p class=\"paragraph\">17.00 a 19.00: Telefe<\/p>\n<\/div>\n<p><script defer=\"\">try{!function(f,b,e,v,n,t,s) {if(f.fbq)return;n=f.fbq=function(){n.callMethod? n.callMethod.apply(n,arguments):n.queue.push(arguments)}; if(!f._fbq)f._fbq=n;n.push=n;n.loaded=!0;n.version='2.0'; n.queue=[];t=b.createElement(e);t.async=!0; t.src=v;s=b.getElementsByTagName(e)[0]; s.parentNode.insertBefore(t,s)}(window, document,'script', ' fbq('init', '336383993555320'); fbq('track', 'PageView'); fbq('track', 'ViewContent');}catch(error){console.log(\"Error al inicializar facebookPixelRawCodeScript:\",error);}<\/script><\/p>\n","protected":false},"excerpt":{"rendered":"<p>P\u00e1rense de Manos III, el evento de boxeo en el que participar\u00e1n importantes figuras del mundo del streaming y del deporte (@parensedemanosok) La tercera edici\u00f3n de P\u00e1rense de Manos, el evento que fusiona el boxeo amateur con el entretenimiento digital, se prepara para marcar un hito en Argentina este s\u00e1bado 20 de diciembre. Con una [&hellip;]<\/p>\n","protected":false},"author":2,"featured_media":65521,"comment_status":"","ping_status":"","sticky":false,"template":"","format":"standard","meta":{"footnotes":""},"categories":[2],"tags":[],"_links":{"self":[{"href":"https:\/\/maxradio923.com.ar\/index.php\/wp-json\/wp\/v2\/posts\/65520"}],"collection":[{"href":"https:\/\/maxradio923.com.ar\/index.php\/wp-json\/wp\/v2\/posts"}],"about":[{"href":"https:\/\/maxradio923.com.ar\/index.php\/wp-json\/wp\/v2\/types\/post"}],"author":[{"embeddable":true,"href":"https:\/\/maxradio923.com.ar\/index.php\/wp-json\/wp\/v2\/users\/2"}],"replies":[{"embeddable":true,"href":"https:\/\/maxradio923.com.ar\/index.php\/wp-json\/wp\/v2\/comments?post=65520"}],"version-history":[{"count":0,"href":"https:\/\/maxradio923.com.ar\/index.php\/wp-json\/wp\/v2\/posts\/65520\/revisions"}],"wp:featuredmedia":[{"embeddable":true,"href":"https:\/\/maxradio923.com.ar\/index.php\/wp-json\/wp\/v2\/media\/65521"}],"wp:attachment":[{"href":"https:\/\/maxradio923.com.ar\/index.php\/wp-json\/wp\/v2\/media?parent=65520"}],"wp:term":[{"taxonomy":"category","embeddable":true,"href":"https:\/\/maxradio923.com.ar\/index.php\/wp-json\/wp\/v2\/categories?post=65520"},{"taxonomy":"post_tag","embeddable":true,"href":"https:\/\/maxradio923.com.ar\/index.php\/wp-json\/wp\/v2\/tags?post=65520"}],"curies":[{"name":"wp","href":"https:\/\/api.w.org\/{rel}","templated":true}]}}