{"id":65518,"date":"2025-12-20T14:51:02","date_gmt":"2025-12-20T17:51:02","guid":{"rendered":"https:\/\/maxradio923.com.ar\/index.php\/2025\/12\/20\/la-palabra-de-alejandra-maglietti-despues-de-sus-lagrimas-en-la-despedida-de-bendita-15-anos-con-el-capitan\/"},"modified":"2025-12-20T14:51:02","modified_gmt":"2025-12-20T17:51:02","slug":"la-palabra-de-alejandra-maglietti-despues-de-sus-lagrimas-en-la-despedida-de-bendita-15-anos-con-el-capitan","status":"publish","type":"post","link":"https:\/\/maxradio923.com.ar\/index.php\/2025\/12\/20\/la-palabra-de-alejandra-maglietti-despues-de-sus-lagrimas-en-la-despedida-de-bendita-15-anos-con-el-capitan\/","title":{"rendered":"La palabra de Alejandra Maglietti despu\u00e9s de sus l\u00e1grimas en la despedida de Bendita: \u201c15 a\u00f1os con el capit\u00e1n\u201d"},"content":{"rendered":"<p><\/p>\n<h2 class=\"article-subheadline text_align_left\">La panelista fue la m\u00e1s emocionada en el \u00faltimo programa de Beto Casella en El Nueve. La dedicatoria al conductor y la promesa para seguir juntos en el futuro<\/h2>\n<p><\/p>\n<p class=\"paragraph\">El \u00faltimo programa de <b>Bendita<\/b> marc\u00f3 el cierre de una etapa hist\u00f3rica en la televisi\u00f3n argentina. <b>Beto Casella<\/b>, tras veinte a\u00f1os al frente del ciclo de El Nueve, se despidi\u00f3 en un ambiente cargado de emoci\u00f3n, rodeado de su equipo y con un homenaje que repas\u00f3 los momentos m\u00e1s significativos de dos d\u00e9cadas de humor, informaci\u00f3n y cercan\u00eda con el p\u00fablico.<\/p>\n<p><\/p>\n<p class=\"paragraph\">Horas despu\u00e9s, <b>Maglietti<\/b> comparti\u00f3 una fotograf\u00eda abrazando a Casella y con un mensaje en el que resumi\u00f3 el significado de la jornada: \u201c<b>15 a\u00f1os en el barco del capit\u00e1n. Fue un d\u00eda de tantas emociones, creo que mejor despedida no pudo existir. Todo el equipo de tantos a\u00f1os unido para despedirlo con tanto cari\u00f1o<\/b>. Eso lo describe como persona, se fue aplaudido por toda la t\u00e9cnica, producci\u00f3n, vestuario, gerencia, maquillaje, en fin todos\u201d. La panelista acompa\u00f1\u00f3 sus palabras con videos del detr\u00e1s de escena, donde se registraron aplausos sostenidos, miradas emocionadas y la sensaci\u00f3n de estar viviendo un momento irrepetible. El ambiente reflejaba la mezcla de alegr\u00eda por el recorrido compartido y la tristeza propia de las despedidas.<\/p>\n<p><\/p>\n<p class=\"paragraph\">El clima detr\u00e1s de c\u00e1maras fue tan intenso como el que se vivi\u00f3 al aire. Una vez apagadas las luces del estudio, el equipo t\u00e9cnico, la producci\u00f3n y parte del personal que rodea al hist\u00f3rico ciclo se sumaron a los aplausos y abrazos, en una muestra de reconocimiento colectivo. Las emociones afloraron entre los presentes, quienes compartieron l\u00e1grimas y palabras de agradecimiento, conscientes de que se cerraba una etapa que hab\u00eda forjado lazos de compa\u00f1erismo y pertenencia. Tambi\u00e9n mostr\u00f3 la salida en el auto junto a <b>Any Ventura,<\/b> ante la requisitoria de cronistas que quer\u00edan tener la palabra de los protagonistas. <\/p>\n<p><\/p>\n<p class=\"paragraph\"><b>\u201cOjal\u00e1 podamos trabajar juntos muchos a\u00f1os m\u00e1s\u201d<\/b>, respondi\u00f3 el conductor junto a un coraz\u00f3n y dio una pista del futuro de ambos. Es que tanto <b>Maglietti<\/b> como varios panelistas hist\u00f3ricos de <i><b>Bendita<\/b><\/i> acompa\u00f1ar\u00e1n a <b>Casella<\/b> en un nuevo proyecto televisivo. Entre los confirmados se encuentran <b>Horacio Pagani<\/b>, <b>Any Ventura<\/b>, <b>Enzo Aguilar<\/b>, <b>Walter Queijeiro<\/b>, <b>Joe Fern\u00e1ndez<\/b>, <b>Mariela Fern\u00e1ndez<\/b>, <b>An\u00edbal Pachano<\/b>, <b>Agust\u00edn Guardis<\/b>, <b>Mariano Flax<\/b>, <b>Leo Raff<\/b> y <b>Franco Casella<\/b>. El nuevo ciclo, aun sin nombre definido, se emitir\u00e1 por <b>Am\u00e9rica<\/b> y promete mantener el esp\u00edritu de equipo que caracteriz\u00f3 al programa original.<\/p>\n<p><\/p>\n<p class=\"paragraph\">El legado de <b>Bendita<\/b> queda marcado por el afecto y la admiraci\u00f3n entre sus protagonistas. La despedida de <b>Casella<\/b> no solo signific\u00f3 el cierre de un ciclo televisivo, sino tambi\u00e9n la celebraci\u00f3n de un v\u00ednculo construido a lo largo de veinte a\u00f1os, en el que la uni\u00f3n y el reconocimiento mutuo se convirtieron en el sello distintivo del equipo. Y la gratitud eterna con el p\u00fablico, que se desprende de sus palabras de despedida: \u201cEl programa podr\u00eda durar tres meses, si ustedes no aceptan o no quieren. Ustedes son los gerentes, cambian con el control remoto y chau, no existe m\u00e1s. Ustedes sostuvieron esto veinte a\u00f1os\u201d, concluy\u00f3 el conductor antes del episodio final.<\/p>\n","protected":false},"excerpt":{"rendered":"<p>La panelista fue la m\u00e1s emocionada en el \u00faltimo programa de Beto Casella en El Nueve. La dedicatoria al conductor y la promesa para seguir juntos en el futuro El \u00faltimo programa de Bendita marc\u00f3 el cierre de una etapa hist\u00f3rica en la televisi\u00f3n argentina. Beto Casella, tras veinte a\u00f1os al frente del ciclo de [&hellip;]<\/p>\n","protected":false},"author":2,"featured_media":65519,"comment_status":"","ping_status":"","sticky":false,"template":"","format":"standard","meta":{"footnotes":""},"categories":[12],"tags":[],"_links":{"self":[{"href":"https:\/\/maxradio923.com.ar\/index.php\/wp-json\/wp\/v2\/posts\/65518"}],"collection":[{"href":"https:\/\/maxradio923.com.ar\/index.php\/wp-json\/wp\/v2\/posts"}],"about":[{"href":"https:\/\/maxradio923.com.ar\/index.php\/wp-json\/wp\/v2\/types\/post"}],"author":[{"embeddable":true,"href":"https:\/\/maxradio923.com.ar\/index.php\/wp-json\/wp\/v2\/users\/2"}],"replies":[{"embeddable":true,"href":"https:\/\/maxradio923.com.ar\/index.php\/wp-json\/wp\/v2\/comments?post=65518"}],"version-history":[{"count":0,"href":"https:\/\/maxradio923.com.ar\/index.php\/wp-json\/wp\/v2\/posts\/65518\/revisions"}],"wp:featuredmedia":[{"embeddable":true,"href":"https:\/\/maxradio923.com.ar\/index.php\/wp-json\/wp\/v2\/media\/65519"}],"wp:attachment":[{"href":"https:\/\/maxradio923.com.ar\/index.php\/wp-json\/wp\/v2\/media?parent=65518"}],"wp:term":[{"taxonomy":"category","embeddable":true,"href":"https:\/\/maxradio923.com.ar\/index.php\/wp-json\/wp\/v2\/categories?post=65518"},{"taxonomy":"post_tag","embeddable":true,"href":"https:\/\/maxradio923.com.ar\/index.php\/wp-json\/wp\/v2\/tags?post=65518"}],"curies":[{"name":"wp","href":"https:\/\/api.w.org\/{rel}","templated":true}]}}