{"id":65516,"date":"2025-12-20T14:35:02","date_gmt":"2025-12-20T17:35:02","guid":{"rendered":"https:\/\/maxradio923.com.ar\/index.php\/2025\/12\/20\/tribunal-de-cundinamarca-ordeno-notificacion-internacional-en-demanda-contra-convenio-de-pasaportes-entre-colombia-y-portugal\/"},"modified":"2025-12-20T14:35:02","modified_gmt":"2025-12-20T17:35:02","slug":"tribunal-de-cundinamarca-ordeno-notificacion-internacional-en-demanda-contra-convenio-de-pasaportes-entre-colombia-y-portugal","status":"publish","type":"post","link":"https:\/\/maxradio923.com.ar\/index.php\/2025\/12\/20\/tribunal-de-cundinamarca-ordeno-notificacion-internacional-en-demanda-contra-convenio-de-pasaportes-entre-colombia-y-portugal\/","title":{"rendered":"Tribunal de Cundinamarca orden\u00f3 notificaci\u00f3n internacional en demanda contra convenio de pasaportes  entre Colombia y Portugal"},"content":{"rendered":"<p><\/p>\n<h2 class=\"article-subheadline text_align_left\">La decisi\u00f3n judicial exige que la Procuradur\u00eda asuma la traducci\u00f3n y entrega de documentos a la entidad portuguesa, lo que podr\u00eda demorar la discusi\u00f3n de fondo y favorecer la gesti\u00f3n del Ejecutivo<\/h2>\n<p><\/p>\n<p class=\"paragraph\">El litigio entre la Procuradur\u00eda General de la Naci\u00f3n y la Canciller\u00eda por el convenio de $1,3 billones firmado con Portugal para la producci\u00f3n de pasaportes en Colombia enfrenta una dilataci\u00f3n significativa debido a tr\u00e1mites judiciales internacionales. <\/p>\n<p><\/p>\n<p class=\"paragraph\">El Tribunal Administrativo de Cundinamarca resolvi\u00f3 el lunes 15 de diciembre una solicitud de aclaraci\u00f3n presentada por el Fondo Rotatorio del Ministerio de Relaciones Exteriores,<b> estableciendo que la notificaci\u00f3n a la entidad portuguesa debe realizarse a trav\u00e9s de un procedimiento internacional<\/b>. <\/p>\n<p><\/p>\n<p class=\"paragraph\">\u201cEn el caso de que, sin que LIBRAR Carta Rogatoria (y sus anexos), por conducto del Ministerio de Relaciones Exteriores y\/o la autoridad central, en la direcci\u00f3n que obra en el expediente, dirigida a la autoridad judicial competente de la jurisdicci\u00f3n de IMPRESA NACIONAL &#8211; CASA DA MODA, S.A., con domicilio en la AVENIDA OUTO DE JULMEIDA &#8211; EDF. COSTA BRAVA, segundo piso (ingreso: Lisboa, freguesia: Arroyo, n\u00famero: 1004-020 LISBOA), de los Estados Unidos de Portugal, <b>para que se practique personalmente la notificaci\u00f3n de la demanda a IMPRENTA NACIONAL &#8211; CASA DA MODA, S.A., a trav\u00e9s de su apoderado judicial, conforme a lo dispuesto por la PROCURADUR\u00cdA GENERAL DE LA NACI\u00d3N<\/b> y dem\u00e1s normativa en cuanto a conducto del agente diplom\u00e1tico\u201d, dice el documento emitido por el Tribunal Superior de Cundinamarc<i>a.<\/i><\/p>\n<p><\/p>\n<p class=\"paragraph\">Este tr\u00e1mite, que <b>exige la intervenci\u00f3n de la Canciller\u00eda y la traducci\u00f3n de todos los documentos al portugu\u00e9s<\/b>, puede extenderse durante varios meses antes de que el caso sea discutido en profundidad. <\/p>\n<p><\/p>\n<p class=\"paragraph\">Seg\u00fan la decisi\u00f3n, la Procuradur\u00eda, como parte demandante, deber\u00e1 asumir el costo y la entrega de las traducciones oficiales en un plazo de diez d\u00edas h\u00e1biles.<\/p>\n<p><\/p>\n<p class=\"paragraph\">El origen del conflicto se remonta al 28 de julio de 2025, fecha en la que se firm\u00f3 el convenio con la Casa de la Moneda de Portugal, acuerdo que sustenta el nuevo esquema de expedici\u00f3n de pasaportes en Colombia. <\/p>\n","protected":false},"excerpt":{"rendered":"<p>La decisi\u00f3n judicial exige que la Procuradur\u00eda asuma la traducci\u00f3n y entrega de documentos a la entidad portuguesa, lo que podr\u00eda demorar la discusi\u00f3n de fondo y favorecer la gesti\u00f3n del Ejecutivo El litigio entre la Procuradur\u00eda General de la Naci\u00f3n y la Canciller\u00eda por el convenio de $1,3 billones firmado con Portugal para la [&hellip;]<\/p>\n","protected":false},"author":2,"featured_media":65517,"comment_status":"","ping_status":"","sticky":false,"template":"","format":"standard","meta":{"footnotes":""},"categories":[12],"tags":[],"_links":{"self":[{"href":"https:\/\/maxradio923.com.ar\/index.php\/wp-json\/wp\/v2\/posts\/65516"}],"collection":[{"href":"https:\/\/maxradio923.com.ar\/index.php\/wp-json\/wp\/v2\/posts"}],"about":[{"href":"https:\/\/maxradio923.com.ar\/index.php\/wp-json\/wp\/v2\/types\/post"}],"author":[{"embeddable":true,"href":"https:\/\/maxradio923.com.ar\/index.php\/wp-json\/wp\/v2\/users\/2"}],"replies":[{"embeddable":true,"href":"https:\/\/maxradio923.com.ar\/index.php\/wp-json\/wp\/v2\/comments?post=65516"}],"version-history":[{"count":0,"href":"https:\/\/maxradio923.com.ar\/index.php\/wp-json\/wp\/v2\/posts\/65516\/revisions"}],"wp:featuredmedia":[{"embeddable":true,"href":"https:\/\/maxradio923.com.ar\/index.php\/wp-json\/wp\/v2\/media\/65517"}],"wp:attachment":[{"href":"https:\/\/maxradio923.com.ar\/index.php\/wp-json\/wp\/v2\/media?parent=65516"}],"wp:term":[{"taxonomy":"category","embeddable":true,"href":"https:\/\/maxradio923.com.ar\/index.php\/wp-json\/wp\/v2\/categories?post=65516"},{"taxonomy":"post_tag","embeddable":true,"href":"https:\/\/maxradio923.com.ar\/index.php\/wp-json\/wp\/v2\/tags?post=65516"}],"curies":[{"name":"wp","href":"https:\/\/api.w.org\/{rel}","templated":true}]}}