{"id":65514,"date":"2025-12-20T14:19:07","date_gmt":"2025-12-20T17:19:07","guid":{"rendered":"https:\/\/maxradio923.com.ar\/index.php\/2025\/12\/20\/1525fuerte-discurso-de-milei-en-la-cumbre-del-mercosur-pidio-flexibilizacion-comercial-y-reclamo-una-condena-al-regimen-maduro\/"},"modified":"2025-12-20T14:19:07","modified_gmt":"2025-12-20T17:19:07","slug":"1525fuerte-discurso-de-milei-en-la-cumbre-del-mercosur-pidio-flexibilizacion-comercial-y-reclamo-una-condena-al-regimen-maduro","status":"publish","type":"post","link":"https:\/\/maxradio923.com.ar\/index.php\/2025\/12\/20\/1525fuerte-discurso-de-milei-en-la-cumbre-del-mercosur-pidio-flexibilizacion-comercial-y-reclamo-una-condena-al-regimen-maduro\/","title":{"rendered":"15:25Fuerte discurso de Milei en la cumbre del Mercosur: pidi\u00f3 flexibilizaci\u00f3n comercial y reclam\u00f3 una condena al r\u00e9gimen Maduro"},"content":{"rendered":"<p><\/p>\n<h2 class=\"article-subheadline text_align_left\">Ante mandatarios y delegaciones, el Presidente plante\u00f3 cambios arancelarios, critic\u00f3 la burocracia del bloque, respald\u00f3 la presi\u00f3n internacional sobre Caracas y reiter\u00f3 el reclamo por Malvinas. \u201c\u00bfQueremos un Mercosur que sea un motor de crecimiento o un freno para el futuro?\u201d, se\u00f1al\u00f3<\/h2>\n<p><\/p>\n<p class=\"paragraph\">El discurso del presidente<b> Javier Milei <\/b>brind\u00f3 ante la cumbre del Mercosur un fuerte discurso sobre las tensiones y desaf\u00edos que enfrenta el bloque regional, donde exigi\u00f3 flexibilizaci\u00f3n comercial y reclam\u00f3 una condena al r\u00e9gimen de<b> Nicol\u00e1s Maduro<\/b> en Venzuela. \u201c\u00bfQueremos un Mercosur que sea un motor de crecimiento o un freno para el futuro?\u201c, plante\u00f3.<\/p>\n<p><\/p>\n<p class=\"paragraph\">Seg\u00fan indic\u00f3, \u201cel comercio intrazona como proporci\u00f3n del comercio total se encuentra hoy muy por debajo de sus niveles hist\u00f3ricos\u201d, pese a que <b>\u201clos aranceles externos del Mercosur est\u00e1n entre los m\u00e1s altos del mundo\u201d<\/b>. En esa l\u00ednea, afirm\u00f3: \u201cUn arancel as\u00ed no protege el empleo, lo destruye\u201d.<\/p>\n<p><\/p>\n<p class=\"paragraph\">Tambi\u00e9n pidi\u00f3 una reforma institucional. <b>\u201cHoy m\u00e1s que nunca, el bloque necesita una reforma integral <\/b>que reduzca el costo econ\u00f3mico del Mercosur\u201d, afirm\u00f3. \u201cLa integraci\u00f3n debe estar al servicio del comercio, no al servicio de la burocracia\u201d, insisti\u00f3.<\/p>\n<p><\/p>\n<p class=\"paragraph\">Milei destac\u00f3 los recursos de la regi\u00f3n. \u201cNuestros pa\u00edses poseen activos estrat\u00e9gicos extraordinarios: energ\u00eda, minerales cr\u00edticos y alimentos\u201d, dijo, y sostuvo que \u201clo que necesitamos es dejar de poner obst\u00e1culos internos y permitir que ese potencial se despliegue\u201d. En ese punto, mencion\u00f3<b> \u201cla coordinaci\u00f3n energ\u00e9tica, la articulaci\u00f3n de cadenas de valor y la reducci\u00f3n de barreras reales\u201d<\/b>.<\/p>\n<p><\/p>\n<p class=\"paragraph\">El mandatario defendi\u00f3 la flexibilizaci\u00f3n como eje de crecimiento.<b> \u201cLa flexibilidad es un activo, no una amenaza\u201d,<\/b> afirm\u00f3, y agreg\u00f3 que \u201cla rigidez solo puede traer estancamiento\u201d. Se\u00f1al\u00f3 que el bloque avanz\u00f3 \u201cbajo distintas modalidades de flexibilizaci\u00f3n\u201d y advirti\u00f3: \u201cPretender congelar esa din\u00e1mica ser\u00eda condenar al bloque al anacronismo\u201d.<\/p>\n<p><\/p>\n<p class=\"paragraph\">Al referirse a la relaci\u00f3n con la Uni\u00f3n Europea, Milei habl\u00f3 de \u201clentitud\u201d y sostuvo que \u201ctras d\u00e9cadas de negociaciones no hemos podido terminar de materializar un acuerdo comercial\u201d. \u201cNuestros pa\u00edses no tienen diez a\u00f1os m\u00e1s para desperdiciar en discusiones administrativas\u201d, expres\u00f3.<\/p>\n","protected":false},"excerpt":{"rendered":"<p>Ante mandatarios y delegaciones, el Presidente plante\u00f3 cambios arancelarios, critic\u00f3 la burocracia del bloque, respald\u00f3 la presi\u00f3n internacional sobre Caracas y reiter\u00f3 el reclamo por Malvinas. \u201c\u00bfQueremos un Mercosur que sea un motor de crecimiento o un freno para el futuro?\u201d, se\u00f1al\u00f3 El discurso del presidente Javier Milei brind\u00f3 ante la cumbre del Mercosur un [&hellip;]<\/p>\n","protected":false},"author":2,"featured_media":65515,"comment_status":"","ping_status":"","sticky":false,"template":"","format":"standard","meta":{"footnotes":""},"categories":[12],"tags":[],"_links":{"self":[{"href":"https:\/\/maxradio923.com.ar\/index.php\/wp-json\/wp\/v2\/posts\/65514"}],"collection":[{"href":"https:\/\/maxradio923.com.ar\/index.php\/wp-json\/wp\/v2\/posts"}],"about":[{"href":"https:\/\/maxradio923.com.ar\/index.php\/wp-json\/wp\/v2\/types\/post"}],"author":[{"embeddable":true,"href":"https:\/\/maxradio923.com.ar\/index.php\/wp-json\/wp\/v2\/users\/2"}],"replies":[{"embeddable":true,"href":"https:\/\/maxradio923.com.ar\/index.php\/wp-json\/wp\/v2\/comments?post=65514"}],"version-history":[{"count":0,"href":"https:\/\/maxradio923.com.ar\/index.php\/wp-json\/wp\/v2\/posts\/65514\/revisions"}],"wp:featuredmedia":[{"embeddable":true,"href":"https:\/\/maxradio923.com.ar\/index.php\/wp-json\/wp\/v2\/media\/65515"}],"wp:attachment":[{"href":"https:\/\/maxradio923.com.ar\/index.php\/wp-json\/wp\/v2\/media?parent=65514"}],"wp:term":[{"taxonomy":"category","embeddable":true,"href":"https:\/\/maxradio923.com.ar\/index.php\/wp-json\/wp\/v2\/categories?post=65514"},{"taxonomy":"post_tag","embeddable":true,"href":"https:\/\/maxradio923.com.ar\/index.php\/wp-json\/wp\/v2\/tags?post=65514"}],"curies":[{"name":"wp","href":"https:\/\/api.w.org\/{rel}","templated":true}]}}