{"id":65512,"date":"2025-12-20T14:03:02","date_gmt":"2025-12-20T17:03:02","guid":{"rendered":"https:\/\/maxradio923.com.ar\/index.php\/2025\/12\/20\/las-contradicciones-del-presunto-entregador-del-triple-femicidio-narco-que-lo-expusieron-ante-la-justicia-y-llevaron-a-su-detencion\/"},"modified":"2025-12-20T14:03:02","modified_gmt":"2025-12-20T17:03:02","slug":"las-contradicciones-del-presunto-entregador-del-triple-femicidio-narco-que-lo-expusieron-ante-la-justicia-y-llevaron-a-su-detencion","status":"publish","type":"post","link":"https:\/\/maxradio923.com.ar\/index.php\/2025\/12\/20\/las-contradicciones-del-presunto-entregador-del-triple-femicidio-narco-que-lo-expusieron-ante-la-justicia-y-llevaron-a-su-detencion\/","title":{"rendered":"Las contradicciones del presunto entregador del triple femicidio narco que lo expusieron ante la Justicia y llevaron a su detenci\u00f3n"},"content":{"rendered":"<p><\/p>\n<h2 class=\"article-subheadline text_align_left\">Bernab\u00e9 Jes\u00fas Mallon es el 12\u00b0 capturado en la causa que investiga los asesinatos de Morena Verdi, Lara Guti\u00e9rrez y Brenda del Castillo. Estaba en la mira de los investigadores hace tiempo<\/h2>\n<p><\/p>\n<p class=\"paragraph\">La<b> causa por el triple femicidio narco de Florencio Varela <\/b>ya tiene 12 detenidos. El \u00faltimo capturado fue<b> <\/b><b>Bernab\u00e9 Jes\u00fas Mallon<\/b><b>, de 42 a\u00f1os,<\/b> quien cay\u00f3 en las \u00faltimas horas en la localidad bonaerense de Berazategui, acusado de ser quien enga\u00f1\u00f3 a <b>Lara Guti\u00e9rrez para que vaya junto a Morena Verdi y Brenda del Castillo<\/b> a la casa de Florencio Varela donde las asesinaron y descuartizaron. Sin embargo, aunque su arresto reci\u00e9n se haya concretado a tres meses del hecho, <b>su nombre siempre estuvo en la mira de la Justicia.<\/b><\/p>\n<p><\/p>\n<p class=\"paragraph\">Hace un tiempo, Mallon fue citado por los investigadores para dar explicaciones sobre esas im\u00e1genes. \u00c9l intent\u00f3 justificar su presencia alegando tener un v\u00ednculo comercial con uno de los principales sospechosos. Sin embargo, el an\u00e1lisis de las pruebas recolectadas revel\u00f3 que esa relaci\u00f3n <b>era solo una fachada para encubrir actividades il\u00edcitas,<\/b> principalmente relacionadas con la comercializaci\u00f3n de drogas. Tras un an\u00e1lisis m\u00e1s exhaustivo, los investigadores determinaron que Mallon en realidad ocupaba un rol jer\u00e1rquico dentro de la organizaci\u00f3n criminal, similar al de otros miembros ya arrestados.<\/p>\n<p><\/p>\n<p class=\"paragraph\">La situaci\u00f3n del sospechoso se complic\u00f3 a\u00fan m\u00e1s el pasado 5 de diciembre, cuando lo citaron a comparecer ante la Justicia otra vez. All\u00ed, ante la Secretar\u00eda N\u00b0 8 del juzgado, tuvo varias contradicciones:<b> neg\u00f3 conocer a uno de los principales imputados<\/b>, pese a que exist\u00edan registros f\u00edlmicos y de comunicaciones que lo ubicaban junto a \u00e9l; se mostr\u00f3 visiblemente <b>nervioso ante preguntas clave<\/b>; y se neg\u00f3 a aportar su n\u00famero de tel\u00e9fono, alegando no utilizar l\u00edneas telef\u00f3nicas. Esta afirmaci\u00f3n result\u00f3 poco cre\u00edble para los fiscales. Adem\u00e1s, sus declaraciones sobre hechos y movimientos ya comprobados por la investigaci\u00f3n no coincid\u00edan con la evidencia.<\/p>\n<p><\/p>\n<p class=\"paragraph\">Tras su declaraci\u00f3n, las sospechas sobre Mallon se intensificaron, como as\u00ed tambi\u00e9n las tareas de vigilancia. En uno de estos operativos de seguimiento, las autoridades descubrieron que<b> hab\u00eda vendido un auto<\/b>, que hab\u00eda modificado sus rutinas abruptamente y hasta observaron movimientos inusuales en su domicilio, como terceras personas llev\u00e1ndose muebles, que daban a sospechar sobre una mudanza. Estos comportamientos fueron interpretados como<b> riesgo de una posible fuga<\/b>, lo que llev\u00f3 a los investigadores a alertar al Juzgado Federal.<\/p>\n<p><\/p>\n<p class=\"paragraph\">Ante la acumulaci\u00f3n de indicios, el magistrado orden\u00f3 el allanamiento y detenci\u00f3n inmediata de Mallon. El operativo se concret\u00f3 este viernes, cuando el sospechoso fue arrestado al salir de su domicilio. En el procedimiento se secuestraron seis tel\u00e9fonos celulares, que ser\u00e1n analizados para profundizar la investigaci\u00f3n.<\/p>\n<p><\/p>\n<p class=\"paragraph\">Actualmente, la causa sigue en desarrollo, con el an\u00e1lisis de comunicaciones, movimientos financieros y la b\u00fasqueda de otros posibles involucrados. Las contradicciones y conductas de Mallon, sumadas a la evidencia reunida, resultaron determinantes para su detenci\u00f3n y para avanzar en el esclarecimiento de la compleja trama criminal.<\/p>\n","protected":false},"excerpt":{"rendered":"<p>Bernab\u00e9 Jes\u00fas Mallon es el 12\u00b0 capturado en la causa que investiga los asesinatos de Morena Verdi, Lara Guti\u00e9rrez y Brenda del Castillo. Estaba en la mira de los investigadores hace tiempo La causa por el triple femicidio narco de Florencio Varela ya tiene 12 detenidos. El \u00faltimo capturado fue Bernab\u00e9 Jes\u00fas Mallon, de 42 [&hellip;]<\/p>\n","protected":false},"author":2,"featured_media":65513,"comment_status":"","ping_status":"","sticky":false,"template":"","format":"standard","meta":{"footnotes":""},"categories":[12],"tags":[],"_links":{"self":[{"href":"https:\/\/maxradio923.com.ar\/index.php\/wp-json\/wp\/v2\/posts\/65512"}],"collection":[{"href":"https:\/\/maxradio923.com.ar\/index.php\/wp-json\/wp\/v2\/posts"}],"about":[{"href":"https:\/\/maxradio923.com.ar\/index.php\/wp-json\/wp\/v2\/types\/post"}],"author":[{"embeddable":true,"href":"https:\/\/maxradio923.com.ar\/index.php\/wp-json\/wp\/v2\/users\/2"}],"replies":[{"embeddable":true,"href":"https:\/\/maxradio923.com.ar\/index.php\/wp-json\/wp\/v2\/comments?post=65512"}],"version-history":[{"count":0,"href":"https:\/\/maxradio923.com.ar\/index.php\/wp-json\/wp\/v2\/posts\/65512\/revisions"}],"wp:featuredmedia":[{"embeddable":true,"href":"https:\/\/maxradio923.com.ar\/index.php\/wp-json\/wp\/v2\/media\/65513"}],"wp:attachment":[{"href":"https:\/\/maxradio923.com.ar\/index.php\/wp-json\/wp\/v2\/media?parent=65512"}],"wp:term":[{"taxonomy":"category","embeddable":true,"href":"https:\/\/maxradio923.com.ar\/index.php\/wp-json\/wp\/v2\/categories?post=65512"},{"taxonomy":"post_tag","embeddable":true,"href":"https:\/\/maxradio923.com.ar\/index.php\/wp-json\/wp\/v2\/tags?post=65512"}],"curies":[{"name":"wp","href":"https:\/\/api.w.org\/{rel}","templated":true}]}}