{"id":65510,"date":"2025-12-20T13:49:02","date_gmt":"2025-12-20T16:49:02","guid":{"rendered":"https:\/\/maxradio923.com.ar\/index.php\/2025\/12\/20\/tras-su-salida-de-river-plate-nacho-fernandez-tiene-todo-arreglado-con-otro-club-del-futbol-argentino\/"},"modified":"2025-12-20T13:49:02","modified_gmt":"2025-12-20T16:49:02","slug":"tras-su-salida-de-river-plate-nacho-fernandez-tiene-todo-arreglado-con-otro-club-del-futbol-argentino","status":"publish","type":"post","link":"https:\/\/maxradio923.com.ar\/index.php\/2025\/12\/20\/tras-su-salida-de-river-plate-nacho-fernandez-tiene-todo-arreglado-con-otro-club-del-futbol-argentino\/","title":{"rendered":"Tras su salida de River Plate, Nacho Fern\u00e1ndez tiene todo arreglado con otro club del futbol argentino"},"content":{"rendered":"<p><\/p>\n<div xmlns:default=\"http:\/\/www.w3.org\/2000\/svg\">\n<div class=\"visual__image image-initial-width\"><picture><source srcset=\"https:\/\/www.infobae.com\/resizer\/v2\/ZQ3PM74JSFAPXEMCH675VRL2XU.jpg?auth=0d5008bd1831ae99a900fccc50ad4e3dd1c14e970d6e63b350c85e466621370c&amp;smart=true&amp;width=992&amp;height=558&amp;quality=85\" media=\"(min-width: 1000px)\"\/><source srcset=\"https:\/\/www.infobae.com\/resizer\/v2\/ZQ3PM74JSFAPXEMCH675VRL2XU.jpg?auth=0d5008bd1831ae99a900fccc50ad4e3dd1c14e970d6e63b350c85e466621370c&amp;smart=true&amp;width=768&amp;height=432&amp;quality=85\" media=\"(min-width: 768px)\"\/><source srcset=\"https:\/\/www.infobae.com\/resizer\/v2\/ZQ3PM74JSFAPXEMCH675VRL2XU.jpg?auth=0d5008bd1831ae99a900fccc50ad4e3dd1c14e970d6e63b350c85e466621370c&amp;smart=true&amp;width=577&amp;height=325&amp;quality=85\" media=\"(min-width: 580px)\"\/><source srcset=\"https:\/\/www.infobae.com\/resizer\/v2\/ZQ3PM74JSFAPXEMCH675VRL2XU.jpg?auth=0d5008bd1831ae99a900fccc50ad4e3dd1c14e970d6e63b350c85e466621370c&amp;smart=true&amp;width=420&amp;height=236&amp;quality=85\" media=\"(min-width: 350px)\"\/><source srcset=\"https:\/\/www.infobae.com\/resizer\/v2\/ZQ3PM74JSFAPXEMCH675VRL2XU.jpg?auth=0d5008bd1831ae99a900fccc50ad4e3dd1c14e970d6e63b350c85e466621370c&amp;smart=true&amp;width=350&amp;height=197&amp;quality=85\" media=\"(min-width: 80px)\"\/><img alt=\"Nacho Fern\u00e1ndez regresa a Gimnasia\" class=\"global-image\" decoding=\"async\" fetchpriority=\"high\" height=\"1080\" loading=\"eager\" src=\"https:\/\/www.infobae.com\/resizer\/v2\/ZQ3PM74JSFAPXEMCH675VRL2XU.jpg?auth=0d5008bd1831ae99a900fccc50ad4e3dd1c14e970d6e63b350c85e466621370c&amp;smart=true&amp;width=350&amp;height=197&amp;quality=85\" width=\"1920\"\/><\/picture><figcaption class=\"article-figcaption-img\">Nacho Fern\u00e1ndez regresa a Gimnasia tras 10 a\u00f1os (NA)<\/figcaption><\/div>\n<p class=\"paragraph\">Aunque a\u00fan no ha terminado de manera oficial la temporada en el f\u00fatbol argentino, algunos equipos comenzaron a moverse dentro del mercado de pases y uno de los primeros goles tiene a <b>Ignacio <\/b><i><b>Nacho<\/b><\/i><b> Fern\u00e1ndez<\/b> como protagonista. Luego de su salida de River Plate, el volante <b>volver\u00e1 a vestir la camiseta de Gimnasia y Esgrima La Plata <\/b>tras cerrar un acuerdo con la dirigencia del club, que oficializar\u00e1 su regreso el pr\u00f3ximo lunes, seg\u00fan confirm\u00f3 el <i>Diario El D\u00eda <\/i>de La Plata.<\/p>\n<p class=\"paragraph\">El mediocampista volver\u00e1 a vestir la camiseta que us\u00f3 en sus primeros pasos profesionales, a una d\u00e9cada de su \u00faltimo partido con el equipo platense.<b> El mediocampista firmar\u00e1 un contrato por un a\u00f1o con opci\u00f3n de extensi\u00f3n<\/b>, y se sumar\u00e1 desde el inicio de la pretemporada, cuyo arranque qued\u00f3 pautado para el 2 de enero.<\/p>\n<p class=\"paragraph\">A sus 35 a\u00f1os, Nacho Fern\u00e1ndez ven\u00eda de quedar libre de River Plate. La expectativa en Gimnasia creci\u00f3 en los \u00faltimos d\u00edas, tras difundirse videos en redes sociales en los que se evidenciaba el deseo del jugador de regresar, incluso mostrando a su hijo con la camiseta del club. En la jornada del viernes, los directivos mantuvieron una nueva reuni\u00f3n con Dami\u00e1n Facciutto, representante del futbolista, y lograron destrabar los \u00faltimos detalles contractuales. <\/p>\n<div class=\"visual__image\"><picture><source srcset=\"https:\/\/www.infobae.com\/resizer\/v2\/PTDZ7NIHLRDHJK36ZTTHRM7KYQ.jpg?auth=cf32249d85e1120adf2099e7e82745b16c5147b916b5b04a64039070f97f2b09&amp;smart=true&amp;width=992&amp;height=714&amp;quality=85\" media=\"(min-width: 1000px)\"\/><source srcset=\"https:\/\/www.infobae.com\/resizer\/v2\/PTDZ7NIHLRDHJK36ZTTHRM7KYQ.jpg?auth=cf32249d85e1120adf2099e7e82745b16c5147b916b5b04a64039070f97f2b09&amp;smart=true&amp;width=768&amp;height=553&amp;quality=85\" media=\"(min-width: 768px)\"\/><source srcset=\"https:\/\/www.infobae.com\/resizer\/v2\/PTDZ7NIHLRDHJK36ZTTHRM7KYQ.jpg?auth=cf32249d85e1120adf2099e7e82745b16c5147b916b5b04a64039070f97f2b09&amp;smart=true&amp;width=577&amp;height=415&amp;quality=85\" media=\"(min-width: 580px)\"\/><source srcset=\"https:\/\/www.infobae.com\/resizer\/v2\/PTDZ7NIHLRDHJK36ZTTHRM7KYQ.jpg?auth=cf32249d85e1120adf2099e7e82745b16c5147b916b5b04a64039070f97f2b09&amp;smart=true&amp;width=420&amp;height=302&amp;quality=85\" media=\"(min-width: 350px)\"\/><source srcset=\"https:\/\/www.infobae.com\/resizer\/v2\/PTDZ7NIHLRDHJK36ZTTHRM7KYQ.jpg?auth=cf32249d85e1120adf2099e7e82745b16c5147b916b5b04a64039070f97f2b09&amp;smart=true&amp;width=350&amp;height=252&amp;quality=85\" media=\"(min-width: 80px)\"\/><img alt=\"Nacho Fern\u00e1ndez viene de quedar\" class=\"global-image\" decoding=\"async\" fetchpriority=\"low\" height=\"2085\" loading=\"lazy\" src=\"https:\/\/www.infobae.com\/resizer\/v2\/PTDZ7NIHLRDHJK36ZTTHRM7KYQ.jpg?auth=cf32249d85e1120adf2099e7e82745b16c5147b916b5b04a64039070f97f2b09&amp;smart=true&amp;width=350&amp;height=252&amp;quality=85\" width=\"2896\"\/><\/picture><figcaption class=\"article-figcaption-img\">Nacho Fern\u00e1ndez viene de quedar libre de River Plate (REUTERS\/Agustin Marcarian)<\/figcaption><\/div>\n<p class=\"paragraph\">As\u00ed, el volante tendr\u00e1 una nueva etapa con el Lobo, la instituci\u00f3n en la que debut\u00f3 y donde acumul\u00f3 89 partidos, 15 goles y 8 asistencias. Tras su primera experiencia en el club, su salida en 2016 marc\u00f3 el inicio de una extensa trayectoria en River, donde disput\u00f3 m\u00e1s de 300 encuentros, se consolid\u00f3 como referente del mediocampo y conquist\u00f3 t\u00edtulos bajo la conducci\u00f3n de Marcelo Gallardo.<\/p>\n<p class=\"paragraph\">La vuelta de Fern\u00e1ndez era una de las prioridades de la dirigencia de Gimnasia, presidida por Carlos Anacleto, quien ya hab\u00eda manifestado p\u00fablicamente el inter\u00e9s por repatriar al ex River. El deseo se alinea con la estrategia del club para apuntalar el plantel, de cara a la competencia en la Liga Profesional y la Copa Argentina en 2025.<\/p>\n<p class=\"paragraph\">El futbolista actualmente se encuentra fuera del pa\u00eds y su regreso est\u00e1 previsto para el domingo, para firmar el acuerdo y ser presentado oficialmente ante la prensa el lunes a las 10 de la ma\u00f1ana.<\/p>\n<p class=\"paragraph\">La llegada de Nacho Fern\u00e1ndez fue destacada por las voces oficiales del club en las \u00faltimas semanas. El t\u00e9cnico Fernando Zaniratto se refiri\u00f3 a lo que puede aportar el futbolista: \u201cLo que nos puede aportar est\u00e1 claro que es jerarqu\u00eda. Es un jugador con un recorrido muy importante, m\u00e1s all\u00e1 de sus caracter\u00edsticas como jugador, su imagen y lo que podr\u00eda aportar\u201d, opin\u00f3 en di\u00e1logo con el <i>Diario El D\u00eda<\/i>. Por su parte, el director deportivo Germ\u00e1n Brunatti subray\u00f3 a <i>Cielo Sports<\/i>: \u201cSi viene una persona como Nacho no solamente le aporta al equipo o al club, tambi\u00e9n me aporta a m\u00ed y a la estructura. Para m\u00ed es muy valioso, m\u00e1s all\u00e1 de lo que uno pueda esperar que haga en cancha\u201d.<\/p>\n<p class=\"paragraph\">Fern\u00e1ndez usar\u00e1 el dorsal n\u00famero 8, el mismo que port\u00f3 durante su primer ciclo en Gimnasia, y que qued\u00f3 vacante por la salida de Bautista Merlini, quien no renovar\u00e1 su contrato. La coincidencia de n\u00famero y la simbolog\u00eda de su regreso alimentan la expectativa de los hinchas.<\/p>\n<p class=\"paragraph\">En el primer semestre de 2025, Gimnasia y River Plate compartir\u00e1n la Zona B del Torneo Apertura de la Liga Profesional. El calendario prev\u00e9 un reencuentro temprano para Fern\u00e1ndez con su ex club: la segunda fecha se disputar\u00e1 en el estadio Monumental, donde el mediocampista enfrentar\u00e1 al equipo de Marcelo Gallardo y a quienes fueron sus compa\u00f1eros hasta la eliminaci\u00f3n del equipo de N\u00fa\u00f1ez en Torneo Clausura. El debut del Lobo en el campeonato ser\u00e1 como local frente a Racing Club.<\/p>\n<\/div>\n<p><script defer=\"\">try{!function(f,b,e,v,n,t,s) {if(f.fbq)return;n=f.fbq=function(){n.callMethod? n.callMethod.apply(n,arguments):n.queue.push(arguments)}; if(!f._fbq)f._fbq=n;n.push=n;n.loaded=!0;n.version='2.0'; n.queue=[];t=b.createElement(e);t.async=!0; t.src=v;s=b.getElementsByTagName(e)[0]; s.parentNode.insertBefore(t,s)}(window, document,'script', ' fbq('init', '336383993555320'); fbq('track', 'PageView'); fbq('track', 'ViewContent');}catch(error){console.log(\"Error al inicializar facebookPixelRawCodeScript:\",error);}<\/script><\/p>\n","protected":false},"excerpt":{"rendered":"<p>Nacho Fern\u00e1ndez regresa a Gimnasia tras 10 a\u00f1os (NA) Aunque a\u00fan no ha terminado de manera oficial la temporada en el f\u00fatbol argentino, algunos equipos comenzaron a moverse dentro del mercado de pases y uno de los primeros goles tiene a Ignacio Nacho Fern\u00e1ndez como protagonista. Luego de su salida de River Plate, el volante [&hellip;]<\/p>\n","protected":false},"author":2,"featured_media":65511,"comment_status":"","ping_status":"","sticky":false,"template":"","format":"standard","meta":{"footnotes":""},"categories":[2],"tags":[],"_links":{"self":[{"href":"https:\/\/maxradio923.com.ar\/index.php\/wp-json\/wp\/v2\/posts\/65510"}],"collection":[{"href":"https:\/\/maxradio923.com.ar\/index.php\/wp-json\/wp\/v2\/posts"}],"about":[{"href":"https:\/\/maxradio923.com.ar\/index.php\/wp-json\/wp\/v2\/types\/post"}],"author":[{"embeddable":true,"href":"https:\/\/maxradio923.com.ar\/index.php\/wp-json\/wp\/v2\/users\/2"}],"replies":[{"embeddable":true,"href":"https:\/\/maxradio923.com.ar\/index.php\/wp-json\/wp\/v2\/comments?post=65510"}],"version-history":[{"count":0,"href":"https:\/\/maxradio923.com.ar\/index.php\/wp-json\/wp\/v2\/posts\/65510\/revisions"}],"wp:featuredmedia":[{"embeddable":true,"href":"https:\/\/maxradio923.com.ar\/index.php\/wp-json\/wp\/v2\/media\/65511"}],"wp:attachment":[{"href":"https:\/\/maxradio923.com.ar\/index.php\/wp-json\/wp\/v2\/media?parent=65510"}],"wp:term":[{"taxonomy":"category","embeddable":true,"href":"https:\/\/maxradio923.com.ar\/index.php\/wp-json\/wp\/v2\/categories?post=65510"},{"taxonomy":"post_tag","embeddable":true,"href":"https:\/\/maxradio923.com.ar\/index.php\/wp-json\/wp\/v2\/tags?post=65510"}],"curies":[{"name":"wp","href":"https:\/\/api.w.org\/{rel}","templated":true}]}}