{"id":65508,"date":"2025-12-20T13:47:02","date_gmt":"2025-12-20T16:47:02","guid":{"rendered":"https:\/\/maxradio923.com.ar\/index.php\/2025\/12\/20\/christian-petersen-el-album-de-las-vacaciones-junto-a-su-esposa-apenas-dias-antes-de-la-internacion\/"},"modified":"2025-12-20T13:47:02","modified_gmt":"2025-12-20T16:47:02","slug":"christian-petersen-el-album-de-las-vacaciones-junto-a-su-esposa-apenas-dias-antes-de-la-internacion","status":"publish","type":"post","link":"https:\/\/maxradio923.com.ar\/index.php\/2025\/12\/20\/christian-petersen-el-album-de-las-vacaciones-junto-a-su-esposa-apenas-dias-antes-de-la-internacion\/","title":{"rendered":"Christian Petersen: el \u00e1lbum de las vacaciones junto a su esposa apenas d\u00edas antes de la internaci\u00f3n"},"content":{"rendered":"<p><\/p>\n<h2 class=\"article-subheadline text_align_left\">El chef y Sof\u00eda Zelaschi viajaron a Celso Ramos, en Santa Catarina, al sur de Brasil, donde disfrutaron de la playa, el relax y la gastronom\u00eda local antes de viajar a la Patagonia, donde el cocinero se descompens\u00f3 y permanece terapia intensiva con una falla multiorg\u00e1nica<\/h2>\n<p><\/p>\n<p class=\"paragraph\">Las im\u00e1genes m\u00e1s recientes de <b>Christian Petersen<\/b>, reconocido cocinero y conductor televisivo, lo muestran disfrutando de unas <b>vacaciones en Brasil<\/b> junto a su esposa <b>Sof\u00eda Zelaschi<\/b> en el estado de <b>Santa Catarina<\/b>. Apenas d\u00edas despu\u00e9s de ese viaje, Petersen sufri\u00f3 una <b>descompensaci\u00f3n<\/b> mientras ascend\u00eda el <b>volc\u00e1n Lan\u00edn<\/b> en la Patagonia argentina, episodio que lo mantiene internado en terapia intensiva. El contraste entre la serenidad de sus d\u00edas en Brasil y la gravedad de su estado actual ha generado conmoci\u00f3n en la comunidad gastron\u00f3mica y entre sus seguidores.<\/p>\n<p><\/p>\n<p class=\"paragraph\">Las fotograf\u00edas compartidas por la pareja retratan momentos de relax y complicidad. En una de ellas, Petersen y Zelaschi caminan por una pasarela de madera rodeada de vegetaci\u00f3n frondosa, con libros bajo el brazo y sonrisas relajadas. Otra imagen muestra al cocinero en la playa, junto a una canoa de madera clara con estabilizadores rojos, bajo un cielo nublado y frente a un mar en calma. Tambi\u00e9n se los ve compartiendo un partido de tenis en una cancha de arcilla, rodeados de vegetaci\u00f3n, donde ambos lucen atuendos deportivos y se estrechan la mano con gestos de alegr\u00eda.<\/p>\n<p><\/p>\n<p class=\"paragraph\">El viaje a Brasil tuvo un significado especial para la pareja. Petersen y Zelaschi, exparticipante de <b>El gran premio de la cocina<\/b>, celebraron su matrimonio el 18 de abril de 2025 en una ceremonia privada en <b>San Isidro<\/b>, tras cinco a\u00f1os de relaci\u00f3n. Las vacaciones en Santa Catarina se convirtieron en una oportunidad para fortalecer su v\u00ednculo, compartir actividades deportivas y culturales, y disfrutar de la gastronom\u00eda local. Las im\u00e1genes y mensajes publicados reflejan la armon\u00eda y felicidad que vivieron durante esos d\u00edas.<\/p>\n<p><\/p>\n<p class=\"paragraph\">Antes de regresar a Argentina, la pareja hizo una escala en <b>San Pablo<\/b>, donde visitaron la exposici\u00f3n \u201cPonto sem retorno\u201d de la artista pl\u00e1stica <b>Clarissa Tossin<\/b> en el <b>Museo de Arte de San Pablo Assis Chateaubriand<\/b>. Esta experiencia cultural sum\u00f3 un matiz especial al viaje, permiti\u00e9ndoles conectar con el arte contempor\u00e1neo brasile\u00f1o y cerrar su recorrido por el pa\u00eds con una actividad distinta.<\/p>\n<p><\/p>\n<p class=\"paragraph\">De vuelta en Argentina, Petersen se prepar\u00f3 para una traves\u00eda de trekking en la <b>Patagonia<\/b>. El cocinero, conocido por su esp\u00edritu activo y su pasi\u00f3n por la naturaleza, emprendi\u00f3 el ascenso al volc\u00e1n Lan\u00edn acompa\u00f1ado por un grupo de excursionistas. Durante la subida, sufri\u00f3 una descompensaci\u00f3n que oblig\u00f3 a activar un operativo de rescate coordinado por el gu\u00eda de la excursi\u00f3n y el guardaparque de la zona. Petersen fue descendido de la monta\u00f1a y trasladado en ambulancia al hospital de <b>Jun\u00edn de los Andes<\/b>, para luego ser derivado al <b>Hospital Dr. Ram\u00f3n Carrillo<\/b> en <b>San Mart\u00edn de los Andes<\/b>, donde permanece bajo cuidados intensivos. Seg\u00fan el parte m\u00e9dico, ingres\u00f3 a la Unidad de Terapia Intensiva con un cuadro de <b>falla multiorg\u00e1nica<\/b>.<\/p>\n<p><\/p>\n<p class=\"paragraph\">La noticia del delicado estado de salud de Petersen gener\u00f3 una ola de preocupaci\u00f3n en la comunidad gastron\u00f3mica y entre sus allegados. Mensajes de apoyo y muestras de afecto se multiplicaron en redes sociales, mientras su entorno permanece atento a la evoluci\u00f3n de su cuadro cl\u00ednico.<\/p>\n","protected":false},"excerpt":{"rendered":"<p>El chef y Sof\u00eda Zelaschi viajaron a Celso Ramos, en Santa Catarina, al sur de Brasil, donde disfrutaron de la playa, el relax y la gastronom\u00eda local antes de viajar a la Patagonia, donde el cocinero se descompens\u00f3 y permanece terapia intensiva con una falla multiorg\u00e1nica Las im\u00e1genes m\u00e1s recientes de Christian Petersen, reconocido cocinero [&hellip;]<\/p>\n","protected":false},"author":2,"featured_media":65509,"comment_status":"","ping_status":"","sticky":false,"template":"","format":"standard","meta":{"footnotes":""},"categories":[12],"tags":[],"_links":{"self":[{"href":"https:\/\/maxradio923.com.ar\/index.php\/wp-json\/wp\/v2\/posts\/65508"}],"collection":[{"href":"https:\/\/maxradio923.com.ar\/index.php\/wp-json\/wp\/v2\/posts"}],"about":[{"href":"https:\/\/maxradio923.com.ar\/index.php\/wp-json\/wp\/v2\/types\/post"}],"author":[{"embeddable":true,"href":"https:\/\/maxradio923.com.ar\/index.php\/wp-json\/wp\/v2\/users\/2"}],"replies":[{"embeddable":true,"href":"https:\/\/maxradio923.com.ar\/index.php\/wp-json\/wp\/v2\/comments?post=65508"}],"version-history":[{"count":0,"href":"https:\/\/maxradio923.com.ar\/index.php\/wp-json\/wp\/v2\/posts\/65508\/revisions"}],"wp:featuredmedia":[{"embeddable":true,"href":"https:\/\/maxradio923.com.ar\/index.php\/wp-json\/wp\/v2\/media\/65509"}],"wp:attachment":[{"href":"https:\/\/maxradio923.com.ar\/index.php\/wp-json\/wp\/v2\/media?parent=65508"}],"wp:term":[{"taxonomy":"category","embeddable":true,"href":"https:\/\/maxradio923.com.ar\/index.php\/wp-json\/wp\/v2\/categories?post=65508"},{"taxonomy":"post_tag","embeddable":true,"href":"https:\/\/maxradio923.com.ar\/index.php\/wp-json\/wp\/v2\/tags?post=65508"}],"curies":[{"name":"wp","href":"https:\/\/api.w.org\/{rel}","templated":true}]}}