{"id":65504,"date":"2025-12-20T13:15:06","date_gmt":"2025-12-20T16:15:06","guid":{"rendered":"https:\/\/maxradio923.com.ar\/index.php\/2025\/12\/20\/el-sentido-mensaje-de-dolli-irigoyen-y-ximena-saenz-para-christian-petersen-estamos-pensando-en-vos\/"},"modified":"2025-12-20T13:15:06","modified_gmt":"2025-12-20T16:15:06","slug":"el-sentido-mensaje-de-dolli-irigoyen-y-ximena-saenz-para-christian-petersen-estamos-pensando-en-vos","status":"publish","type":"post","link":"https:\/\/maxradio923.com.ar\/index.php\/2025\/12\/20\/el-sentido-mensaje-de-dolli-irigoyen-y-ximena-saenz-para-christian-petersen-estamos-pensando-en-vos\/","title":{"rendered":"El sentido mensaje de Dolli Irigoyen y Ximena S\u00e1enz para Christian Petersen: \u201cEstamos pensando en vos\u201d"},"content":{"rendered":"<p><\/p>\n<h2 class=\"article-subheadline text_align_left\">Mientras el cocinero pelea por su vida en San Mart\u00edn de los Andes, sus colegas le expresaron su respaldo, entre la nostalgia y el apoyo<\/h2>\n<p><\/p>\n<p class=\"paragraph\">El viernes 12 de diciembre, <b>Christian Petersen<\/b> se descompens\u00f3 mientras realizaba una excursi\u00f3n al volc\u00e1n Lan\u00edn y <b>desde entonces se encuentra internado en San Mart\u00edn de los Andes<\/b> con un cuadro delicado. La noticia reci\u00e9n se conoci\u00f3 seis d\u00edas despu\u00e9s, cuando el hospital emiti\u00f3 un parte m\u00e9dico informando que el reconocido cocinero hab\u00eda sufrido una falla multiorg\u00e1nica. <\/p>\n<p><\/p>\n<p class=\"paragraph\">La historia fue replicada por sus colegas, dejando en claro que el sentir es colectivo. Y hay un dato que no es menor. La cita al certamen que se emiti\u00f3 en El Trece tiene una carga representativa, ya que all\u00ed se produjo el flechazo con Sof\u00eda, entonces participante, luego pareja y actualmente esposa y sost\u00e9n.<\/p>\n<p><\/p>\n<p class=\"paragraph\">Petersen se descompens\u00f3 el viernes 12 de diciembre, mientras participaba en una expedici\u00f3n al volc\u00e1n Lan\u00edn. El gu\u00eda que lo acompa\u00f1aba detect\u00f3 signos de malestar y solicit\u00f3 ayuda al <b>guardaparque<\/b> local, quien organiz\u00f3 la evacuaci\u00f3n. Petersen fue trasladado primero al hospital de <b>Jun\u00edn de los Andes<\/b>, donde los m\u00e9dicos diagnosticaron un cuadro de fibrilaci\u00f3n auricular, una arritmia card\u00edaca peligrosa, y un brote. Una vez estabilizado, los profesionales decidieron su derivaci\u00f3n al <b>Hospital Ram\u00f3n Carrillo<\/b>, donde ingres\u00f3 en terapia intensiva, ya afectado por una disfunci\u00f3n en varios \u00f3rganos.<\/p>\n<p><\/p>\n<p class=\"paragraph\">El equipo m\u00e9dico difundi\u00f3 un \u00fanico parte oficial, en el que indic\u00f3: <b>\u201cEl paciente ingres\u00f3 a la Unidad de Terapia Intensiva del Hospital Ram\u00f3n Carrillo derivado desde el Hospital de Jun\u00edn de los Andes. Su estado actual es reservado, encontr\u00e1ndose con un cuadro de falla multiorg\u00e1nica que requiere atenci\u00f3n m\u00e9dica especializada continua\u201d<\/b>. Se solicit\u00f3 expresamente a la prensa y al p\u00fablico general respetar la privacidad de Petersen y su familia, y consultar \u00fanicamente las fuentes institucionales del centro de salud para conocer novedades.<\/p>\n<p><\/p>\n<p class=\"paragraph\">El concepto de <b>falla multiorg\u00e1nica<\/b> o s\u00edndrome de disfunci\u00f3n multiorg\u00e1nica (SDMO), seg\u00fan exponen organismos m\u00e9dicos internacionales, ocurre ante el colapso simult\u00e1neo de dos o m\u00e1s \u00f3rganos vitales, lo que obliga a internaci\u00f3n en unidades de cuidados cr\u00edticos. Las causas pueden incluir infecciones graves como la sepsis, traumatismos importantes o afecciones card\u00edacas agudas. El abordaje exige tratamiento especializado y un seguimiento estricto del estado cl\u00ednico, ya que el pron\u00f3stico depende de la respuesta a las terapias y del control de la enfermedad de base.<\/p>\n<p><\/p>\n<p class=\"paragraph\">Hasta el momento del incidente, <b>Christian Petersen<\/b> era reconocido tanto por su labor en la televisi\u00f3n y la gastronom\u00eda bonaerense como por su trabajo en proyectos recientes, entre ellos una concesi\u00f3n en un club de tenis y nuevos ciclos en la se\u00f1al <b>elGourmet<\/b>. Desde all\u00ed, enviaron p\u00fablicamente mensajes de apoyo a la espera de mejores noticias sobre su evoluci\u00f3n cl\u00ednica.<\/p>\n","protected":false},"excerpt":{"rendered":"<p>Mientras el cocinero pelea por su vida en San Mart\u00edn de los Andes, sus colegas le expresaron su respaldo, entre la nostalgia y el apoyo El viernes 12 de diciembre, Christian Petersen se descompens\u00f3 mientras realizaba una excursi\u00f3n al volc\u00e1n Lan\u00edn y desde entonces se encuentra internado en San Mart\u00edn de los Andes con un [&hellip;]<\/p>\n","protected":false},"author":2,"featured_media":65505,"comment_status":"","ping_status":"","sticky":false,"template":"","format":"standard","meta":{"footnotes":""},"categories":[12],"tags":[],"_links":{"self":[{"href":"https:\/\/maxradio923.com.ar\/index.php\/wp-json\/wp\/v2\/posts\/65504"}],"collection":[{"href":"https:\/\/maxradio923.com.ar\/index.php\/wp-json\/wp\/v2\/posts"}],"about":[{"href":"https:\/\/maxradio923.com.ar\/index.php\/wp-json\/wp\/v2\/types\/post"}],"author":[{"embeddable":true,"href":"https:\/\/maxradio923.com.ar\/index.php\/wp-json\/wp\/v2\/users\/2"}],"replies":[{"embeddable":true,"href":"https:\/\/maxradio923.com.ar\/index.php\/wp-json\/wp\/v2\/comments?post=65504"}],"version-history":[{"count":0,"href":"https:\/\/maxradio923.com.ar\/index.php\/wp-json\/wp\/v2\/posts\/65504\/revisions"}],"wp:featuredmedia":[{"embeddable":true,"href":"https:\/\/maxradio923.com.ar\/index.php\/wp-json\/wp\/v2\/media\/65505"}],"wp:attachment":[{"href":"https:\/\/maxradio923.com.ar\/index.php\/wp-json\/wp\/v2\/media?parent=65504"}],"wp:term":[{"taxonomy":"category","embeddable":true,"href":"https:\/\/maxradio923.com.ar\/index.php\/wp-json\/wp\/v2\/categories?post=65504"},{"taxonomy":"post_tag","embeddable":true,"href":"https:\/\/maxradio923.com.ar\/index.php\/wp-json\/wp\/v2\/tags?post=65504"}],"curies":[{"name":"wp","href":"https:\/\/api.w.org\/{rel}","templated":true}]}}