{"id":65502,"date":"2025-12-20T12:59:02","date_gmt":"2025-12-20T15:59:02","guid":{"rendered":"https:\/\/maxradio923.com.ar\/index.php\/2025\/12\/20\/quien-es-marcelo-porcel-el-empresario-investigado-por-abusar-a-los-companeros-de-su-hijo-del-colegio-palermo-chico\/"},"modified":"2025-12-20T12:59:02","modified_gmt":"2025-12-20T15:59:02","slug":"quien-es-marcelo-porcel-el-empresario-investigado-por-abusar-a-los-companeros-de-su-hijo-del-colegio-palermo-chico","status":"publish","type":"post","link":"https:\/\/maxradio923.com.ar\/index.php\/2025\/12\/20\/quien-es-marcelo-porcel-el-empresario-investigado-por-abusar-a-los-companeros-de-su-hijo-del-colegio-palermo-chico\/","title":{"rendered":"Qui\u00e9n es Marcelo Porcel, el empresario investigado por abusar a los compa\u00f1eros de su hijo del colegio Palermo Chico"},"content":{"rendered":"<p><\/p>\n<h2 class=\"article-subheadline text_align_left\">El acusado est\u00e1 vinculado hace 20 a\u00f1os al mundo de la ganader\u00eda y agricultura y es el hijo del fundador de Argencard. Adem\u00e1s, lider\u00f3 proyectos comerciales en Recoleta y Nordelta. El abogado de las familias denunciantes pidi\u00f3 su detenci\u00f3n<\/h2>\n<p><\/p>\n<p class=\"paragraph\"><b>Marcelo Porcel<\/b> es un reconocido empresario en el<b> \u00e1mbito inmobiliario y agropecuario <\/b>que est\u00e1 siendo investigado por la Justicia en una causa de extrema gravedad: <b>abuso a menores<\/b><b>.<\/b> Las v\u00edctimas ser\u00edan presuntamente los compa\u00f1eros de clase de su propio hijo, todos alumnos del <b>Colegio Palermo Chico, <\/b>cuyas familias presentaron al menos 10 denuncias en las que se describen reuniones en sus casas y en su oficina en las que incitaba a los adolescentes a <b>beber alcohol y a hacer apuestas on line<\/b>.<\/p>\n<p><\/p>\n<p class=\"paragraph\"><b>Marcelo Porcel<\/b> es hijo de <b>N\u00e9stor Porcel<\/b>, uno de los fundadores de <b>Argencard<\/b>, un prototipo de tarjeta de cr\u00e9dito creada por un grupo de comerciantes del barrio de Liniers a mediados de los a\u00f1os 60: un sistema de bonos de papel, abrochados en chequeras, que permit\u00eda comprar en comercios adheridos y pagar en cuotas mensuales.<\/p>\n<p><\/p>\n<p class=\"paragraph\">Antes de la llegada de <b>VISA<\/b> y <b>MasterCard<\/b> al pa\u00eds, la firma se hab\u00eda posicionado como l\u00edder en el mercado argentino de medios de pago. En 1994, los socios italianos decidieron vender su participaci\u00f3n y los bancos del sistema <b>Visa<\/b>, los m\u00e1s importantes del pa\u00eds, aguardaron la aceptaci\u00f3n de su oferta por parte de la <b>Banca Nazionale del Lavoro<\/b>. En 1995, Argencard vendi\u00f3 el 56% de sus acciones al <b>Exxel Group,<\/b> por unos<b> 80 millones de d\u00f3lares<\/b>. Y poco m\u00e1s de una d\u00e9cada despu\u00e9s, en 2006, el grupo empresario obtuvo <b>240 millones de d\u00f3lares <\/b>al venderle su parte a First International Data.<\/p>\n<p><\/p>\n<p class=\"paragraph\">El linaje crediticio de la familia Porcel tambi\u00e9n tuvo su veta comercial en manos de uno de los hijos de N\u00e9stor, Marcelo, el empresario que manej\u00f3 la renovaci\u00f3n del antiguo <b>Buenos Aires Design<\/b>, reconstituido como <b>OH! Buenos Aires<\/b>, aun sin fecha de apertura prevista.<\/p>\n<p><\/p>\n<p class=\"paragraph\">A partir de 2023, los encargados de la obra realizaron un relevamiento en colaboraci\u00f3n con la <b>Fundaci\u00f3n Clorindo Testa<\/b>, el m\u00edtico arquitecto que fue el proyectista de esta obra inaugurada dos d\u00e9cadas atr\u00e1s de los comienzos de la reforma arquitect\u00f3nica. <b>Solo qued\u00f3 la fachada y elementos hist\u00f3ricos como la chimenea y balaustradas del edificio.<\/b> <\/p>\n<p><\/p>\n<p class=\"paragraph\">All\u00ed, Porcel hijo -recibido en 2007 en La Universidad de Belgrano bajo la carrera de Project Management- estuvo<b> al frente del desarrollo inmobiliario con la concesi\u00f3n de los 150 locales, <\/b>espacios al aire libre, circuito gastron\u00f3mico y una <b>inversi\u00f3n que rond\u00f3 los 4 mil millones de pesos para su remodelaci\u00f3n<\/b>, seg\u00fan consign\u00f3 la revista Forbes. <\/p>\n","protected":false},"excerpt":{"rendered":"<p>El acusado est\u00e1 vinculado hace 20 a\u00f1os al mundo de la ganader\u00eda y agricultura y es el hijo del fundador de Argencard. Adem\u00e1s, lider\u00f3 proyectos comerciales en Recoleta y Nordelta. El abogado de las familias denunciantes pidi\u00f3 su detenci\u00f3n Marcelo Porcel es un reconocido empresario en el \u00e1mbito inmobiliario y agropecuario que est\u00e1 siendo investigado [&hellip;]<\/p>\n","protected":false},"author":2,"featured_media":65503,"comment_status":"","ping_status":"","sticky":false,"template":"","format":"standard","meta":{"footnotes":""},"categories":[12],"tags":[],"_links":{"self":[{"href":"https:\/\/maxradio923.com.ar\/index.php\/wp-json\/wp\/v2\/posts\/65502"}],"collection":[{"href":"https:\/\/maxradio923.com.ar\/index.php\/wp-json\/wp\/v2\/posts"}],"about":[{"href":"https:\/\/maxradio923.com.ar\/index.php\/wp-json\/wp\/v2\/types\/post"}],"author":[{"embeddable":true,"href":"https:\/\/maxradio923.com.ar\/index.php\/wp-json\/wp\/v2\/users\/2"}],"replies":[{"embeddable":true,"href":"https:\/\/maxradio923.com.ar\/index.php\/wp-json\/wp\/v2\/comments?post=65502"}],"version-history":[{"count":0,"href":"https:\/\/maxradio923.com.ar\/index.php\/wp-json\/wp\/v2\/posts\/65502\/revisions"}],"wp:featuredmedia":[{"embeddable":true,"href":"https:\/\/maxradio923.com.ar\/index.php\/wp-json\/wp\/v2\/media\/65503"}],"wp:attachment":[{"href":"https:\/\/maxradio923.com.ar\/index.php\/wp-json\/wp\/v2\/media?parent=65502"}],"wp:term":[{"taxonomy":"category","embeddable":true,"href":"https:\/\/maxradio923.com.ar\/index.php\/wp-json\/wp\/v2\/categories?post=65502"},{"taxonomy":"post_tag","embeddable":true,"href":"https:\/\/maxradio923.com.ar\/index.php\/wp-json\/wp\/v2\/tags?post=65502"}],"curies":[{"name":"wp","href":"https:\/\/api.w.org\/{rel}","templated":true}]}}