{"id":65500,"date":"2025-12-20T12:45:03","date_gmt":"2025-12-20T15:45:03","guid":{"rendered":"https:\/\/maxradio923.com.ar\/index.php\/2025\/12\/20\/dos-promesas-del-tenis-argentinos-fueron-reconocidas-por-sus-records-en-2025\/"},"modified":"2025-12-20T12:45:03","modified_gmt":"2025-12-20T15:45:03","slug":"dos-promesas-del-tenis-argentinos-fueron-reconocidas-por-sus-records-en-2025","status":"publish","type":"post","link":"https:\/\/maxradio923.com.ar\/index.php\/2025\/12\/20\/dos-promesas-del-tenis-argentinos-fueron-reconocidas-por-sus-records-en-2025\/","title":{"rendered":"Dos promesas del tenis argentinos fueron reconocidas por sus r\u00e9cords en 2025"},"content":{"rendered":"<p><\/p>\n<div xmlns:default=\"http:\/\/www.w3.org\/2000\/svg\">\n<div class=\"visual__image image-initial-width\"><picture><source srcset=\"https:\/\/www.infobae.com\/resizer\/v2\/GGHFL6VDKRBDVP2AFI5W4NGSJY.jpg?auth=69aa5a50eda7b6a5697495df845fd67fb7b1229d58e4b580c363669270a49c62&amp;smart=true&amp;width=992&amp;height=558&amp;quality=85\" media=\"(min-width: 1000px)\"\/><source srcset=\"https:\/\/www.infobae.com\/resizer\/v2\/GGHFL6VDKRBDVP2AFI5W4NGSJY.jpg?auth=69aa5a50eda7b6a5697495df845fd67fb7b1229d58e4b580c363669270a49c62&amp;smart=true&amp;width=768&amp;height=432&amp;quality=85\" media=\"(min-width: 768px)\"\/><source srcset=\"https:\/\/www.infobae.com\/resizer\/v2\/GGHFL6VDKRBDVP2AFI5W4NGSJY.jpg?auth=69aa5a50eda7b6a5697495df845fd67fb7b1229d58e4b580c363669270a49c62&amp;smart=true&amp;width=577&amp;height=325&amp;quality=85\" media=\"(min-width: 580px)\"\/><source srcset=\"https:\/\/www.infobae.com\/resizer\/v2\/GGHFL6VDKRBDVP2AFI5W4NGSJY.jpg?auth=69aa5a50eda7b6a5697495df845fd67fb7b1229d58e4b580c363669270a49c62&amp;smart=true&amp;width=420&amp;height=236&amp;quality=85\" media=\"(min-width: 350px)\"\/><source srcset=\"https:\/\/www.infobae.com\/resizer\/v2\/GGHFL6VDKRBDVP2AFI5W4NGSJY.jpg?auth=69aa5a50eda7b6a5697495df845fd67fb7b1229d58e4b580c363669270a49c62&amp;smart=true&amp;width=350&amp;height=197&amp;quality=85\" media=\"(min-width: 80px)\"\/><img alt=\"Con Luisina Giovannini (19 a\u00f1os)\" class=\"global-image\" decoding=\"async\" fetchpriority=\"high\" height=\"1080\" loading=\"eager\" src=\"https:\/\/www.infobae.com\/resizer\/v2\/GGHFL6VDKRBDVP2AFI5W4NGSJY.jpg?auth=69aa5a50eda7b6a5697495df845fd67fb7b1229d58e4b580c363669270a49c62&amp;smart=true&amp;width=350&amp;height=197&amp;quality=85\" width=\"1920\"\/><\/picture><figcaption class=\"article-figcaption-img\">Con Luisina Giovannini (19 a\u00f1os) y Dante Pagani (17), el tenis argentino se permite so\u00f1ar con grandes logros en la \u00e9lite<\/figcaption><\/div>\n<p class=\"paragraph\">La <b>temporada 2025<\/b> dej\u00f3 se\u00f1ales alentadoras para el futuro del <b>tenis argentino<\/b>: dos de sus j\u00f3venes talentos fueron distinguidos por la <b>Federaci\u00f3n Internacional de Tenis (ITF)<\/b> por sus marcas durante el a\u00f1o. <b>Luisina Giovannini<\/b> y<b> Dante Pagani <\/b>ratificaron con resultados el potencial que ambos prometen desde juveniles.<\/p>\n<p class=\"paragraph\"><b>Giovannini, de 19 a\u00f1os<\/b>, recibi\u00f3 un doble reconocimiento por haber sido la tenista iberoamericana con mayor cantidad de t\u00edtulos en el ITF World Tour (<b>cinco<\/b>, al igual que la espa\u00f1ola <b>Eva Guerrero \u00c1lvarez<\/b>, de 26 a\u00f1os) y el mejor porcentaje de victorias de la regi\u00f3n: <b>81,25%<\/b>, producto de un registro de <b>39 triunfos y apenas nueve derrotas<\/b>.<\/p>\n<p class=\"paragraph\">Su temporada tuvo un cierre so\u00f1ado. La cordobesa se enter\u00f3, la semana pasada, de <i>su ingreso a la clasificaci\u00f3n del <\/i><i><b>Australian Open 2026<\/b><\/i>. Ser\u00e1 su debut en un Grand Slam. \u201cEstoy s\u00faper contenta. Cuando uno es chico y empieza a jugar, ve esos torneos en la tele. Y hoy, saber que tengo la posibilidad de ir <b>es un sue\u00f1o cumplido\u201d<\/b>, cont\u00f3 en di\u00e1logo con <b>Infobae<\/b>.<\/p>\n<p class=\"paragraph\">El anuncio lleg\u00f3 d\u00edas despu\u00e9s de alcanzar la final m\u00e1s importante de su carrera: el <b>WTA 125 de Quito.<\/b> Ese resultado, adem\u00e1s de los 125 puntos, le abri\u00f3 la puerta al salto que necesitaba para asegurarse un lugar en la <i>qualy <\/i>de <b>Melbourne<\/b>.<\/p>\n<p class=\"paragraph\">Oriunda de <b>Coronel Moldes<\/b>, un pueblo cordob\u00e9s de poco m\u00e1s de 11 mil habitantes, Giovannini naci\u00f3 el 8 de noviembre de 2006 en una familia muy ligada al deporte. Su padre,<b> Edgardo<\/b>, fue campe\u00f3n mundial de ciclismo; su madre, <b>Stella<\/b>, comparte la misma pasi\u00f3n; y su hermano, <b>Jos\u00e9 Mar\u00eda<\/b>, jug\u00f3 al f\u00fatbol en <b>Talleres y Lan\u00fas<\/b>.<\/p>\n<div class=\"visual__image\"><picture><source srcset=\"https:\/\/www.infobae.com\/resizer\/v2\/6B3NPFYNUNBZHMJAK7TLNY5YYA.jpg?auth=a3fe1b272c5ca8e6d5f047fa599a6abb827c8e2d4a15a62bdfa53bdc87501bcd&amp;smart=true&amp;width=992&amp;height=558&amp;quality=85\" media=\"(min-width: 1000px)\"\/><source srcset=\"https:\/\/www.infobae.com\/resizer\/v2\/6B3NPFYNUNBZHMJAK7TLNY5YYA.jpg?auth=a3fe1b272c5ca8e6d5f047fa599a6abb827c8e2d4a15a62bdfa53bdc87501bcd&amp;smart=true&amp;width=768&amp;height=432&amp;quality=85\" media=\"(min-width: 768px)\"\/><source srcset=\"https:\/\/www.infobae.com\/resizer\/v2\/6B3NPFYNUNBZHMJAK7TLNY5YYA.jpg?auth=a3fe1b272c5ca8e6d5f047fa599a6abb827c8e2d4a15a62bdfa53bdc87501bcd&amp;smart=true&amp;width=577&amp;height=325&amp;quality=85\" media=\"(min-width: 580px)\"\/><source srcset=\"https:\/\/www.infobae.com\/resizer\/v2\/6B3NPFYNUNBZHMJAK7TLNY5YYA.jpg?auth=a3fe1b272c5ca8e6d5f047fa599a6abb827c8e2d4a15a62bdfa53bdc87501bcd&amp;smart=true&amp;width=420&amp;height=236&amp;quality=85\" media=\"(min-width: 350px)\"\/><source srcset=\"https:\/\/www.infobae.com\/resizer\/v2\/6B3NPFYNUNBZHMJAK7TLNY5YYA.jpg?auth=a3fe1b272c5ca8e6d5f047fa599a6abb827c8e2d4a15a62bdfa53bdc87501bcd&amp;smart=true&amp;width=350&amp;height=197&amp;quality=85\" media=\"(min-width: 80px)\"\/><img alt=\"La semana pasada, Giovannini jug\u00f3\" class=\"global-image\" decoding=\"async\" fetchpriority=\"low\" height=\"1080\" loading=\"lazy\" src=\"https:\/\/www.infobae.com\/resizer\/v2\/6B3NPFYNUNBZHMJAK7TLNY5YYA.jpg?auth=a3fe1b272c5ca8e6d5f047fa599a6abb827c8e2d4a15a62bdfa53bdc87501bcd&amp;smart=true&amp;width=350&amp;height=197&amp;quality=85\" width=\"1920\"\/><\/picture><figcaption class=\"article-figcaption-img\">La semana pasada, Giovannini jug\u00f3 Las Finales del Interclubes de la AAT y fue campeona con Ferro (Fuente: Prensa AAT)<\/figcaption><\/div>\n<p class=\"paragraph\"><i>Lul\u00fa <\/i>mostr\u00f3 condiciones excepcionales desde sus primeros torneos y, en su transici\u00f3n al profesionalismo, construy\u00f3 una temporada que refleja su temple competitivo. Comenz\u00f3 el a\u00f1o cerca del puesto 500 y lo cerr\u00f3 en el<b> 226\u00b0 del ranking mundial<\/b>. <\/p>\n<p class=\"paragraph\">En el camino, levant\u00f3 los trofeos del <b>W35 de Buenos Aires, W15 de Antalya, W35 de Boca Rat\u00f3n, W35 de Pergamino y W35 de Chacabuco. <\/b>Adem\u00e1s, fue finalista en<b> Punta Cana<\/b> y en <b>Quito<\/b>, y ya sum\u00f3 experiencia con la selecci\u00f3n argentina en la<b> Billie Jean King Cup<\/b>.<\/p>\n<p class=\"paragraph\"><b>Dante Pagani <\/b>tambi\u00e9n recibi\u00f3 un reconocimiento por parte de la ITF: fue el tenista m\u00e1s joven en ganar un partido del circuito en 2025, con apenas 17 a\u00f1os y 115 d\u00edas. El santafesino coron\u00f3 el a\u00f1o levantando <i>su primer t\u00edtulo profesional en el <\/i><i><b>M15 de Olavarr\u00eda<\/b><\/i>, en su s\u00e9ptimo certamen en la categor\u00eda.<\/p>\n<p class=\"paragraph\">\u201cJugar en casa es muy c\u00f3modo: no ten\u00e9s que viajar tanto y encima tu familia y amigos te pueden venir a ver. Ojal\u00e1 sigan haciendo m\u00e1s torneos porque es muy bueno para los argentinos\u201d, se\u00f1al\u00f3 Pagani, beneficiado por un calendario que en 2025 incluy\u00f3 <b>diez torneos ITF masculinos en el pa\u00eds<\/b>.<\/p>\n<div class=\"visual__image\"><picture><source srcset=\"https:\/\/www.infobae.com\/resizer\/v2\/7TNYHQA6C5B2RN24PE35DDHYQA.jpeg?auth=4174fa658e79849fedf19ab99697c8e370b54c1904cbdab1aa113a74379d7a62&amp;smart=true&amp;width=992&amp;height=557&amp;quality=85\" media=\"(min-width: 1000px)\"\/><source srcset=\"https:\/\/www.infobae.com\/resizer\/v2\/7TNYHQA6C5B2RN24PE35DDHYQA.jpeg?auth=4174fa658e79849fedf19ab99697c8e370b54c1904cbdab1aa113a74379d7a62&amp;smart=true&amp;width=768&amp;height=432&amp;quality=85\" media=\"(min-width: 768px)\"\/><source srcset=\"https:\/\/www.infobae.com\/resizer\/v2\/7TNYHQA6C5B2RN24PE35DDHYQA.jpeg?auth=4174fa658e79849fedf19ab99697c8e370b54c1904cbdab1aa113a74379d7a62&amp;smart=true&amp;width=577&amp;height=324&amp;quality=85\" media=\"(min-width: 580px)\"\/><source srcset=\"https:\/\/www.infobae.com\/resizer\/v2\/7TNYHQA6C5B2RN24PE35DDHYQA.jpeg?auth=4174fa658e79849fedf19ab99697c8e370b54c1904cbdab1aa113a74379d7a62&amp;smart=true&amp;width=420&amp;height=236&amp;quality=85\" media=\"(min-width: 350px)\"\/><source srcset=\"https:\/\/www.infobae.com\/resizer\/v2\/7TNYHQA6C5B2RN24PE35DDHYQA.jpeg?auth=4174fa658e79849fedf19ab99697c8e370b54c1904cbdab1aa113a74379d7a62&amp;smart=true&amp;width=350&amp;height=197&amp;quality=85\" media=\"(min-width: 80px)\"\/><img alt=\"Dante Pagani gan\u00f3 su primer\" class=\"global-image\" decoding=\"async\" fetchpriority=\"low\" height=\"1079\" loading=\"lazy\" src=\"https:\/\/www.infobae.com\/resizer\/v2\/7TNYHQA6C5B2RN24PE35DDHYQA.jpeg?auth=4174fa658e79849fedf19ab99697c8e370b54c1904cbdab1aa113a74379d7a62&amp;smart=true&amp;width=350&amp;height=197&amp;quality=85\" width=\"1920\"\/><\/picture><figcaption class=\"article-figcaption-img\">Dante Pagani gan\u00f3 su primer t\u00edtulo en Olavarr\u00eda (Fuente: Prensa AAT)<\/figcaption><\/div>\n<p class=\"paragraph\">Pagani cerr\u00f3 la temporada en el puesto 931 del ranking ATP. Es el primer sudamericano nacido en 2008 en conquistar un t\u00edtulo profesional y el tercero en el mundo en lograrlo: antes lo hicieron el b\u00falgaro <b>Ivan Ivanov<\/b>, n\u00famero uno junior, en el <b>M15 de Szentendre<\/b>, y el ucraniano <b>Nikita Bilozertsev<\/b> en <b>Kursumlijska Banja<\/b>.<\/p>\n<p class=\"paragraph\">Nacido en <b>San Lorenzo, Santa Fe<\/b>, Pagani a\u00fan no disput\u00f3 cuadros principales del<b> circuito Challenger<\/b>. En 2025 acumul\u00f3 experiencias decisivas: se coron\u00f3 campe\u00f3n en los torneos junior de <b>Medell\u00edn y Salta<\/b>, alcanz\u00f3 la final en los <b>Juegos Panamericanos Junior de Asunci\u00f3n<\/b> y jug\u00f3 los cuadros juveniles de <b>Roland Garros y Wimbledon<\/b>.<\/p>\n<\/div>\n<p><script defer=\"\">try{!function(f,b,e,v,n,t,s) {if(f.fbq)return;n=f.fbq=function(){n.callMethod? n.callMethod.apply(n,arguments):n.queue.push(arguments)}; if(!f._fbq)f._fbq=n;n.push=n;n.loaded=!0;n.version='2.0'; n.queue=[];t=b.createElement(e);t.async=!0; t.src=v;s=b.getElementsByTagName(e)[0]; s.parentNode.insertBefore(t,s)}(window, document,'script', ' fbq('init', '336383993555320'); fbq('track', 'PageView'); fbq('track', 'ViewContent');}catch(error){console.log(\"Error al inicializar facebookPixelRawCodeScript:\",error);}<\/script><\/p>\n","protected":false},"excerpt":{"rendered":"<p>Con Luisina Giovannini (19 a\u00f1os) y Dante Pagani (17), el tenis argentino se permite so\u00f1ar con grandes logros en la \u00e9lite La temporada 2025 dej\u00f3 se\u00f1ales alentadoras para el futuro del tenis argentino: dos de sus j\u00f3venes talentos fueron distinguidos por la Federaci\u00f3n Internacional de Tenis (ITF) por sus marcas durante el a\u00f1o. Luisina Giovannini [&hellip;]<\/p>\n","protected":false},"author":2,"featured_media":65501,"comment_status":"","ping_status":"","sticky":false,"template":"","format":"standard","meta":{"footnotes":""},"categories":[2],"tags":[],"_links":{"self":[{"href":"https:\/\/maxradio923.com.ar\/index.php\/wp-json\/wp\/v2\/posts\/65500"}],"collection":[{"href":"https:\/\/maxradio923.com.ar\/index.php\/wp-json\/wp\/v2\/posts"}],"about":[{"href":"https:\/\/maxradio923.com.ar\/index.php\/wp-json\/wp\/v2\/types\/post"}],"author":[{"embeddable":true,"href":"https:\/\/maxradio923.com.ar\/index.php\/wp-json\/wp\/v2\/users\/2"}],"replies":[{"embeddable":true,"href":"https:\/\/maxradio923.com.ar\/index.php\/wp-json\/wp\/v2\/comments?post=65500"}],"version-history":[{"count":0,"href":"https:\/\/maxradio923.com.ar\/index.php\/wp-json\/wp\/v2\/posts\/65500\/revisions"}],"wp:featuredmedia":[{"embeddable":true,"href":"https:\/\/maxradio923.com.ar\/index.php\/wp-json\/wp\/v2\/media\/65501"}],"wp:attachment":[{"href":"https:\/\/maxradio923.com.ar\/index.php\/wp-json\/wp\/v2\/media?parent=65500"}],"wp:term":[{"taxonomy":"category","embeddable":true,"href":"https:\/\/maxradio923.com.ar\/index.php\/wp-json\/wp\/v2\/categories?post=65500"},{"taxonomy":"post_tag","embeddable":true,"href":"https:\/\/maxradio923.com.ar\/index.php\/wp-json\/wp\/v2\/tags?post=65500"}],"curies":[{"name":"wp","href":"https:\/\/api.w.org\/{rel}","templated":true}]}}