{"id":65498,"date":"2025-12-20T12:43:02","date_gmt":"2025-12-20T15:43:02","guid":{"rendered":"https:\/\/maxradio923.com.ar\/index.php\/2025\/12\/20\/video-dos-delincuentes-cayeron-en-el-subte-tras-robar-un-collar-en-el-microcentro\/"},"modified":"2025-12-20T12:43:02","modified_gmt":"2025-12-20T15:43:02","slug":"video-dos-delincuentes-cayeron-en-el-subte-tras-robar-un-collar-en-el-microcentro","status":"publish","type":"post","link":"https:\/\/maxradio923.com.ar\/index.php\/2025\/12\/20\/video-dos-delincuentes-cayeron-en-el-subte-tras-robar-un-collar-en-el-microcentro\/","title":{"rendered":"Video: dos delincuentes cayeron en el subte tras robar un collar en el Microcentro"},"content":{"rendered":"<p><\/p>\n<h2 class=\"article-subheadline text_align_left\">Los detenidos le hab\u00edan arrebatado el colgante a una mujer. Fueron captados por las c\u00e1maras se seguridad y aprehendidos momentos despu\u00e9s<\/h2>\n<p><\/p>\n<p class=\"paragraph\">Dos <b>delincuentes<\/b> de 18 y 20 a\u00f1os fueron detenidos en una estaci\u00f3n del <b>subte <\/b>de la Ciudad de Buenos Aires luego de que las c\u00e1maras de monitoreo los captaran rob\u00e1ndole a una mujer en pleno <b>Microcentro.<\/b><\/p>\n<p><\/p>\n<p class=\"paragraph\">Tras el robo, escaparon corriendo hacia la boca de la estaci\u00f3n de subte <b>Diagonal Norte,<\/b> de la L\u00ednea C, tal como se observa en el video que encabeza esta nota. El CMU emiti\u00f3 entonces una alerta a la Polic\u00eda de la Ciudad por \u201carrebato\u201d y brind\u00f3 detalles sobre la apariencia de los sospechosos.<\/p>\n<p><\/p>\n<p class=\"paragraph\">Las c\u00e1maras permitieron detectar que los delincuentes se desplazaban hacia uno de los pasillos del nodo Obelisco y localizarlos cuando ingresaban a la estaci\u00f3n 9 de Julio de la L\u00ednea D. <\/p>\n<p><\/p>\n<p class=\"paragraph\">\u201cSon dos masculinos. Uno de ellos: remera blanca, mochila oscura colocada, con bermuda. El otro masculino tiene un gorro oscuro, con detalle rojo en la parte de abajo, remera gris, bermuda clara\u201d, describi\u00f3 el operador en ese momento.<\/p>\n<p><\/p>\n<p class=\"paragraph\">Fue entonces cuando efectivos del Despliegue Intervenciones R\u00e1pidas (DIR) de la Polic\u00eda de la Ciudad interceptaron y detuvieron a los delincuentes en el and\u00e9n. En paralelo, otro m\u00f3vil de la fuerza tom\u00f3 contacto con la v\u00edctima del arrebato para ofrecerle asistencia, confirmaron las fuentes.<\/p>\n<p><\/p>\n<p class=\"paragraph\">\u201cEste es el trabajo que todos los d\u00edas realiza la Polic\u00eda de la Ciudad en la Ciudad. La tecnolog\u00eda aplicada al monitoreo y el personal en calle act\u00faan de manera coordinada\u201d, celebr\u00f3 al respecto el ministro de Seguridad de CABA, Horacio Gim\u00e9nez. <\/p>\n","protected":false},"excerpt":{"rendered":"<p>Los detenidos le hab\u00edan arrebatado el colgante a una mujer. Fueron captados por las c\u00e1maras se seguridad y aprehendidos momentos despu\u00e9s Dos delincuentes de 18 y 20 a\u00f1os fueron detenidos en una estaci\u00f3n del subte de la Ciudad de Buenos Aires luego de que las c\u00e1maras de monitoreo los captaran rob\u00e1ndole a una mujer en [&hellip;]<\/p>\n","protected":false},"author":2,"featured_media":65499,"comment_status":"","ping_status":"","sticky":false,"template":"","format":"standard","meta":{"footnotes":""},"categories":[12],"tags":[],"_links":{"self":[{"href":"https:\/\/maxradio923.com.ar\/index.php\/wp-json\/wp\/v2\/posts\/65498"}],"collection":[{"href":"https:\/\/maxradio923.com.ar\/index.php\/wp-json\/wp\/v2\/posts"}],"about":[{"href":"https:\/\/maxradio923.com.ar\/index.php\/wp-json\/wp\/v2\/types\/post"}],"author":[{"embeddable":true,"href":"https:\/\/maxradio923.com.ar\/index.php\/wp-json\/wp\/v2\/users\/2"}],"replies":[{"embeddable":true,"href":"https:\/\/maxradio923.com.ar\/index.php\/wp-json\/wp\/v2\/comments?post=65498"}],"version-history":[{"count":0,"href":"https:\/\/maxradio923.com.ar\/index.php\/wp-json\/wp\/v2\/posts\/65498\/revisions"}],"wp:featuredmedia":[{"embeddable":true,"href":"https:\/\/maxradio923.com.ar\/index.php\/wp-json\/wp\/v2\/media\/65499"}],"wp:attachment":[{"href":"https:\/\/maxradio923.com.ar\/index.php\/wp-json\/wp\/v2\/media?parent=65498"}],"wp:term":[{"taxonomy":"category","embeddable":true,"href":"https:\/\/maxradio923.com.ar\/index.php\/wp-json\/wp\/v2\/categories?post=65498"},{"taxonomy":"post_tag","embeddable":true,"href":"https:\/\/maxradio923.com.ar\/index.php\/wp-json\/wp\/v2\/tags?post=65498"}],"curies":[{"name":"wp","href":"https:\/\/api.w.org\/{rel}","templated":true}]}}