{"id":65496,"date":"2025-12-20T12:27:03","date_gmt":"2025-12-20T15:27:03","guid":{"rendered":"https:\/\/maxradio923.com.ar\/index.php\/2025\/12\/20\/la-velocidad-de-las-canchas-el-debate-que-sacude-al-tenis-y-promete-mas-polemica-en-2026\/"},"modified":"2025-12-20T12:27:03","modified_gmt":"2025-12-20T15:27:03","slug":"la-velocidad-de-las-canchas-el-debate-que-sacude-al-tenis-y-promete-mas-polemica-en-2026","status":"publish","type":"post","link":"https:\/\/maxradio923.com.ar\/index.php\/2025\/12\/20\/la-velocidad-de-las-canchas-el-debate-que-sacude-al-tenis-y-promete-mas-polemica-en-2026\/","title":{"rendered":"La velocidad de las canchas: el debate que sacude al tenis y promete m\u00e1s pol\u00e9mica en 2026"},"content":{"rendered":"<p><\/p>\n<h2 class=\"article-subheadline text_align_left\">La tendencia a reducir el ritmo de las pistas encendi\u00f3 una interna en el circuito. Muchos sostienen que favorece a los especialistas en resistencia y contragolpe, y que profundizar\u00e1 brecha entre Alcaraz, Sinner y el resto <\/h2>\n<p><\/p>\n<p class=\"paragraph\">El cierre de la temporada dej\u00f3 expuesta una tensi\u00f3n latente que promete profundizarse en 2026: <b>la velocidad de las canchas<\/b>, un factor clave en el desarrollo del juego y en la identidad del tenis moderno. <\/p>\n<p><\/p>\n<p class=\"paragraph\">El cambio se hizo visible tras el \u00faltimo <b>Masters 1000 de Par\u00eds<\/b>. El certamen mud\u00f3 su sede y <b>redujo el CPI de 46,6 puntos registrados en 2024 a 35,1 en 2025<\/b>. La decisi\u00f3n dej\u00f3 las pistas apenas por encima de <b>Shanghai<\/b>, catalogado como el torneo m\u00e1s lento sobre superficie dura.<\/p>\n<p><\/p>\n<p class=\"paragraph\"><b>Alexander Zverev <\/b>fue uno de los primeros en advertirlo p\u00fablicamente y sugiri\u00f3 que la desaceleraci\u00f3n beneficiaba estilos como el de Alcaraz y Sinner. La declaraci\u00f3n encontr\u00f3 eco en varios jugadores franceses, que se sumaron a las cr\u00edticas.<\/p>\n<p><\/p>\n<p class=\"paragraph\">El director del torneo parisino, <b>Cedric Pioline<\/b>, justific\u00f3 la decisi\u00f3n: buscaban emparejar la velocidad con las condiciones del<b> ATP Finals <\/b>para favorecer la transici\u00f3n hacia el torneo que cierra la temporada. Par\u00eds se convirti\u00f3 as\u00ed en un \u201cQueen\u2019s funcional\u201d previo al Masters, pero con una desaceleraci\u00f3n mayor a la prevista: la superficie qued\u00f3 un 25% m\u00e1s lenta.<\/p>\n<p><\/p>\n<p class=\"paragraph\"><b>Roger Federer <\/b>advirti\u00f3 hace a\u00f1os sobre la desaparici\u00f3n de las canchas r\u00e1pidas. El c\u00e9sped, hist\u00f3ricamente el refugio de los jugadores ofensivos, tambi\u00e9n modific\u00f3 su comportamiento. Desde 2001, Wimbledon redujo la altura del corte a no m\u00e1s de 8 mil\u00edmetros y endureci\u00f3 la base, lo que provoc\u00f3 que la pelota pique m\u00e1s sobre la tierra que sobre el pasto.<\/p>\n<p><\/p>\n<p class=\"paragraph\">Algo similar ocurri\u00f3 en <b>Australia <\/b>con el <i>Rebound Ace<\/i> y tambi\u00e9n en la d\u00e9cada del \u201990 con el polvo de ladrillo, cuando se redujo espesor para atraer a especialistas de pistas r\u00e1pidas.<\/p>\n","protected":false},"excerpt":{"rendered":"<p>La tendencia a reducir el ritmo de las pistas encendi\u00f3 una interna en el circuito. Muchos sostienen que favorece a los especialistas en resistencia y contragolpe, y que profundizar\u00e1 brecha entre Alcaraz, Sinner y el resto El cierre de la temporada dej\u00f3 expuesta una tensi\u00f3n latente que promete profundizarse en 2026: la velocidad de las [&hellip;]<\/p>\n","protected":false},"author":2,"featured_media":65497,"comment_status":"","ping_status":"","sticky":false,"template":"","format":"standard","meta":{"footnotes":""},"categories":[12],"tags":[],"_links":{"self":[{"href":"https:\/\/maxradio923.com.ar\/index.php\/wp-json\/wp\/v2\/posts\/65496"}],"collection":[{"href":"https:\/\/maxradio923.com.ar\/index.php\/wp-json\/wp\/v2\/posts"}],"about":[{"href":"https:\/\/maxradio923.com.ar\/index.php\/wp-json\/wp\/v2\/types\/post"}],"author":[{"embeddable":true,"href":"https:\/\/maxradio923.com.ar\/index.php\/wp-json\/wp\/v2\/users\/2"}],"replies":[{"embeddable":true,"href":"https:\/\/maxradio923.com.ar\/index.php\/wp-json\/wp\/v2\/comments?post=65496"}],"version-history":[{"count":0,"href":"https:\/\/maxradio923.com.ar\/index.php\/wp-json\/wp\/v2\/posts\/65496\/revisions"}],"wp:featuredmedia":[{"embeddable":true,"href":"https:\/\/maxradio923.com.ar\/index.php\/wp-json\/wp\/v2\/media\/65497"}],"wp:attachment":[{"href":"https:\/\/maxradio923.com.ar\/index.php\/wp-json\/wp\/v2\/media?parent=65496"}],"wp:term":[{"taxonomy":"category","embeddable":true,"href":"https:\/\/maxradio923.com.ar\/index.php\/wp-json\/wp\/v2\/categories?post=65496"},{"taxonomy":"post_tag","embeddable":true,"href":"https:\/\/maxradio923.com.ar\/index.php\/wp-json\/wp\/v2\/tags?post=65496"}],"curies":[{"name":"wp","href":"https:\/\/api.w.org\/{rel}","templated":true}]}}