{"id":65494,"date":"2025-12-20T12:11:02","date_gmt":"2025-12-20T15:11:02","guid":{"rendered":"https:\/\/maxradio923.com.ar\/index.php\/2025\/12\/20\/cayo-un-nuevo-sospechoso-por-el-triple-femicidio-narco-lo-acusan-de-haber-citado-a-las-victimas-a-la-casa-donde-las-mataron\/"},"modified":"2025-12-20T12:11:02","modified_gmt":"2025-12-20T15:11:02","slug":"cayo-un-nuevo-sospechoso-por-el-triple-femicidio-narco-lo-acusan-de-haber-citado-a-las-victimas-a-la-casa-donde-las-mataron","status":"publish","type":"post","link":"https:\/\/maxradio923.com.ar\/index.php\/2025\/12\/20\/cayo-un-nuevo-sospechoso-por-el-triple-femicidio-narco-lo-acusan-de-haber-citado-a-las-victimas-a-la-casa-donde-las-mataron\/","title":{"rendered":"Cay\u00f3 un nuevo sospechoso por el triple femicidio narco: lo acusan de haber citado a las v\u00edctimas a la casa donde las mataron"},"content":{"rendered":"<p><\/p>\n<h2 class=\"article-subheadline text_align_left\">Se trata de un hombre de 42 a\u00f1os, investigado por planificar el homicidio de Lara Guti\u00e9rrez, Morena Verdi y Brenda del Castillo. Ya son 12 los detenidos en la causa<\/h2>\n<p><\/p>\n<p class=\"paragraph\">A tres meses del <b>triple femicidio narco <\/b>de <b>Florencio Varela<\/b>, las autoridades detuvieron en las \u00faltimas horas al sospechoso n\u00famero 12 de la causa. Se trata de <b>Bernab\u00e9 Jes\u00fas Mallon, de 42 a\u00f1os<\/b>, quien era buscado por su presuntamente formar parte de la banda que planific\u00f3 los asesinatos de <b>Lara Guti\u00e9rrez<\/b> (15), <b>Morena Verdi<\/b> (20) y <b>Brenda del Castillo<\/b> (20). Seg\u00fan confirmaron fuentes del caso a Infobae, <b>Mallon<\/b> habr\u00eda mantenido un encuentro con la menor de las v\u00edctimas pocas horas antes del crimen y los investigadores consideran que tuvo un rol relevante en la organizaci\u00f3n del hecho.<\/p>\n<p><\/p>\n<p class=\"paragraph\">La reuni\u00f3n habr\u00eda servido para definir los \u00faltimos detalles de la planificaci\u00f3n del triple crimen y, seg\u00fan los investigadores, fue <b>Mallon<\/b> quien cit\u00f3 a <b>Lara Guti\u00e9rrez<\/b> con la promesa de una fiesta en una vivienda de <b>Florencio Varela<\/b> y el pago de <b>300 d\u00f3lares para cada una de las chicas<\/b>.<\/p>\n<p><\/p>\n<p class=\"paragraph\">Para contextualizar, las v\u00edctimas desaparecieron el 19 de septiembre de 2025 tras subirse a una Chevrolet Tracker blanca, ubicada luego calcinada en un descampado. D\u00edas despu\u00e9s, sus cuerpos fueron hallados enterrados en una casa de Villa Vatteone. La pista de los celulares y los an\u00e1lisis de c\u00e1maras de seguridad permitieron reconstruir c\u00f3mo se realiz\u00f3 el secuestro y posterior asesinato.<\/p>\n<p><\/p>\n<p class=\"paragraph\">Bernab\u00e9 Jes\u00fas Mallon siempre estuvo en mira de los investigadores, quienes implementaron desde el principio distintas estrategias para seguirle el rastro. Desde un primer momento, los detectives analizaron grabaciones de c\u00e1maras de seguridad y revisaron llamadas telef\u00f3nicas, adem\u00e1s de hacer seguimientos en la calle de forma encubierta.<\/p>\n<p><\/p>\n<p class=\"paragraph\">As\u00ed lograron identificar a Mallon, quien ten\u00eda antecedentes y manten\u00eda una supuesta relaci\u00f3n comercial con uno de los principales implicados en la causa. Los investigadores comprobaron que <b>ese v\u00ednculo comercial era solo una fachada <\/b>para encubrir actividades ligadas a la venta de drogas y que el ahora detenido ten\u00eda un papel importante dentro del grupo.<\/p>\n<p><\/p>\n<p class=\"paragraph\">El 5 de diciembre de 2025, Mallon se present\u00f3 ante la justicia y fue interrogado. Durante la declaraci\u00f3n, <b>neg\u00f3 conocer a uno de los principales investigados, evit\u00f3 dar su n\u00famero de tel\u00e9fono <\/b>y cay\u00f3 en contradicciones ante preguntas sobre hechos que ya estaban comprobados. Su actitud nerviosa y las respuestas poco firmes reforzaron las sospechas en su contra.<\/p>\n","protected":false},"excerpt":{"rendered":"<p>Se trata de un hombre de 42 a\u00f1os, investigado por planificar el homicidio de Lara Guti\u00e9rrez, Morena Verdi y Brenda del Castillo. Ya son 12 los detenidos en la causa A tres meses del triple femicidio narco de Florencio Varela, las autoridades detuvieron en las \u00faltimas horas al sospechoso n\u00famero 12 de la causa. Se [&hellip;]<\/p>\n","protected":false},"author":2,"featured_media":65495,"comment_status":"","ping_status":"","sticky":false,"template":"","format":"standard","meta":{"footnotes":""},"categories":[12],"tags":[],"_links":{"self":[{"href":"https:\/\/maxradio923.com.ar\/index.php\/wp-json\/wp\/v2\/posts\/65494"}],"collection":[{"href":"https:\/\/maxradio923.com.ar\/index.php\/wp-json\/wp\/v2\/posts"}],"about":[{"href":"https:\/\/maxradio923.com.ar\/index.php\/wp-json\/wp\/v2\/types\/post"}],"author":[{"embeddable":true,"href":"https:\/\/maxradio923.com.ar\/index.php\/wp-json\/wp\/v2\/users\/2"}],"replies":[{"embeddable":true,"href":"https:\/\/maxradio923.com.ar\/index.php\/wp-json\/wp\/v2\/comments?post=65494"}],"version-history":[{"count":0,"href":"https:\/\/maxradio923.com.ar\/index.php\/wp-json\/wp\/v2\/posts\/65494\/revisions"}],"wp:featuredmedia":[{"embeddable":true,"href":"https:\/\/maxradio923.com.ar\/index.php\/wp-json\/wp\/v2\/media\/65495"}],"wp:attachment":[{"href":"https:\/\/maxradio923.com.ar\/index.php\/wp-json\/wp\/v2\/media?parent=65494"}],"wp:term":[{"taxonomy":"category","embeddable":true,"href":"https:\/\/maxradio923.com.ar\/index.php\/wp-json\/wp\/v2\/categories?post=65494"},{"taxonomy":"post_tag","embeddable":true,"href":"https:\/\/maxradio923.com.ar\/index.php\/wp-json\/wp\/v2\/tags?post=65494"}],"curies":[{"name":"wp","href":"https:\/\/api.w.org\/{rel}","templated":true}]}}