{"id":65488,"date":"2025-12-20T11:39:02","date_gmt":"2025-12-20T14:39:02","guid":{"rendered":"https:\/\/maxradio923.com.ar\/index.php\/2025\/12\/20\/nuevo-esquema-cambiario-segun-daniel-artana-el-gobierno-corrigio-un-error-y-eso-es-positivo\/"},"modified":"2025-12-20T11:39:02","modified_gmt":"2025-12-20T14:39:02","slug":"nuevo-esquema-cambiario-segun-daniel-artana-el-gobierno-corrigio-un-error-y-eso-es-positivo","status":"publish","type":"post","link":"https:\/\/maxradio923.com.ar\/index.php\/2025\/12\/20\/nuevo-esquema-cambiario-segun-daniel-artana-el-gobierno-corrigio-un-error-y-eso-es-positivo\/","title":{"rendered":"Nuevo esquema cambiario: seg\u00fan Daniel Artana, \u201cel gobierno corrigi\u00f3 un error, y eso es positivo\u201d"},"content":{"rendered":"<p><\/p>\n<h2 class=\"article-subheadline text_align_left\">El economista de FIEL diferenci\u00f3 el esquema de la \u201cTablita\u201d de Mart\u00ednez de Hoz y asegur\u00f3 que luego de la inflaci\u00f3n de enero, la tasa mensual ir\u00eda a la baja. Se corrigi\u00f3 una debilidad en la acumulaci\u00f3n de reservas, explic\u00f3<\/h2>\n<p><\/p>\n<p class=\"paragraph\"><b>Daniel Artana<\/b>, economista de la Fundaci\u00f3n de Investigaciones Econ\u00f3micas Latinoamericanas (FIEL), uno de los centros de estudios m\u00e1s tradicionales de la Argentina, se\u00f1al\u00f3 este s\u00e1bado que la decisi\u00f3n del gobierno de empezar desde enero a ajustar el piso y el techo de la \u201cbanda cambiaria\u201d y que el Banco Central (BCRA) empiece a comprar d\u00f3lares y acumular reservas en funci\u00f3n de la \u201cremonetizaci\u00f3n\u201d de la econom\u00eda son medidas positivas pues \u201ccorrigen un error\u201d de la pol\u00edtica cambiaria aplicada hasta ahora. <\/p>\n<p><\/p>\n<p class=\"paragraph\">\u201cEsto va corrigiendo una debilidad, porque las reservas son una especie de seguro anticrisis, que la Argentina ven\u00eda reemplazando con el swap acordado con Estados Unidos\u201d, dijo Artana. <\/p>\n<p><\/p>\n<p class=\"paragraph\">\u201cHay que tener un criterio para corregir la banda cambiaria. Ante era un n\u00famero fijo (el 1% mensual) ahora ser\u00e1 la inflaci\u00f3n\u201d. Eso puede generar inicialmente alguna inercia inflacionaria, reconoci\u00f3 Artana, pero tambi\u00e9n genera una \u201cefecto confianza\u201d por lo cual \u201csi se corrige una debilidad, es algo positivo\u201d. <\/p>\n<p><\/p>\n<p class=\"paragraph\">En cuanto al riesgo de que el nuevo esquema indexatorio le ponga \u201cun piso\u201d a la inflaci\u00f3n, Artana lo enmarc\u00f3 en t\u00e9rminos de la estacionalidad de la econom\u00eda. La inflaci\u00f3n de enero es estacionalmente alta, explic\u00f3, pero a su vez record\u00f3 que la econom\u00eda estaba convergiendo hacia el 1,5% mensual hasta que \u201cse dio vuelta\u201d en la previa electoral, que la coloc\u00f3 otra vez por arriba del 2% por mes. <\/p>\n<p><\/p>\n<p class=\"paragraph\">\u201cEso se deber\u00eda corregir m\u00e1s adelante. En enero vas a partir con el valor m\u00e1s alto del 2027. Eso es bastante probable. No creo que haya inflaciones de 3 o 4%. Lo que s\u00ed puede ocurrir es que la baja (de la inflaci\u00f3n) sea m\u00e1s lenta. Lo m\u00e1s probable es que la inflaci\u00f3n a partir del 2,5% mensual vaya para abajo\u201d, vaticin\u00f3 el economista. <\/p>\n<p><\/p>\n<p class=\"paragraph\">Cuando se le se\u00f1al\u00f3 el cambio de prioridad o criterio del gobierno, que de bajar la inflaci\u00f3n vir\u00f3 hacia la acumulaci\u00f3n de reservas, Artana volvi\u00f3 sobre sus conceptos iniciales. \u201cUno de los problemas del programa era que no acumulaba reservas. Yo veo positivo corregir una posici\u00f3n que no era la m\u00e1s razonable. Si alguien corrige un error, me parece positivo. Y lo hicieron relativamente r\u00e1pido\u201d, concluy\u00f3. <\/p>\n","protected":false},"excerpt":{"rendered":"<p>El economista de FIEL diferenci\u00f3 el esquema de la \u201cTablita\u201d de Mart\u00ednez de Hoz y asegur\u00f3 que luego de la inflaci\u00f3n de enero, la tasa mensual ir\u00eda a la baja. Se corrigi\u00f3 una debilidad en la acumulaci\u00f3n de reservas, explic\u00f3 Daniel Artana, economista de la Fundaci\u00f3n de Investigaciones Econ\u00f3micas Latinoamericanas (FIEL), uno de los centros [&hellip;]<\/p>\n","protected":false},"author":2,"featured_media":65489,"comment_status":"","ping_status":"","sticky":false,"template":"","format":"standard","meta":{"footnotes":""},"categories":[12],"tags":[],"_links":{"self":[{"href":"https:\/\/maxradio923.com.ar\/index.php\/wp-json\/wp\/v2\/posts\/65488"}],"collection":[{"href":"https:\/\/maxradio923.com.ar\/index.php\/wp-json\/wp\/v2\/posts"}],"about":[{"href":"https:\/\/maxradio923.com.ar\/index.php\/wp-json\/wp\/v2\/types\/post"}],"author":[{"embeddable":true,"href":"https:\/\/maxradio923.com.ar\/index.php\/wp-json\/wp\/v2\/users\/2"}],"replies":[{"embeddable":true,"href":"https:\/\/maxradio923.com.ar\/index.php\/wp-json\/wp\/v2\/comments?post=65488"}],"version-history":[{"count":0,"href":"https:\/\/maxradio923.com.ar\/index.php\/wp-json\/wp\/v2\/posts\/65488\/revisions"}],"wp:featuredmedia":[{"embeddable":true,"href":"https:\/\/maxradio923.com.ar\/index.php\/wp-json\/wp\/v2\/media\/65489"}],"wp:attachment":[{"href":"https:\/\/maxradio923.com.ar\/index.php\/wp-json\/wp\/v2\/media?parent=65488"}],"wp:term":[{"taxonomy":"category","embeddable":true,"href":"https:\/\/maxradio923.com.ar\/index.php\/wp-json\/wp\/v2\/categories?post=65488"},{"taxonomy":"post_tag","embeddable":true,"href":"https:\/\/maxradio923.com.ar\/index.php\/wp-json\/wp\/v2\/tags?post=65488"}],"curies":[{"name":"wp","href":"https:\/\/api.w.org\/{rel}","templated":true}]}}